{"id":86701,"date":"2018-06-07T05:05:52","date_gmt":"2018-06-07T09:05:52","guid":{"rendered":"http:\/\/www.eltrabajo.cl\/2017\/?p=86701"},"modified":"2018-06-07T05:05:52","modified_gmt":"2018-06-07T09:05:52","slug":"iniciaran-intervencion-en-calle-prat-para-construir-nuevo-tramo-de-boulevard","status":"publish","type":"post","link":"https:\/\/eltrabajo.cl\/portal\/iniciaran-intervencion-en-calle-prat-para-construir-nuevo-tramo-de-boulevard\/","title":{"rendered":"Iniciar\u00e1n intervenci\u00f3n en calle Prat para construir nuevo tramo de boulevard"},"content":{"rendered":"<figure id=\"attachment_86703\" aria-describedby=\"caption-attachment-86703\" style=\"width: 580px\" class=\"wp-caption alignnone\"><img data-recalc-dims=\"1\" loading=\"lazy\" decoding=\"async\" class=\"size-full wp-image-86703\" src=\"https:\/\/i0.wp.com\/www.eltrabajo.cl\/portal\/wp-content\/uploads\/2018\/06\/cortes-salinas.jpg?resize=580%2C365\" alt=\"La buena noticia es que el mismo lunes 11 se abrir\u00e1 el paso semi peatonal de calle Salinas, entre Prat y Santo Domingo, donde ser\u00eda sumamente importante que la Municipalidad restrinja dr\u00e1sticamente la velocidad de los veh\u00edculos.\" width=\"580\" height=\"365\" srcset=\"https:\/\/i0.wp.com\/eltrabajo.cl\/portal\/wp-content\/uploads\/2018\/06\/cortes-salinas.jpg?w=580&amp;ssl=1 580w, https:\/\/i0.wp.com\/eltrabajo.cl\/portal\/wp-content\/uploads\/2018\/06\/cortes-salinas.jpg?resize=200%2C126&amp;ssl=1 200w, https:\/\/i0.wp.com\/eltrabajo.cl\/portal\/wp-content\/uploads\/2018\/06\/cortes-salinas.jpg?resize=300%2C189&amp;ssl=1 300w, https:\/\/i0.wp.com\/eltrabajo.cl\/portal\/wp-content\/uploads\/2018\/06\/cortes-salinas.jpg?resize=238%2C150&amp;ssl=1 238w, https:\/\/i0.wp.com\/eltrabajo.cl\/portal\/wp-content\/uploads\/2018\/06\/cortes-salinas.jpg?resize=400%2C252&amp;ssl=1 400w\" sizes=\"auto, (max-width: 580px) 100vw, 580px\" \/><figcaption id=\"caption-attachment-86703\" class=\"wp-caption-text\">La buena noticia es que el mismo lunes 11 se abrir\u00e1 el paso semi peatonal de calle Salinas, entre Prat y Santo Domingo, donde ser\u00eda sumamente importante que la Municipalidad restrinja dr\u00e1sticamente la velocidad de los veh\u00edculos.<\/figcaption><\/figure>\n<ul>\n<li><strong><span style=\"color: #ff0000;\">Desde Yungay a Las Coimas durante 180 d\u00edas:\u00a0<\/span>La construcci\u00f3n se realizar\u00e1 en tres tramos para evitar complicaciones de tr\u00e1nsito. Adem\u00e1s, la empresa constructora comprometi\u00f3 apertura de calle Salinas, entre Santo Domingo y Prat.<\/strong><\/li>\n<\/ul>\n<p>A partir de este lunes 11 de junio se iniciar\u00e1 la intervenci\u00f3n m\u00e1s extensa para la construcci\u00f3n del nuevo tramo de los boulevards en calle Prat, que comprenden desde Avenida Yungay hasta Combate de Las Coimas y que tendr\u00e1n una duraci\u00f3n de 180 d\u00edas.<br \/>\nEstas obras forman parte del Plan Maestro de Gesti\u00f3n de Tr\u00e1nsito y viene a finalizar la construcci\u00f3n de estos pasos semipeatonales en la comuna, dando paso a la etapa de semaforizaci\u00f3n que a la fecha alcanza un 40% de avance.<br \/>\nPor ello, y para evitar mayores inconvenientes en la comunidad, el municipio dispuso que los trabajos se desarrollar\u00e1n en tres tramos; el primero comenzar\u00e1 este lunes, con la intervenci\u00f3n de Prat desde Yungay hasta Toromazote, permitiendo el tr\u00e1nsito vehicular por esta \u00faltima arteria. Posteriormente, el lunes 18 de junio, iniciar\u00e1n los trabajos en el tramo de Toromazote y Portus, y finalmente, el lunes 25 de junio, entre Portus y Combate de Las Coimas.<br \/>\nAs\u00ed lo afirm\u00f3 Rodrigo Salinas, Asesor Urbanista de la Municipalidad de San Felipe, quien se\u00f1al\u00f3 que \u00abal proyecto de Plan Maestro de Gesti\u00f3n de Tr\u00e1nsito a\u00fan le quedan obras en calle Prat por los paseos semipeatonales. Por ello, dispusimos que los cortes de calles se realizar\u00e1n en tres tramos (\u2026) Hemos dispuesto que cada tramo tenga una duraci\u00f3n de 60 d\u00edas, por lo que llegaremos con obras hasta el mes de agosto, lo que significar\u00eda que para septiembre ya no habr\u00edan trabajos\u00bb, afirm\u00f3.<br \/>\nAsimismo, Salinas aclar\u00f3 que la empresa constructora se comprometi\u00f3 a que el mismo lunes 11 de junio dar\u00edan tr\u00e1nsito en calle Salinas y dos semanas despu\u00e9s, ocurrir\u00eda lo mismo en Combate de Las Coimas. \u00abCon esto, para el mes de agosto, ya estar\u00edamos con el 100% de las obras ejecutadas en lo que corresponde a pavimentos nuevos, como calzadas, ciclov\u00edas y veredas\u00bb, afirm\u00f3.<br \/>\nLa informaci\u00f3n est\u00e1 disponible en la p\u00e1gina web (www.munisanfelipe.cl) y redes sociales (twitter: @munisanfelipe y facebook: @munisanfelipe) de la Municipalidad de San Felipe.<\/p>\n<figure id=\"attachment_86702\" aria-describedby=\"caption-attachment-86702\" style=\"width: 579px\" class=\"wp-caption alignnone\"><img data-recalc-dims=\"1\" loading=\"lazy\" decoding=\"async\" class=\"size-full wp-image-86702\" src=\"https:\/\/i0.wp.com\/www.eltrabajo.cl\/portal\/wp-content\/uploads\/2018\/06\/cortes-prat-junio.jpg?resize=579%2C350\" alt=\"Durante seis meses, en tres tramos de dos meses cada uno, se estar\u00e1n desarrollando los trabajos en calle Prat, de acuerdo a este programa.\" width=\"579\" height=\"350\" srcset=\"https:\/\/i0.wp.com\/eltrabajo.cl\/portal\/wp-content\/uploads\/2018\/06\/cortes-prat-junio.jpg?w=579&amp;ssl=1 579w, https:\/\/i0.wp.com\/eltrabajo.cl\/portal\/wp-content\/uploads\/2018\/06\/cortes-prat-junio.jpg?resize=200%2C121&amp;ssl=1 200w, https:\/\/i0.wp.com\/eltrabajo.cl\/portal\/wp-content\/uploads\/2018\/06\/cortes-prat-junio.jpg?resize=300%2C181&amp;ssl=1 300w, https:\/\/i0.wp.com\/eltrabajo.cl\/portal\/wp-content\/uploads\/2018\/06\/cortes-prat-junio.jpg?resize=248%2C150&amp;ssl=1 248w, https:\/\/i0.wp.com\/eltrabajo.cl\/portal\/wp-content\/uploads\/2018\/06\/cortes-prat-junio.jpg?resize=400%2C242&amp;ssl=1 400w\" sizes=\"auto, (max-width: 579px) 100vw, 579px\" \/><figcaption id=\"caption-attachment-86702\" class=\"wp-caption-text\">Durante seis meses, en tres tramos de dos meses cada uno, se estar\u00e1n desarrollando los trabajos en calle Prat, de acuerdo a este programa.<\/figcaption><\/figure>\n","protected":false},"excerpt":{"rendered":"<p>Desde Yungay a Las Coimas durante 180 d\u00edas:\u00a0La construcci\u00f3n se realizar\u00e1 en tres tramos para evitar complicaciones de tr\u00e1nsito. Adem\u00e1s, la empresa constructora comprometi\u00f3 apertura de calle Salinas, entre Santo Domingo y&#8230;<\/p>\n","protected":false},"author":1,"featured_media":86702,"comment_status":"open","ping_status":"open","sticky":false,"template":"","format":"standard","meta":{"advanced_seo_description":"","jetpack_seo_html_title":"","jetpack_seo_noindex":false,"_jetpack_memberships_contains_paid_content":false,"footnotes":""},"categories":[1],"tags":[],"class_list":["post-86701","post","type-post","status-publish","format-standard","has-post-thumbnail","hentry","category-cronica"],"jetpack_featured_media_url":"https:\/\/i0.wp.com\/eltrabajo.cl\/portal\/wp-content\/uploads\/2018\/06\/cortes-prat-junio.jpg?fit=579%2C350&ssl=1","jetpack_sharing_enabled":true,"jetpack_likes_enabled":true,"jetpack-related-posts":[],"_links":{"self":[{"href":"https:\/\/eltrabajo.cl\/portal\/wp-json\/wp\/v2\/posts\/86701","targetHints":{"allow":["GET"]}}],"collection":[{"href":"https:\/\/eltrabajo.cl\/portal\/wp-json\/wp\/v2\/posts"}],"about":[{"href":"https:\/\/eltrabajo.cl\/portal\/wp-json\/wp\/v2\/types\/post"}],"author":[{"embeddable":true,"href":"https:\/\/eltrabajo.cl\/portal\/wp-json\/wp\/v2\/users\/1"}],"replies":[{"embeddable":true,"href":"https:\/\/eltrabajo.cl\/portal\/wp-json\/wp\/v2\/comments?post=86701"}],"version-history":[{"count":0,"href":"https:\/\/eltrabajo.cl\/portal\/wp-json\/wp\/v2\/posts\/86701\/revisions"}],"wp:featuredmedia":[{"embeddable":true,"href":"https:\/\/eltrabajo.cl\/portal\/wp-json\/wp\/v2\/media\/86702"}],"wp:attachment":[{"href":"https:\/\/eltrabajo.cl\/portal\/wp-json\/wp\/v2\/media?parent=86701"}],"wp:term":[{"taxonomy":"category","embeddable":true,"href":"https:\/\/eltrabajo.cl\/portal\/wp-json\/wp\/v2\/categories?post=86701"},{"taxonomy":"post_tag","embeddable":true,"href":"https:\/\/eltrabajo.cl\/portal\/wp-json\/wp\/v2\/tags?post=86701"}],"curies":[{"name":"wp","href":"https:\/\/api.w.org\/{rel}","templated":true}]}}