{"id":86705,"date":"2018-06-07T05:06:36","date_gmt":"2018-06-07T09:06:36","guid":{"rendered":"http:\/\/www.eltrabajo.cl\/2017\/?p=86705"},"modified":"2018-06-07T05:06:36","modified_gmt":"2018-06-07T09:06:36","slug":"ladron-le-quita-el-arma-a-un-carabinero-y-los-enfrenta-a-balazos","status":"publish","type":"post","link":"https:\/\/eltrabajo.cl\/portal\/ladron-le-quita-el-arma-a-un-carabinero-y-los-enfrenta-a-balazos\/","title":{"rendered":"Ladr\u00f3n le quita el arma a un carabinero y los enfrenta a balazos"},"content":{"rendered":"<figure id=\"attachment_86706\" aria-describedby=\"caption-attachment-86706\" style=\"width: 580px\" class=\"wp-caption alignnone\"><img data-recalc-dims=\"1\" loading=\"lazy\" decoding=\"async\" class=\"size-full wp-image-86706\" src=\"https:\/\/i0.wp.com\/www.eltrabajo.cl\/portal\/wp-content\/uploads\/2018\/06\/Arma1.jpg?resize=580%2C382\" alt=\"CON SU PROPIA ARMA.- En cuesti\u00f3n de segundos el carabinero qued\u00f3 desarmado y tuvo que buscar refugio junto a sus compa\u00f1eros uniformados de los balazos hechos por el delincuente.(Referencial)\" width=\"580\" height=\"382\" srcset=\"https:\/\/i0.wp.com\/eltrabajo.cl\/portal\/wp-content\/uploads\/2018\/06\/Arma1.jpg?w=580&amp;ssl=1 580w, https:\/\/i0.wp.com\/eltrabajo.cl\/portal\/wp-content\/uploads\/2018\/06\/Arma1.jpg?resize=200%2C132&amp;ssl=1 200w, https:\/\/i0.wp.com\/eltrabajo.cl\/portal\/wp-content\/uploads\/2018\/06\/Arma1.jpg?resize=300%2C198&amp;ssl=1 300w, https:\/\/i0.wp.com\/eltrabajo.cl\/portal\/wp-content\/uploads\/2018\/06\/Arma1.jpg?resize=228%2C150&amp;ssl=1 228w, https:\/\/i0.wp.com\/eltrabajo.cl\/portal\/wp-content\/uploads\/2018\/06\/Arma1.jpg?resize=400%2C263&amp;ssl=1 400w\" sizes=\"auto, (max-width: 580px) 100vw, 580px\" \/><figcaption id=\"caption-attachment-86706\" class=\"wp-caption-text\">CON SU PROPIA ARMA.- En cuesti\u00f3n de segundos el carabinero qued\u00f3 desarmado y tuvo que buscar refugio junto a sus compa\u00f1eros uniformados de los balazos hechos por el delincuente.(Referencial)<\/figcaption><\/figure>\n<p><strong>RINCONADA.-<\/strong> De nada le sirvi\u00f3 a un carabinero andino todo su entrenamiento para poder someter a un ladr\u00f3n de paltas ayer en horas de la ma\u00f1ana en la comuna de Rinconada. Lamentablemente as\u00ed qued\u00f3 demostrado luego que un delincuente que fuera sorprendido robando paltas al interior de un predio agr\u00edcola, se enfrentara al funcionario policial y tras un forcejeo sorpresivamente logr\u00f3 quitarle el arma al uniformado y darse a la fuga.<br \/>\nConforme a los antecedentes preliminares, a eso de las 7:00 horas se dio aviso a un carro de la Tenencia de esa comuna, alertando sobre la presencia de desconocidos que sustra\u00edan paltas desde un predio ubicado en el sector de Las Bandurrias. De inmediato el personal se dirigi\u00f3 hasta el lugar sorprendiendo a un sujeto que llevaba un saco de paltas al hombro.<br \/>\nAl acercarse a fiscalizarlo, el antisocial se abalanz\u00f3 sobre uno de los carabineros, produci\u00e9ndose un forcejeo, momento en el cual el ladr\u00f3n le arrebat\u00f3 el arma de servicio al funcionario. Tras ello, el sujeto se dio a la fuga por el mismo predio, pero al ver que era seguido por los Carabineros efectu\u00f3 al menos dos disparos, los cuales fueron repelidos por los uniformados con sus armas de servicio.<br \/>\nTras el intercambio de disparos el antisocial continu\u00f3 escapando, arrojando el arma que le quit\u00f3 al carabinero en alg\u00fan punto del potrero. Finalmente el sujeto fue detenido y trasladado hasta dependencia de la Tenencia de Rinconada, mientras que se contin\u00faa con la b\u00fasqueda del arma sustra\u00edda al funcionario policial.<\/p>\n","protected":false},"excerpt":{"rendered":"<p>RINCONADA.- De nada le sirvi\u00f3 a un carabinero andino todo su entrenamiento para poder someter a un ladr\u00f3n de paltas ayer en horas de la ma\u00f1ana en la comuna de Rinconada. Lamentablemente&#8230;<\/p>\n","protected":false},"author":1,"featured_media":86706,"comment_status":"open","ping_status":"open","sticky":false,"template":"","format":"standard","meta":{"advanced_seo_description":"","jetpack_seo_html_title":"","jetpack_seo_noindex":false,"_jetpack_memberships_contains_paid_content":false,"footnotes":""},"categories":[21],"tags":[],"class_list":["post-86705","post","type-post","status-publish","format-standard","has-post-thumbnail","hentry","category-policial"],"jetpack_featured_media_url":"https:\/\/i0.wp.com\/eltrabajo.cl\/portal\/wp-content\/uploads\/2018\/06\/Arma1.jpg?fit=580%2C382&ssl=1","jetpack_sharing_enabled":true,"jetpack_likes_enabled":true,"jetpack-related-posts":[],"_links":{"self":[{"href":"https:\/\/eltrabajo.cl\/portal\/wp-json\/wp\/v2\/posts\/86705","targetHints":{"allow":["GET"]}}],"collection":[{"href":"https:\/\/eltrabajo.cl\/portal\/wp-json\/wp\/v2\/posts"}],"about":[{"href":"https:\/\/eltrabajo.cl\/portal\/wp-json\/wp\/v2\/types\/post"}],"author":[{"embeddable":true,"href":"https:\/\/eltrabajo.cl\/portal\/wp-json\/wp\/v2\/users\/1"}],"replies":[{"embeddable":true,"href":"https:\/\/eltrabajo.cl\/portal\/wp-json\/wp\/v2\/comments?post=86705"}],"version-history":[{"count":0,"href":"https:\/\/eltrabajo.cl\/portal\/wp-json\/wp\/v2\/posts\/86705\/revisions"}],"wp:featuredmedia":[{"embeddable":true,"href":"https:\/\/eltrabajo.cl\/portal\/wp-json\/wp\/v2\/media\/86706"}],"wp:attachment":[{"href":"https:\/\/eltrabajo.cl\/portal\/wp-json\/wp\/v2\/media?parent=86705"}],"wp:term":[{"taxonomy":"category","embeddable":true,"href":"https:\/\/eltrabajo.cl\/portal\/wp-json\/wp\/v2\/categories?post=86705"},{"taxonomy":"post_tag","embeddable":true,"href":"https:\/\/eltrabajo.cl\/portal\/wp-json\/wp\/v2\/tags?post=86705"}],"curies":[{"name":"wp","href":"https:\/\/api.w.org\/{rel}","templated":true}]}}