{"id":86709,"date":"2018-06-08T05:00:59","date_gmt":"2018-06-08T09:00:59","guid":{"rendered":"http:\/\/www.eltrabajo.cl\/2017\/?p=86709"},"modified":"2018-06-08T05:00:59","modified_gmt":"2018-06-08T09:00:59","slug":"con-nuevo-record-sudamericano-natalia-duco-gana-oro-en-los-odesur","status":"publish","type":"post","link":"https:\/\/eltrabajo.cl\/portal\/con-nuevo-record-sudamericano-natalia-duco-gana-oro-en-los-odesur\/","title":{"rendered":"Con nuevo r\u00e9cord Sudamericano Natalia Duc\u00f3 gana Oro en los Odesur"},"content":{"rendered":"<figure id=\"attachment_86710\" aria-describedby=\"caption-attachment-86710\" style=\"width: 580px\" class=\"wp-caption alignnone\"><img data-recalc-dims=\"1\" loading=\"lazy\" decoding=\"async\" class=\"size-full wp-image-86710\" src=\"https:\/\/i0.wp.com\/www.eltrabajo.cl\/portal\/wp-content\/uploads\/2018\/06\/duc%C3%B3.jpg?resize=580%2C400\" alt=\"Natalia Duc\u00f3 con nuevo r\u00e9cord sudamericano de por medio se convirti\u00f3 en tetracampeona de los Juegos Odesur.\" width=\"580\" height=\"400\" srcset=\"https:\/\/i0.wp.com\/eltrabajo.cl\/portal\/wp-content\/uploads\/2018\/06\/duc%C3%B3.jpg?w=580&amp;ssl=1 580w, https:\/\/i0.wp.com\/eltrabajo.cl\/portal\/wp-content\/uploads\/2018\/06\/duc%C3%B3.jpg?resize=200%2C138&amp;ssl=1 200w, https:\/\/i0.wp.com\/eltrabajo.cl\/portal\/wp-content\/uploads\/2018\/06\/duc%C3%B3.jpg?resize=300%2C207&amp;ssl=1 300w, https:\/\/i0.wp.com\/eltrabajo.cl\/portal\/wp-content\/uploads\/2018\/06\/duc%C3%B3.jpg?resize=218%2C150&amp;ssl=1 218w, https:\/\/i0.wp.com\/eltrabajo.cl\/portal\/wp-content\/uploads\/2018\/06\/duc%C3%B3.jpg?resize=400%2C276&amp;ssl=1 400w\" sizes=\"auto, (max-width: 580px) 100vw, 580px\" \/><figcaption id=\"caption-attachment-86710\" class=\"wp-caption-text\">Natalia Duc\u00f3 con nuevo r\u00e9cord sudamericano de por medio se convirti\u00f3 en tetracampeona de los Juegos Odesur.<\/figcaption><\/figure>\n<p>Con un lanzamiento de 18,15 metros, la lanzadora sanfelipe\u00f1a Natalia Duc\u00f3 se impuso ayer en el lanzamiento de la Bala femenina, imponiendo de paso un nuevo r\u00e9cord Sudamericano, adem\u00e1s de convertirse en tetracampeona de los Odesur, toda una marca en el atletismo y deporte nacional.<br \/>\nGracias a su extraordinaria actuaci\u00f3n de ayer, Natalia Duc\u00f3 entreg\u00f3 la medalla n\u00famero 34 al team Chile, en la actual versi\u00f3n de los Juegos Odesur que tiene su sede en la ciudad de Cochabamba en Bolivia.<\/p>\n","protected":false},"excerpt":{"rendered":"<p>Con un lanzamiento de 18,15 metros, la lanzadora sanfelipe\u00f1a Natalia Duc\u00f3 se impuso ayer en el lanzamiento de la Bala femenina, imponiendo de paso un nuevo r\u00e9cord Sudamericano, adem\u00e1s de convertirse en&#8230;<\/p>\n","protected":false},"author":1,"featured_media":86710,"comment_status":"open","ping_status":"open","sticky":false,"template":"","format":"standard","meta":{"advanced_seo_description":"","jetpack_seo_html_title":"","jetpack_seo_noindex":false,"_jetpack_memberships_contains_paid_content":false,"footnotes":""},"categories":[19],"tags":[],"class_list":["post-86709","post","type-post","status-publish","format-standard","has-post-thumbnail","hentry","category-deportes"],"jetpack_featured_media_url":"https:\/\/i0.wp.com\/eltrabajo.cl\/portal\/wp-content\/uploads\/2018\/06\/duc%C3%B3.jpg?fit=580%2C400&ssl=1","jetpack_sharing_enabled":true,"jetpack_likes_enabled":true,"jetpack-related-posts":[],"_links":{"self":[{"href":"https:\/\/eltrabajo.cl\/portal\/wp-json\/wp\/v2\/posts\/86709","targetHints":{"allow":["GET"]}}],"collection":[{"href":"https:\/\/eltrabajo.cl\/portal\/wp-json\/wp\/v2\/posts"}],"about":[{"href":"https:\/\/eltrabajo.cl\/portal\/wp-json\/wp\/v2\/types\/post"}],"author":[{"embeddable":true,"href":"https:\/\/eltrabajo.cl\/portal\/wp-json\/wp\/v2\/users\/1"}],"replies":[{"embeddable":true,"href":"https:\/\/eltrabajo.cl\/portal\/wp-json\/wp\/v2\/comments?post=86709"}],"version-history":[{"count":0,"href":"https:\/\/eltrabajo.cl\/portal\/wp-json\/wp\/v2\/posts\/86709\/revisions"}],"wp:featuredmedia":[{"embeddable":true,"href":"https:\/\/eltrabajo.cl\/portal\/wp-json\/wp\/v2\/media\/86710"}],"wp:attachment":[{"href":"https:\/\/eltrabajo.cl\/portal\/wp-json\/wp\/v2\/media?parent=86709"}],"wp:term":[{"taxonomy":"category","embeddable":true,"href":"https:\/\/eltrabajo.cl\/portal\/wp-json\/wp\/v2\/categories?post=86709"},{"taxonomy":"post_tag","embeddable":true,"href":"https:\/\/eltrabajo.cl\/portal\/wp-json\/wp\/v2\/tags?post=86709"}],"curies":[{"name":"wp","href":"https:\/\/api.w.org\/{rel}","templated":true}]}}