{"id":86712,"date":"2018-06-08T05:01:50","date_gmt":"2018-06-08T09:01:50","guid":{"rendered":"http:\/\/www.eltrabajo.cl\/2017\/?p=86712"},"modified":"2018-06-08T05:01:50","modified_gmt":"2018-06-08T09:01:50","slug":"rreprogramaran-perruning-por-pronostico-de-lluvias-para-el-fin-de-semana","status":"publish","type":"post","link":"https:\/\/eltrabajo.cl\/portal\/rreprogramaran-perruning-por-pronostico-de-lluvias-para-el-fin-de-semana\/","title":{"rendered":"Rreprogramar\u00e1n \u2018Perruning\u2019 por pron\u00f3stico de lluvias para el fin de semana"},"content":{"rendered":"<figure id=\"attachment_86713\" aria-describedby=\"caption-attachment-86713\" style=\"width: 580px\" class=\"wp-caption alignnone\"><img data-recalc-dims=\"1\" loading=\"lazy\" decoding=\"async\" class=\"size-full wp-image-86713\" src=\"https:\/\/i0.wp.com\/www.eltrabajo.cl\/portal\/wp-content\/uploads\/2018\/06\/perruning-1.jpg?resize=580%2C400\" alt=\"En ediciones pasadas la \u2018Perruning\u2019 ha resultado todo un \u00e9xito.\" width=\"580\" height=\"400\" srcset=\"https:\/\/i0.wp.com\/eltrabajo.cl\/portal\/wp-content\/uploads\/2018\/06\/perruning-1.jpg?w=580&amp;ssl=1 580w, https:\/\/i0.wp.com\/eltrabajo.cl\/portal\/wp-content\/uploads\/2018\/06\/perruning-1.jpg?resize=200%2C138&amp;ssl=1 200w, https:\/\/i0.wp.com\/eltrabajo.cl\/portal\/wp-content\/uploads\/2018\/06\/perruning-1.jpg?resize=300%2C207&amp;ssl=1 300w, https:\/\/i0.wp.com\/eltrabajo.cl\/portal\/wp-content\/uploads\/2018\/06\/perruning-1.jpg?resize=218%2C150&amp;ssl=1 218w, https:\/\/i0.wp.com\/eltrabajo.cl\/portal\/wp-content\/uploads\/2018\/06\/perruning-1.jpg?resize=400%2C276&amp;ssl=1 400w\" sizes=\"auto, (max-width: 580px) 100vw, 580px\" \/><figcaption id=\"caption-attachment-86713\" class=\"wp-caption-text\">En ediciones pasadas la \u2018Perruning\u2019 ha resultado todo un \u00e9xito.<\/figcaption><\/figure>\n<ul>\n<li><span style=\"color: #ff0000;\"><strong>Desde el departamento de Deportes se\u00f1alaron que se informar\u00e1 en los pr\u00f3ximos d\u00edas la fecha de la realizaci\u00f3n de esta corrida que contar\u00e1 con una serie de novedades.<\/strong><\/span><\/li>\n<\/ul>\n<p>Ante los pron\u00f3sticos de lluvias que afectar\u00e1n a la zona central durante este fin de semana, los que incluso anuncian posible ca\u00edda de nieve, la Municipalidad de San Felipe, a trav\u00e9s del Departamento de Deportes y el Programa de Tenencia Responsable de Mascotas, determin\u00f3 suspender la actividad denominada \u2018Perruning\u2019, que contemplaba la participaci\u00f3n de mascotas de compa\u00f1\u00eda, que estaba programada para este domingo 10 de junio y que iniciar\u00eda en la sede de la Villa Bernardo Cruz.<br \/>\nLa informaci\u00f3n fue confirmada por el Encargado del Departamento de Deportes, Danilo Pe\u00f1a, quien manifest\u00f3 que \u00abes una modificaci\u00f3n de fecha que realizaremos. Ten\u00edamos una carrera con mascotas para este domingo, pero los pron\u00f3sticos del tiempo nos informan que tendr\u00edamos lluvia durante el fin de semana, incluso con una posible ca\u00edda de nieve. Estamos planteando y reprogramando la actividad, ya que podr\u00eda verse afectada la salud de las personas\u00bb, aclar\u00f3.<br \/>\nCabe destacar que esta tercera versi\u00f3n ser\u00e1 reprogramada e informada en los pr\u00f3ximos d\u00edas y contemplar\u00e1 un circuito 2k, adem\u00e1s de uno de baja intensidad para perros adultos, stand veterinarios, informativos y accesorio para mascotas con diversos productos. El objetivo es que participe toda la comunidad en un ambiente \u00f3ptimo para los animales.<\/p>\n<figure id=\"attachment_86714\" aria-describedby=\"caption-attachment-86714\" style=\"width: 580px\" class=\"wp-caption alignnone\"><img data-recalc-dims=\"1\" loading=\"lazy\" decoding=\"async\" class=\"size-full wp-image-86714\" src=\"https:\/\/i0.wp.com\/www.eltrabajo.cl\/portal\/wp-content\/uploads\/2018\/06\/perruning-danilo-pe%C3%B1a.jpg?resize=580%2C399\" alt=\"Danilo Pe\u00f1a, Encargado del Departamento de Deportes, confirm\u00f3 la suspensi\u00f3n de la actividad.\" width=\"580\" height=\"399\" srcset=\"https:\/\/i0.wp.com\/eltrabajo.cl\/portal\/wp-content\/uploads\/2018\/06\/perruning-danilo-pe%C3%B1a.jpg?w=580&amp;ssl=1 580w, https:\/\/i0.wp.com\/eltrabajo.cl\/portal\/wp-content\/uploads\/2018\/06\/perruning-danilo-pe%C3%B1a.jpg?resize=200%2C138&amp;ssl=1 200w, https:\/\/i0.wp.com\/eltrabajo.cl\/portal\/wp-content\/uploads\/2018\/06\/perruning-danilo-pe%C3%B1a.jpg?resize=300%2C206&amp;ssl=1 300w, https:\/\/i0.wp.com\/eltrabajo.cl\/portal\/wp-content\/uploads\/2018\/06\/perruning-danilo-pe%C3%B1a.jpg?resize=218%2C150&amp;ssl=1 218w, https:\/\/i0.wp.com\/eltrabajo.cl\/portal\/wp-content\/uploads\/2018\/06\/perruning-danilo-pe%C3%B1a.jpg?resize=400%2C275&amp;ssl=1 400w\" sizes=\"auto, (max-width: 580px) 100vw, 580px\" \/><figcaption id=\"caption-attachment-86714\" class=\"wp-caption-text\">Danilo Pe\u00f1a, Encargado del Departamento de Deportes, confirm\u00f3 la suspensi\u00f3n de la actividad.<\/figcaption><\/figure>\n","protected":false},"excerpt":{"rendered":"<p>Desde el departamento de Deportes se\u00f1alaron que se informar\u00e1 en los pr\u00f3ximos d\u00edas la fecha de la realizaci\u00f3n de esta corrida que contar\u00e1 con una serie de novedades. Ante los pron\u00f3sticos de&#8230;<\/p>\n","protected":false},"author":1,"featured_media":86713,"comment_status":"open","ping_status":"open","sticky":false,"template":"","format":"standard","meta":{"advanced_seo_description":"","jetpack_seo_html_title":"","jetpack_seo_noindex":false,"_jetpack_memberships_contains_paid_content":false,"footnotes":""},"categories":[1],"tags":[],"class_list":["post-86712","post","type-post","status-publish","format-standard","has-post-thumbnail","hentry","category-cronica"],"jetpack_featured_media_url":"https:\/\/i0.wp.com\/eltrabajo.cl\/portal\/wp-content\/uploads\/2018\/06\/perruning-1.jpg?fit=580%2C400&ssl=1","jetpack_sharing_enabled":true,"jetpack_likes_enabled":true,"jetpack-related-posts":[],"_links":{"self":[{"href":"https:\/\/eltrabajo.cl\/portal\/wp-json\/wp\/v2\/posts\/86712","targetHints":{"allow":["GET"]}}],"collection":[{"href":"https:\/\/eltrabajo.cl\/portal\/wp-json\/wp\/v2\/posts"}],"about":[{"href":"https:\/\/eltrabajo.cl\/portal\/wp-json\/wp\/v2\/types\/post"}],"author":[{"embeddable":true,"href":"https:\/\/eltrabajo.cl\/portal\/wp-json\/wp\/v2\/users\/1"}],"replies":[{"embeddable":true,"href":"https:\/\/eltrabajo.cl\/portal\/wp-json\/wp\/v2\/comments?post=86712"}],"version-history":[{"count":0,"href":"https:\/\/eltrabajo.cl\/portal\/wp-json\/wp\/v2\/posts\/86712\/revisions"}],"wp:featuredmedia":[{"embeddable":true,"href":"https:\/\/eltrabajo.cl\/portal\/wp-json\/wp\/v2\/media\/86713"}],"wp:attachment":[{"href":"https:\/\/eltrabajo.cl\/portal\/wp-json\/wp\/v2\/media?parent=86712"}],"wp:term":[{"taxonomy":"category","embeddable":true,"href":"https:\/\/eltrabajo.cl\/portal\/wp-json\/wp\/v2\/categories?post=86712"},{"taxonomy":"post_tag","embeddable":true,"href":"https:\/\/eltrabajo.cl\/portal\/wp-json\/wp\/v2\/tags?post=86712"}],"curies":[{"name":"wp","href":"https:\/\/api.w.org\/{rel}","templated":true}]}}