{"id":86716,"date":"2018-06-08T05:02:40","date_gmt":"2018-06-08T09:02:40","guid":{"rendered":"http:\/\/www.eltrabajo.cl\/2017\/?p=86716"},"modified":"2018-06-08T05:02:40","modified_gmt":"2018-06-08T09:02:40","slug":"cuatro-lesionados-tras-violenta-colision-entre-dos-vehiculos-en-tocornal","status":"publish","type":"post","link":"https:\/\/eltrabajo.cl\/portal\/cuatro-lesionados-tras-violenta-colision-entre-dos-vehiculos-en-tocornal\/","title":{"rendered":"Cuatro lesionados tras violenta colisi\u00f3n entre dos veh\u00edculos en Tocornal"},"content":{"rendered":"<figure id=\"attachment_86717\" aria-describedby=\"caption-attachment-86717\" style=\"width: 580px\" class=\"wp-caption alignnone\"><img data-recalc-dims=\"1\" loading=\"lazy\" decoding=\"async\" class=\"size-full wp-image-86717\" src=\"https:\/\/i0.wp.com\/www.eltrabajo.cl\/portal\/wp-content\/uploads\/2018\/06\/VEHICULO-1.jpg?resize=580%2C400\" alt=\"El accidente ocurri\u00f3 cerca de las 13:30 horas de este mi\u00e9rcoles en calle Tocornal en Santa Mar\u00eda. (Fotograf\u00edas: Emergencias Santa Mar\u00eda).\" width=\"580\" height=\"400\" srcset=\"https:\/\/i0.wp.com\/eltrabajo.cl\/portal\/wp-content\/uploads\/2018\/06\/VEHICULO-1.jpg?w=580&amp;ssl=1 580w, https:\/\/i0.wp.com\/eltrabajo.cl\/portal\/wp-content\/uploads\/2018\/06\/VEHICULO-1.jpg?resize=200%2C138&amp;ssl=1 200w, https:\/\/i0.wp.com\/eltrabajo.cl\/portal\/wp-content\/uploads\/2018\/06\/VEHICULO-1.jpg?resize=300%2C207&amp;ssl=1 300w, https:\/\/i0.wp.com\/eltrabajo.cl\/portal\/wp-content\/uploads\/2018\/06\/VEHICULO-1.jpg?resize=218%2C150&amp;ssl=1 218w, https:\/\/i0.wp.com\/eltrabajo.cl\/portal\/wp-content\/uploads\/2018\/06\/VEHICULO-1.jpg?resize=400%2C276&amp;ssl=1 400w\" sizes=\"auto, (max-width: 580px) 100vw, 580px\" \/><figcaption id=\"caption-attachment-86717\" class=\"wp-caption-text\">El accidente ocurri\u00f3 cerca de las 13:30 horas de este mi\u00e9rcoles en calle Tocornal en Santa Mar\u00eda. (Fotograf\u00edas: Emergencias Santa Mar\u00eda).<\/figcaption><\/figure>\n<ul>\n<li><strong><span style=\"color: #ff0000;\">iraje imprudente ser\u00eda la causa del accidente:<\/span>\u00a0Los lesionados fueron asistidos por personal de Bomberos y el Samu Aconcagua, siendo derivados hasta el Hospital San Camilo de San Felipe.<\/strong><\/li>\n<\/ul>\n<p>Un total de cuatro personas lesionadas fue el saldo de una violenta colisi\u00f3n entre dos veh\u00edculos particulares ocurrida la tarde de este mi\u00e9rcoles en calle Tocornal, sector El Llano de Santa Mar\u00eda.<br \/>\nSeg\u00fan el testimonio a Carabineros de la conductora del m\u00f3vil marca Kia que circulaba por dicha ruta en compa\u00f1\u00eda de familiares en direcci\u00f3n al oriente, precis\u00f3 que al llegar al cruce de Placilla, el segundo veh\u00edculo involucrado marca Chevrolet, quien circulaba en sentido contrario, sorpresivamente habr\u00eda efectuado un viraje imprudente hacia la izquierda del cruce, provocando el impacto entre los autom\u00f3viles.<br \/>\nA ra\u00edz de este accidente de tr\u00e1nsito resultaron cuatro lesionados, quienes fueron asistidos por personal de Bomberos y el Samu, recibiendo atenci\u00f3n primaria en el lugar hasta ser derivados al Hospital San Camilo de San Felipe para ser evaluados por el m\u00e9dico de turno, siendo diagnosticados con lesiones de car\u00e1cter leve.<br \/>\nAl lugar de los hechos concurri\u00f3 personal de Carabineros para adoptar el procedimiento de rigor, descartando la presencia de alcohol en este accidente, entregando los antecedentes del caso al Juzgado de Polic\u00eda Local de Santa Mar\u00eda.<br \/>\n<strong>Pablo Salinas Sald\u00edas<\/strong><\/p>\n<figure id=\"attachment_86718\" aria-describedby=\"caption-attachment-86718\" style=\"width: 580px\" class=\"wp-caption alignnone\"><img data-recalc-dims=\"1\" loading=\"lazy\" decoding=\"async\" class=\"size-full wp-image-86718\" src=\"https:\/\/i0.wp.com\/www.eltrabajo.cl\/portal\/wp-content\/uploads\/2018\/06\/VEHICULO-2.jpg?resize=580%2C399\" alt=\"Un total de cuatro lesionados origin\u00f3 la colisi\u00f3n entre los dos veh\u00edculos.\" width=\"580\" height=\"399\" srcset=\"https:\/\/i0.wp.com\/eltrabajo.cl\/portal\/wp-content\/uploads\/2018\/06\/VEHICULO-2.jpg?w=580&amp;ssl=1 580w, https:\/\/i0.wp.com\/eltrabajo.cl\/portal\/wp-content\/uploads\/2018\/06\/VEHICULO-2.jpg?resize=200%2C138&amp;ssl=1 200w, https:\/\/i0.wp.com\/eltrabajo.cl\/portal\/wp-content\/uploads\/2018\/06\/VEHICULO-2.jpg?resize=300%2C206&amp;ssl=1 300w, https:\/\/i0.wp.com\/eltrabajo.cl\/portal\/wp-content\/uploads\/2018\/06\/VEHICULO-2.jpg?resize=218%2C150&amp;ssl=1 218w, https:\/\/i0.wp.com\/eltrabajo.cl\/portal\/wp-content\/uploads\/2018\/06\/VEHICULO-2.jpg?resize=400%2C275&amp;ssl=1 400w\" sizes=\"auto, (max-width: 580px) 100vw, 580px\" \/><figcaption id=\"caption-attachment-86718\" class=\"wp-caption-text\">Un total de cuatro lesionados origin\u00f3 la colisi\u00f3n entre los dos veh\u00edculos.<\/figcaption><\/figure>\n","protected":false},"excerpt":{"rendered":"<p>iraje imprudente ser\u00eda la causa del accidente:\u00a0Los lesionados fueron asistidos por personal de Bomberos y el Samu Aconcagua, siendo derivados hasta el Hospital San Camilo de San Felipe. Un total de cuatro&#8230;<\/p>\n","protected":false},"author":1,"featured_media":86718,"comment_status":"open","ping_status":"open","sticky":false,"template":"","format":"standard","meta":{"advanced_seo_description":"","jetpack_seo_html_title":"","jetpack_seo_noindex":false,"_jetpack_memberships_contains_paid_content":false,"footnotes":""},"categories":[21],"tags":[],"class_list":["post-86716","post","type-post","status-publish","format-standard","has-post-thumbnail","hentry","category-policial"],"jetpack_featured_media_url":"https:\/\/i0.wp.com\/eltrabajo.cl\/portal\/wp-content\/uploads\/2018\/06\/VEHICULO-2.jpg?fit=580%2C399&ssl=1","jetpack_sharing_enabled":true,"jetpack_likes_enabled":true,"jetpack-related-posts":[],"_links":{"self":[{"href":"https:\/\/eltrabajo.cl\/portal\/wp-json\/wp\/v2\/posts\/86716","targetHints":{"allow":["GET"]}}],"collection":[{"href":"https:\/\/eltrabajo.cl\/portal\/wp-json\/wp\/v2\/posts"}],"about":[{"href":"https:\/\/eltrabajo.cl\/portal\/wp-json\/wp\/v2\/types\/post"}],"author":[{"embeddable":true,"href":"https:\/\/eltrabajo.cl\/portal\/wp-json\/wp\/v2\/users\/1"}],"replies":[{"embeddable":true,"href":"https:\/\/eltrabajo.cl\/portal\/wp-json\/wp\/v2\/comments?post=86716"}],"version-history":[{"count":0,"href":"https:\/\/eltrabajo.cl\/portal\/wp-json\/wp\/v2\/posts\/86716\/revisions"}],"wp:featuredmedia":[{"embeddable":true,"href":"https:\/\/eltrabajo.cl\/portal\/wp-json\/wp\/v2\/media\/86718"}],"wp:attachment":[{"href":"https:\/\/eltrabajo.cl\/portal\/wp-json\/wp\/v2\/media?parent=86716"}],"wp:term":[{"taxonomy":"category","embeddable":true,"href":"https:\/\/eltrabajo.cl\/portal\/wp-json\/wp\/v2\/categories?post=86716"},{"taxonomy":"post_tag","embeddable":true,"href":"https:\/\/eltrabajo.cl\/portal\/wp-json\/wp\/v2\/tags?post=86716"}],"curies":[{"name":"wp","href":"https:\/\/api.w.org\/{rel}","templated":true}]}}