{"id":86734,"date":"2018-06-08T05:05:42","date_gmt":"2018-06-08T09:05:42","guid":{"rendered":"http:\/\/www.eltrabajo.cl\/2017\/?p=86734"},"modified":"2018-06-08T05:05:42","modified_gmt":"2018-06-08T09:05:42","slug":"presentan-11-denuncias-por-acoso-laboral-contra-director-hospital-los-andes","status":"publish","type":"post","link":"https:\/\/eltrabajo.cl\/portal\/presentan-11-denuncias-por-acoso-laboral-contra-director-hospital-los-andes\/","title":{"rendered":"Presentan 11 denuncias por acoso laboral contra Director Hospital Los Andes"},"content":{"rendered":"<figure id=\"attachment_86735\" aria-describedby=\"caption-attachment-86735\" style=\"width: 580px\" class=\"wp-caption alignnone\"><img data-recalc-dims=\"1\" loading=\"lazy\" decoding=\"async\" class=\"size-full wp-image-86735\" src=\"https:\/\/i0.wp.com\/www.eltrabajo.cl\/portal\/wp-content\/uploads\/2018\/06\/rodrigo-segura-coordinador-regional-fenpruss.jpg?resize=580%2C399\" alt=\"Rodrigo Segura, Coordinador Regional de Fenpruss.\" width=\"580\" height=\"399\" srcset=\"https:\/\/i0.wp.com\/eltrabajo.cl\/portal\/wp-content\/uploads\/2018\/06\/rodrigo-segura-coordinador-regional-fenpruss.jpg?w=580&amp;ssl=1 580w, https:\/\/i0.wp.com\/eltrabajo.cl\/portal\/wp-content\/uploads\/2018\/06\/rodrigo-segura-coordinador-regional-fenpruss.jpg?resize=200%2C138&amp;ssl=1 200w, https:\/\/i0.wp.com\/eltrabajo.cl\/portal\/wp-content\/uploads\/2018\/06\/rodrigo-segura-coordinador-regional-fenpruss.jpg?resize=300%2C206&amp;ssl=1 300w, https:\/\/i0.wp.com\/eltrabajo.cl\/portal\/wp-content\/uploads\/2018\/06\/rodrigo-segura-coordinador-regional-fenpruss.jpg?resize=218%2C150&amp;ssl=1 218w, https:\/\/i0.wp.com\/eltrabajo.cl\/portal\/wp-content\/uploads\/2018\/06\/rodrigo-segura-coordinador-regional-fenpruss.jpg?resize=400%2C275&amp;ssl=1 400w\" sizes=\"auto, (max-width: 580px) 100vw, 580px\" \/><figcaption id=\"caption-attachment-86735\" class=\"wp-caption-text\">Rodrigo Segura, Coordinador Regional de Fenpruss.<\/figcaption><\/figure>\n<ul>\n<li><span style=\"color: #ff0000;\"><strong>En Servicio Salud de Aconcagua:<\/strong><\/span><\/li>\n<\/ul>\n<p>En dependencias del Servicio de Salud Aconcagua fueron presentadas once denuncias por acoso laboral en contra del Director del Hospital San Juan de Dios de Los Andes, Jimmy Walker.<br \/>\nFue Rodrigo Segura, en representaci\u00f3n de la Federaci\u00f3n Nacional de Profesionales de la Salud (Fenpruss) quien hizo la denuncia acompa\u00f1ado de m\u00e1s dirigentes.<br \/>\nDijo que en primer lugar el inter\u00e9s es dejar en evidencia la gesti\u00f3n que se est\u00e1 realizando hoy en d\u00eda en el Hospital de Los Andes, en el cual tienen bastantes denuncias \u201cque se han se\u00f1alado principalmente en torno al maltrato y al acoso laboral por parte del director del establecimiento a diferentes profesionales, incluyendo m\u00e9dicos tambi\u00e9n. La intenci\u00f3n nuestra es transparentar la situaci\u00f3n que est\u00e1 ocurriendo y demostrarle a la comunidad, tanto hospitalaria como tambi\u00e9n a nivel del Aconcagua y todos los funcionarios, que no podemos permitir hoy en d\u00eda que las formas de liderazgos ya caducadas en nuestro pa\u00eds, se sigan dando, en la cual las formas autoritarias no son las m\u00e1s correctas, por esto nosotros queremos hoy en d\u00eda transparentar a trav\u00e9s de una investigaci\u00f3n, de toda una documentaci\u00f3n que se entreg\u00f3 en el Servicio de Salud Aconcagua, nosotros esperamos que con esto haya un cambio en la direcci\u00f3n principalmente por el bienestar de nuestros usuarios, los pacientes que se ven afectados con todo esto\u201d, dijo Rodrigo Segura, Coordinador regional de Fenpruss.<br \/>\n<strong>&#8211; \u00bfA qu\u00e9 se refieren cuando hablan de acoso laboral?<\/strong><br \/>\n&#8211; Generalmente en los manejos de direcci\u00f3n en los cuales claro el maltrato se destaca, principalmente en denostar a las personas, tanto en lo que realizan y tambi\u00e9n en lo personal, adem\u00e1s de tratar de generar acciones en las cuales las personas no puedan cumplir con labores, donde ellos no pueden ocupar cargos que s\u00ed se los ganaron a trav\u00e9s de concursos p\u00fablicos transparentes, en la cual \u00e9l determina y designa a las personas donde quiere y si nos les parece, les se\u00f1ala claramente que tienen las puertas abiertas y que se pueden ir cuando quieran; formas que hoy en d\u00eda est\u00e1n totalmente caducadas en los estilos de liderazgo y direcciones que tenemos en el pa\u00eds.<br \/>\n<strong>&#8211; \u00bfTiene que ver con la vida privada de los trabajadores tambi\u00e9n?<\/strong><br \/>\n&#8211; Por supuesto, decirle a la persona que no le gusta, simplemente porque no le gusta, ya es un tema que nosotros podemos ver que es desde el \u00e1mbito personal; si fuera desde lo laboral tendr\u00eda los argumentos, los cuales no lo ha demostrado y no ha se\u00f1alado.<br \/>\n<strong>&#8211; \u00bfQu\u00e9 hay de cierto que incluso habr\u00eda acoso por la orientaci\u00f3n de una persona que labora en el Hospital?<\/strong><br \/>\n&#8211; Eso est\u00e1 dentro de la investigaci\u00f3n y dentro de la informaci\u00f3n que se est\u00e1 entregando, no podr\u00eda declarar en este momento que exista, pero eso es tema de investigaci\u00f3n, la informaci\u00f3n que se est\u00e1 viendo por parte de la persona que podr\u00eda se\u00f1alarlo, pero es algo que en estos momentos no podr\u00eda ratificar claramente.<br \/>\nFinalmente el dirigente dijo que est\u00e1n pidiendo tranquilidad en el trabajo, si eso no se consigue con la actual direcci\u00f3n, se cambie el Director o en su defecto, luego de la investigaci\u00f3n, pueda ser removido de su cargo.<br \/>\nSon once las denuncias que fueron presentadas ayer en la ma\u00f1ana en las dependencias del Servicio de Salud Aconcagua.<\/p>\n","protected":false},"excerpt":{"rendered":"<p>En Servicio Salud de Aconcagua: En dependencias del Servicio de Salud Aconcagua fueron presentadas once denuncias por acoso laboral en contra del Director del Hospital San Juan de Dios de Los Andes,&#8230;<\/p>\n","protected":false},"author":1,"featured_media":86735,"comment_status":"open","ping_status":"open","sticky":false,"template":"","format":"standard","meta":{"advanced_seo_description":"","jetpack_seo_html_title":"","jetpack_seo_noindex":false,"_jetpack_memberships_contains_paid_content":false,"footnotes":""},"categories":[1],"tags":[],"class_list":["post-86734","post","type-post","status-publish","format-standard","has-post-thumbnail","hentry","category-cronica"],"jetpack_featured_media_url":"https:\/\/i0.wp.com\/eltrabajo.cl\/portal\/wp-content\/uploads\/2018\/06\/rodrigo-segura-coordinador-regional-fenpruss.jpg?fit=580%2C399&ssl=1","jetpack_sharing_enabled":true,"jetpack_likes_enabled":true,"jetpack-related-posts":[],"_links":{"self":[{"href":"https:\/\/eltrabajo.cl\/portal\/wp-json\/wp\/v2\/posts\/86734","targetHints":{"allow":["GET"]}}],"collection":[{"href":"https:\/\/eltrabajo.cl\/portal\/wp-json\/wp\/v2\/posts"}],"about":[{"href":"https:\/\/eltrabajo.cl\/portal\/wp-json\/wp\/v2\/types\/post"}],"author":[{"embeddable":true,"href":"https:\/\/eltrabajo.cl\/portal\/wp-json\/wp\/v2\/users\/1"}],"replies":[{"embeddable":true,"href":"https:\/\/eltrabajo.cl\/portal\/wp-json\/wp\/v2\/comments?post=86734"}],"version-history":[{"count":0,"href":"https:\/\/eltrabajo.cl\/portal\/wp-json\/wp\/v2\/posts\/86734\/revisions"}],"wp:featuredmedia":[{"embeddable":true,"href":"https:\/\/eltrabajo.cl\/portal\/wp-json\/wp\/v2\/media\/86735"}],"wp:attachment":[{"href":"https:\/\/eltrabajo.cl\/portal\/wp-json\/wp\/v2\/media?parent=86734"}],"wp:term":[{"taxonomy":"category","embeddable":true,"href":"https:\/\/eltrabajo.cl\/portal\/wp-json\/wp\/v2\/categories?post=86734"},{"taxonomy":"post_tag","embeddable":true,"href":"https:\/\/eltrabajo.cl\/portal\/wp-json\/wp\/v2\/tags?post=86734"}],"curies":[{"name":"wp","href":"https:\/\/api.w.org\/{rel}","templated":true}]}}