{"id":86737,"date":"2018-06-11T05:00:51","date_gmt":"2018-06-11T09:00:51","guid":{"rendered":"http:\/\/www.eltrabajo.cl\/2017\/?p=86737"},"modified":"2018-06-11T05:00:51","modified_gmt":"2018-06-11T09:00:51","slug":"union-san-felipe-confirmo-a-otro-refuerzo-para-el-segundo-semestre","status":"publish","type":"post","link":"https:\/\/eltrabajo.cl\/portal\/union-san-felipe-confirmo-a-otro-refuerzo-para-el-segundo-semestre\/","title":{"rendered":"Uni\u00f3n San Felipe confirm\u00f3 a otro refuerzo para el segundo semestre"},"content":{"rendered":"<figure id=\"attachment_86738\" aria-describedby=\"caption-attachment-86738\" style=\"width: 580px\" class=\"wp-caption alignnone\"><img data-recalc-dims=\"1\" loading=\"lazy\" decoding=\"async\" class=\"size-full wp-image-86738\" src=\"https:\/\/i0.wp.com\/www.eltrabajo.cl\/portal\/wp-content\/uploads\/2018\/06\/sebastian-riquelme.jpg?resize=580%2C399\" alt=\"Ricardo Sebasti\u00e1n Riquelme firm\u00f3 por un a\u00f1o como nuevo jugador del Un\u00ed Un\u00ed; llega en calidad de pr\u00e9stamo desde los \u2018Bichos Colorados\u2019.\" width=\"580\" height=\"399\" srcset=\"https:\/\/i0.wp.com\/eltrabajo.cl\/portal\/wp-content\/uploads\/2018\/06\/sebastian-riquelme.jpg?w=580&amp;ssl=1 580w, https:\/\/i0.wp.com\/eltrabajo.cl\/portal\/wp-content\/uploads\/2018\/06\/sebastian-riquelme.jpg?resize=200%2C138&amp;ssl=1 200w, https:\/\/i0.wp.com\/eltrabajo.cl\/portal\/wp-content\/uploads\/2018\/06\/sebastian-riquelme.jpg?resize=300%2C206&amp;ssl=1 300w, https:\/\/i0.wp.com\/eltrabajo.cl\/portal\/wp-content\/uploads\/2018\/06\/sebastian-riquelme.jpg?resize=218%2C150&amp;ssl=1 218w, https:\/\/i0.wp.com\/eltrabajo.cl\/portal\/wp-content\/uploads\/2018\/06\/sebastian-riquelme.jpg?resize=400%2C275&amp;ssl=1 400w\" sizes=\"auto, (max-width: 580px) 100vw, 580px\" \/><figcaption id=\"caption-attachment-86738\" class=\"wp-caption-text\">Ricardo Sebasti\u00e1n Riquelme firm\u00f3 por un a\u00f1o como nuevo jugador del Un\u00ed Un\u00ed; llega en calidad de pr\u00e9stamo desde los \u2018Bichos Colorados\u2019.<\/figcaption><\/figure>\n<ul>\n<li><span style=\"color: #ff0000;\"><strong>Se trata del volante trasandino Sebasti\u00e1n Riquelme, quien es el hermano menor del famoso futbolista Juan Rom\u00e1n Riquelme.<\/strong><\/span><\/li>\n<\/ul>\n<p>A pocos d\u00edas (jueves 14) de que se d\u00e9 inici\u00f3 a los trabajos de Intertemporada, Uni\u00f3n San Felipe dio a conocer que asegur\u00f3 hasta el termino de la temporada 2019, el concurso del joven volante argentino Ricardo Sebasti\u00e1n Riquelme. El nuevo integrante del plantel albirrojo tiene 21 a\u00f1os de edad, y dentro de su corto curriculum exhibe pasos por los clubes: Argentinos Junior -donde se form\u00f3 &#8211; y Danubio de Uruguay, divisas que visti\u00f3 durante los a\u00f1os 2016 y 2017 respectivamente.<br \/>\nRiquelme hizo su estreno profesional en el mes de mayo del 2016; meses despu\u00e9s fue cedido a pr\u00e9stamo al Danubio con el objeto que pudiera tener una mayor continuidad y ganar minutos en el profesionalismo. La nueva contrataci\u00f3n de los sanfelipe\u00f1os tiene caracter\u00edsticas de volante mixto, naci\u00f3 el 28 de septiembre de 1996, mide 1 metro con 69 cent\u00edmetros y pesa 72 kilos.<\/p>\n","protected":false},"excerpt":{"rendered":"<p>Se trata del volante trasandino Sebasti\u00e1n Riquelme, quien es el hermano menor del famoso futbolista Juan Rom\u00e1n Riquelme. A pocos d\u00edas (jueves 14) de que se d\u00e9 inici\u00f3 a los trabajos de&#8230;<\/p>\n","protected":false},"author":1,"featured_media":86738,"comment_status":"open","ping_status":"open","sticky":false,"template":"","format":"standard","meta":{"advanced_seo_description":"","jetpack_seo_html_title":"","jetpack_seo_noindex":false,"_jetpack_memberships_contains_paid_content":false,"footnotes":""},"categories":[19],"tags":[],"class_list":["post-86737","post","type-post","status-publish","format-standard","has-post-thumbnail","hentry","category-deportes"],"jetpack_featured_media_url":"https:\/\/i0.wp.com\/eltrabajo.cl\/portal\/wp-content\/uploads\/2018\/06\/sebastian-riquelme.jpg?fit=580%2C399&ssl=1","jetpack_sharing_enabled":true,"jetpack_likes_enabled":true,"jetpack-related-posts":[],"_links":{"self":[{"href":"https:\/\/eltrabajo.cl\/portal\/wp-json\/wp\/v2\/posts\/86737","targetHints":{"allow":["GET"]}}],"collection":[{"href":"https:\/\/eltrabajo.cl\/portal\/wp-json\/wp\/v2\/posts"}],"about":[{"href":"https:\/\/eltrabajo.cl\/portal\/wp-json\/wp\/v2\/types\/post"}],"author":[{"embeddable":true,"href":"https:\/\/eltrabajo.cl\/portal\/wp-json\/wp\/v2\/users\/1"}],"replies":[{"embeddable":true,"href":"https:\/\/eltrabajo.cl\/portal\/wp-json\/wp\/v2\/comments?post=86737"}],"version-history":[{"count":0,"href":"https:\/\/eltrabajo.cl\/portal\/wp-json\/wp\/v2\/posts\/86737\/revisions"}],"wp:featuredmedia":[{"embeddable":true,"href":"https:\/\/eltrabajo.cl\/portal\/wp-json\/wp\/v2\/media\/86738"}],"wp:attachment":[{"href":"https:\/\/eltrabajo.cl\/portal\/wp-json\/wp\/v2\/media?parent=86737"}],"wp:term":[{"taxonomy":"category","embeddable":true,"href":"https:\/\/eltrabajo.cl\/portal\/wp-json\/wp\/v2\/categories?post=86737"},{"taxonomy":"post_tag","embeddable":true,"href":"https:\/\/eltrabajo.cl\/portal\/wp-json\/wp\/v2\/tags?post=86737"}],"curies":[{"name":"wp","href":"https:\/\/api.w.org\/{rel}","templated":true}]}}