{"id":86754,"date":"2018-06-11T05:05:27","date_gmt":"2018-06-11T09:05:27","guid":{"rendered":"http:\/\/www.eltrabajo.cl\/2017\/?p=86754"},"modified":"2018-06-11T05:05:27","modified_gmt":"2018-06-11T09:05:27","slug":"pequena-nina-de-solo-8-anos-de-edad-amanecio-muerta-en-su-cama","status":"publish","type":"post","link":"https:\/\/eltrabajo.cl\/portal\/pequena-nina-de-solo-8-anos-de-edad-amanecio-muerta-en-su-cama\/","title":{"rendered":"Peque\u00f1a ni\u00f1a de solo 8 a\u00f1os de edad amaneci\u00f3 muerta en su cama"},"content":{"rendered":"<figure id=\"attachment_86755\" aria-describedby=\"caption-attachment-86755\" style=\"width: 580px\" class=\"wp-caption alignnone\"><img data-recalc-dims=\"1\" loading=\"lazy\" decoding=\"async\" class=\"size-full wp-image-86755\" src=\"https:\/\/i0.wp.com\/www.eltrabajo.cl\/portal\/wp-content\/uploads\/2018\/06\/amelia-fernandez-copia.jpg?resize=580%2C399\" alt=\"NUESTRO ANGELITO.- Ella es la princesita que vol\u00f3 a los cielos cuando apenas iniciaba su vida de sue\u00f1os y proyectos estudiantiles.\" width=\"580\" height=\"399\" srcset=\"https:\/\/i0.wp.com\/eltrabajo.cl\/portal\/wp-content\/uploads\/2018\/06\/amelia-fernandez-copia.jpg?w=580&amp;ssl=1 580w, https:\/\/i0.wp.com\/eltrabajo.cl\/portal\/wp-content\/uploads\/2018\/06\/amelia-fernandez-copia.jpg?resize=200%2C138&amp;ssl=1 200w, https:\/\/i0.wp.com\/eltrabajo.cl\/portal\/wp-content\/uploads\/2018\/06\/amelia-fernandez-copia.jpg?resize=300%2C206&amp;ssl=1 300w, https:\/\/i0.wp.com\/eltrabajo.cl\/portal\/wp-content\/uploads\/2018\/06\/amelia-fernandez-copia.jpg?resize=218%2C150&amp;ssl=1 218w, https:\/\/i0.wp.com\/eltrabajo.cl\/portal\/wp-content\/uploads\/2018\/06\/amelia-fernandez-copia.jpg?resize=400%2C275&amp;ssl=1 400w\" sizes=\"auto, (max-width: 580px) 100vw, 580px\" \/><figcaption id=\"caption-attachment-86755\" class=\"wp-caption-text\">NUESTRO ANGELITO.- Ella es la princesita que vol\u00f3 a los cielos cuando apenas iniciaba su vida de sue\u00f1os y proyectos estudiantiles.<\/figcaption><\/figure>\n<ul>\n<li><span style=\"color: #ff0000;\"><strong>Horrible drama familiar en Villa Juan Pablo II:<\/strong><\/span><\/li>\n<\/ul>\n<p>Todo pareci\u00f3 ser normal durante la noche de este s\u00e1bado, como tantas otras en la casa de una familia vecina de Villa Juan Pablo II, en San Felipe. Ver televisi\u00f3n, cenar, los ni\u00f1os jugando y sus padres tranquilos como siempre, Amelia Ignacia Fern\u00e1ndez Romero, la peque\u00f1ita de ocho a\u00f1os de edad le habr\u00eda dicho a sus padres sentirse con un peque\u00f1o mareo y dolor de cabeza, algo que podr\u00eda parecer \u2018normal\u2019 en la cotidiana vida de las dos ni\u00f1as y sus carreras y juegos durante todo el d\u00eda, como suele suceder.<\/p>\n<p><span style=\"color: #ff0000;\"><strong>IMPOSIBLE SALVARLA<\/strong><\/span><br \/>\nFue la ma\u00f1ana de este domingo cuando el dolor envolvi\u00f3 a todos en su casa, luego que sus pap\u00e1s llamaran a la ni\u00f1a para que se levantara, desayunara y empezara su d\u00eda, lo que nunca ocurri\u00f3, pues cuando la fueron a despertar \u00e9sta se hallaba convulsionando, y pese a que profesionales m\u00e9dicos llegaron en minutos para tratar de reanimarla, finalmente la ni\u00f1a lleg\u00f3 sin vida al Hospital San Camilo, la peque\u00f1a Amelia Fern\u00e1ndez se hab\u00eda ido para siempre.<\/p>\n<p><span style=\"color: #ff0000;\"><strong>LA PDI INVESTIGA<\/strong><\/span><br \/>\nAs\u00ed lo confirm\u00f3 a Diario El Trabajo el jefe de la Brigada de Homicidios de la PDI, comisario Gino Guti\u00e9rrez, \u00abefectivamente nuestra Unidad de Homicidios fue llamada por profesionales m\u00e9dicos del Hospital San Camilo, en la primera parte de esta investigaci\u00f3n nuestros agentes y personal m\u00e9dico dictaminaron como Indeterminadas las causas de su muerte, pues la ni\u00f1a lleg\u00f3 sin vida al hospital, preliminarmente se descartan acciones de terceros y golpes que pudieran sospechar de terceros, sin embargo ser\u00e1n los ex\u00e1menes de la Necroxia a cargo del Servicio M\u00e9dico Legal los que den m\u00e1s claridad en esta investigaci\u00f3n, pues tampoco se conoce que la ni\u00f1a tuviera episodios de alguna enfermedad que nos pudiera orientar como antecedente\u00bb, dijo Guti\u00e9rrez.<br \/>\nAmelia era estudiante de la Escuela Jos\u00e9 de San Mart\u00edn y cursaba tercero b\u00e1sico, destac\u00e1ndose desde su temprana edad en los talleres de Danza en ese centro educativo. La peque\u00f1ita ser\u00e1 velada en la sede vecinal de Villa Las Acacias, pues es ah\u00ed donde vive la abuela de Amelia. La hora de sus funerales no fue confirmada por los padres de la ni\u00f1a, pues hasta que el SML entregue su cuerpo los podr\u00e1n realizar.<br \/>\n<strong>Roberto Gonz\u00e1lez Short<\/strong><\/p>\n<figure id=\"attachment_86757\" aria-describedby=\"caption-attachment-86757\" style=\"width: 579px\" class=\"wp-caption alignnone\"><img data-recalc-dims=\"1\" loading=\"lazy\" decoding=\"async\" class=\"size-full wp-image-86757\" src=\"https:\/\/i0.wp.com\/www.eltrabajo.cl\/portal\/wp-content\/uploads\/2018\/06\/Amelia_Gino-Gutierrez.jpg?resize=579%2C434\" alt=\"Gino Guti\u00e9rrez, comisario de la PDI y director de la Brigada de Homicidios de esa instituci\u00f3n.\" width=\"579\" height=\"434\" srcset=\"https:\/\/i0.wp.com\/eltrabajo.cl\/portal\/wp-content\/uploads\/2018\/06\/Amelia_Gino-Gutierrez.jpg?w=579&amp;ssl=1 579w, https:\/\/i0.wp.com\/eltrabajo.cl\/portal\/wp-content\/uploads\/2018\/06\/Amelia_Gino-Gutierrez.jpg?resize=200%2C150&amp;ssl=1 200w, https:\/\/i0.wp.com\/eltrabajo.cl\/portal\/wp-content\/uploads\/2018\/06\/Amelia_Gino-Gutierrez.jpg?resize=300%2C225&amp;ssl=1 300w, https:\/\/i0.wp.com\/eltrabajo.cl\/portal\/wp-content\/uploads\/2018\/06\/Amelia_Gino-Gutierrez.jpg?resize=400%2C300&amp;ssl=1 400w\" sizes=\"auto, (max-width: 579px) 100vw, 579px\" \/><figcaption id=\"caption-attachment-86757\" class=\"wp-caption-text\">Gino Guti\u00e9rrez, comisario de la PDI y director de la Brigada de Homicidios de esa instituci\u00f3n.<\/figcaption><\/figure>\n<figure id=\"attachment_86756\" aria-describedby=\"caption-attachment-86756\" style=\"width: 579px\" class=\"wp-caption alignnone\"><img data-recalc-dims=\"1\" loading=\"lazy\" decoding=\"async\" class=\"size-full wp-image-86756\" src=\"https:\/\/i0.wp.com\/www.eltrabajo.cl\/portal\/wp-content\/uploads\/2018\/06\/amelia-fernandez.jpg?resize=579%2C796\" alt=\"NUESTRO ANGELITO.- Ella es la princesita que vol\u00f3 a los cielos cuando apenas iniciaba su vida de sue\u00f1os y proyectos estudiantiles.\" width=\"579\" height=\"796\" srcset=\"https:\/\/i0.wp.com\/eltrabajo.cl\/portal\/wp-content\/uploads\/2018\/06\/amelia-fernandez.jpg?w=579&amp;ssl=1 579w, https:\/\/i0.wp.com\/eltrabajo.cl\/portal\/wp-content\/uploads\/2018\/06\/amelia-fernandez.jpg?resize=109%2C150&amp;ssl=1 109w, https:\/\/i0.wp.com\/eltrabajo.cl\/portal\/wp-content\/uploads\/2018\/06\/amelia-fernandez.jpg?resize=218%2C300&amp;ssl=1 218w, https:\/\/i0.wp.com\/eltrabajo.cl\/portal\/wp-content\/uploads\/2018\/06\/amelia-fernandez.jpg?resize=400%2C550&amp;ssl=1 400w\" sizes=\"auto, (max-width: 579px) 100vw, 579px\" \/><figcaption id=\"caption-attachment-86756\" class=\"wp-caption-text\">NUESTRO ANGELITO.- Ella es la princesita que vol\u00f3 a los cielos cuando apenas iniciaba su vida de sue\u00f1os y proyectos estudiantiles.<\/figcaption><\/figure>\n","protected":false},"excerpt":{"rendered":"<p>Horrible drama familiar en Villa Juan Pablo II: Todo pareci\u00f3 ser normal durante la noche de este s\u00e1bado, como tantas otras en la casa de una familia vecina de Villa Juan Pablo&#8230;<\/p>\n","protected":false},"author":1,"featured_media":86755,"comment_status":"open","ping_status":"open","sticky":false,"template":"","format":"standard","meta":{"advanced_seo_description":"","jetpack_seo_html_title":"","jetpack_seo_noindex":false,"_jetpack_memberships_contains_paid_content":false,"footnotes":""},"categories":[21],"tags":[],"class_list":["post-86754","post","type-post","status-publish","format-standard","has-post-thumbnail","hentry","category-policial"],"jetpack_featured_media_url":"https:\/\/i0.wp.com\/eltrabajo.cl\/portal\/wp-content\/uploads\/2018\/06\/amelia-fernandez-copia.jpg?fit=580%2C399&ssl=1","jetpack_sharing_enabled":true,"jetpack_likes_enabled":true,"jetpack-related-posts":[],"_links":{"self":[{"href":"https:\/\/eltrabajo.cl\/portal\/wp-json\/wp\/v2\/posts\/86754","targetHints":{"allow":["GET"]}}],"collection":[{"href":"https:\/\/eltrabajo.cl\/portal\/wp-json\/wp\/v2\/posts"}],"about":[{"href":"https:\/\/eltrabajo.cl\/portal\/wp-json\/wp\/v2\/types\/post"}],"author":[{"embeddable":true,"href":"https:\/\/eltrabajo.cl\/portal\/wp-json\/wp\/v2\/users\/1"}],"replies":[{"embeddable":true,"href":"https:\/\/eltrabajo.cl\/portal\/wp-json\/wp\/v2\/comments?post=86754"}],"version-history":[{"count":0,"href":"https:\/\/eltrabajo.cl\/portal\/wp-json\/wp\/v2\/posts\/86754\/revisions"}],"wp:featuredmedia":[{"embeddable":true,"href":"https:\/\/eltrabajo.cl\/portal\/wp-json\/wp\/v2\/media\/86755"}],"wp:attachment":[{"href":"https:\/\/eltrabajo.cl\/portal\/wp-json\/wp\/v2\/media?parent=86754"}],"wp:term":[{"taxonomy":"category","embeddable":true,"href":"https:\/\/eltrabajo.cl\/portal\/wp-json\/wp\/v2\/categories?post=86754"},{"taxonomy":"post_tag","embeddable":true,"href":"https:\/\/eltrabajo.cl\/portal\/wp-json\/wp\/v2\/tags?post=86754"}],"curies":[{"name":"wp","href":"https:\/\/api.w.org\/{rel}","templated":true}]}}