{"id":86762,"date":"2018-06-12T05:01:35","date_gmt":"2018-06-12T09:01:35","guid":{"rendered":"http:\/\/www.eltrabajo.cl\/2017\/?p=86762"},"modified":"2018-06-12T05:01:35","modified_gmt":"2018-06-12T09:01:35","slug":"cuatro-grados-bajo-cero-se-esperaban-para-hoy-martes-y-2o-para-esta-noche","status":"publish","type":"post","link":"https:\/\/eltrabajo.cl\/portal\/cuatro-grados-bajo-cero-se-esperaban-para-hoy-martes-y-2o-para-esta-noche\/","title":{"rendered":"Cuatro grados bajo cero se esperaban para hoy martes y -2\u00ba para esta noche"},"content":{"rendered":"<figure id=\"attachment_86763\" aria-describedby=\"caption-attachment-86763\" style=\"width: 580px\" class=\"wp-caption alignnone\"><img data-recalc-dims=\"1\" loading=\"lazy\" decoding=\"async\" class=\"size-full wp-image-86763\" src=\"https:\/\/i0.wp.com\/www.eltrabajo.cl\/portal\/wp-content\/uploads\/2018\/06\/Clima_Miguel-Cuevas.jpg?resize=580%2C464\" alt=\"Miguel Cuevas, encargado de la estaci\u00f3n meteorol\u00f3gica de la Escuela Agr\u00edcola de San Felipe.\" width=\"580\" height=\"464\" srcset=\"https:\/\/i0.wp.com\/eltrabajo.cl\/portal\/wp-content\/uploads\/2018\/06\/Clima_Miguel-Cuevas.jpg?w=580&amp;ssl=1 580w, https:\/\/i0.wp.com\/eltrabajo.cl\/portal\/wp-content\/uploads\/2018\/06\/Clima_Miguel-Cuevas.jpg?resize=188%2C150&amp;ssl=1 188w, https:\/\/i0.wp.com\/eltrabajo.cl\/portal\/wp-content\/uploads\/2018\/06\/Clima_Miguel-Cuevas.jpg?resize=300%2C240&amp;ssl=1 300w, https:\/\/i0.wp.com\/eltrabajo.cl\/portal\/wp-content\/uploads\/2018\/06\/Clima_Miguel-Cuevas.jpg?resize=400%2C320&amp;ssl=1 400w\" sizes=\"auto, (max-width: 580px) 100vw, 580px\" \/><figcaption id=\"caption-attachment-86763\" class=\"wp-caption-text\">Miguel Cuevas, encargado de la estaci\u00f3n meteorol\u00f3gica de la Escuela Agr\u00edcola de San Felipe.<\/figcaption><\/figure>\n<ul>\n<li><span style=\"color: #ff0000;\"><strong>Sin lluvias hasta la otra semana:<\/strong><\/span><\/li>\n<\/ul>\n<p>Si muchos de nuestros lectores sintieron anoche y esta madrugada fr\u00edos extremos, es porque entonces la estaci\u00f3n meteorol\u00f3gica de la Escuela Agr\u00edcola de San Felipe acert\u00f3 en sus anuncios, pues el Sistema Frontal ahora no estar\u00eda caracterizado en esta etapa por las lluvias, sino m\u00e1s bien que por las baj\u00edsimas temperaturas, pues desde hoy martes en la madrugada en Aconcagua tendremos temperaturas de hasta 4\u00ba bajo cero, y una m\u00e1xima de 10 grados.<br \/>\nAs\u00ed lo asegur\u00f3 el encargado de la estaci\u00f3n meteorol\u00f3gica de la Escuela Agr\u00edcola de San Felipe, Miguel Cuevas, quien explic\u00f3 que \u00abde -4\u00ba ser\u00e1n las m\u00ednimas este martes con un m\u00e1ximo de +10\u00ba, para el mi\u00e9rcoles tendremos seg\u00fan nuestros instrumentos y mediciones a nivel regional, -2\u00ba y +10\u00ba. Este Sistema Frontal est\u00e1 dentro de lo normal para esta transici\u00f3n de oto\u00f1o a invierno. Durante el fin de semana cayeron, hasta las 8:00 horas del lunes, 24 mm. de aguas lluvias, o sea, que a\u00fan tenemos un d\u00e9ficit de 63%. Estos d\u00edas ser\u00e1n secos, pero muy fr\u00edos y no se pronostican lluvias al menos en los siguientes siete d\u00edas (\u2026) a los ni\u00f1os, bien abrigados y que no se expongan a la humedad, no caer\u00e1 nieve, aunque la noche del domingo para el lunes s\u00ed hubo aguanieve\u00bb, coment\u00f3 Cuevas a nuestro medio.<br \/>\nRecordar que en 2017 s\u00ed hubo una nevada en nuestra comuna y en casi todas las del Valle de Aconcagua.<br \/>\n<strong>Roberto Gonz\u00e1lez Short<\/strong><\/p>\n<figure id=\"attachment_86764\" aria-describedby=\"caption-attachment-86764\" style=\"width: 579px\" class=\"wp-caption alignnone\"><img data-recalc-dims=\"1\" loading=\"lazy\" decoding=\"async\" class=\"size-full wp-image-86764\" src=\"https:\/\/i0.wp.com\/www.eltrabajo.cl\/portal\/wp-content\/uploads\/2018\/06\/Clima2.jpg?resize=579%2C380\" alt=\"NIEVE AMIGA.- En 2017 la nieve s\u00ed nos visit\u00f3, especialmente en el sector Almendral y Santa Mar\u00eda. (Archivo)\" width=\"579\" height=\"380\" srcset=\"https:\/\/i0.wp.com\/eltrabajo.cl\/portal\/wp-content\/uploads\/2018\/06\/Clima2.jpg?w=579&amp;ssl=1 579w, https:\/\/i0.wp.com\/eltrabajo.cl\/portal\/wp-content\/uploads\/2018\/06\/Clima2.jpg?resize=200%2C131&amp;ssl=1 200w, https:\/\/i0.wp.com\/eltrabajo.cl\/portal\/wp-content\/uploads\/2018\/06\/Clima2.jpg?resize=300%2C197&amp;ssl=1 300w, https:\/\/i0.wp.com\/eltrabajo.cl\/portal\/wp-content\/uploads\/2018\/06\/Clima2.jpg?resize=229%2C150&amp;ssl=1 229w, https:\/\/i0.wp.com\/eltrabajo.cl\/portal\/wp-content\/uploads\/2018\/06\/Clima2.jpg?resize=400%2C263&amp;ssl=1 400w\" sizes=\"auto, (max-width: 579px) 100vw, 579px\" \/><figcaption id=\"caption-attachment-86764\" class=\"wp-caption-text\">NIEVE AMIGA.- En 2017 la nieve s\u00ed nos visit\u00f3, especialmente en el sector Almendral y Santa Mar\u00eda. (Archivo)<\/figcaption><\/figure>\n","protected":false},"excerpt":{"rendered":"<p>Sin lluvias hasta la otra semana: Si muchos de nuestros lectores sintieron anoche y esta madrugada fr\u00edos extremos, es porque entonces la estaci\u00f3n meteorol\u00f3gica de la Escuela Agr\u00edcola de San Felipe acert\u00f3&#8230;<\/p>\n","protected":false},"author":1,"featured_media":86763,"comment_status":"open","ping_status":"open","sticky":false,"template":"","format":"standard","meta":{"advanced_seo_description":"","jetpack_seo_html_title":"","jetpack_seo_noindex":false,"_jetpack_memberships_contains_paid_content":false,"footnotes":""},"categories":[1],"tags":[],"class_list":["post-86762","post","type-post","status-publish","format-standard","has-post-thumbnail","hentry","category-cronica"],"jetpack_featured_media_url":"https:\/\/i0.wp.com\/eltrabajo.cl\/portal\/wp-content\/uploads\/2018\/06\/Clima_Miguel-Cuevas.jpg?fit=580%2C464&ssl=1","jetpack_sharing_enabled":true,"jetpack_likes_enabled":true,"jetpack-related-posts":[],"_links":{"self":[{"href":"https:\/\/eltrabajo.cl\/portal\/wp-json\/wp\/v2\/posts\/86762","targetHints":{"allow":["GET"]}}],"collection":[{"href":"https:\/\/eltrabajo.cl\/portal\/wp-json\/wp\/v2\/posts"}],"about":[{"href":"https:\/\/eltrabajo.cl\/portal\/wp-json\/wp\/v2\/types\/post"}],"author":[{"embeddable":true,"href":"https:\/\/eltrabajo.cl\/portal\/wp-json\/wp\/v2\/users\/1"}],"replies":[{"embeddable":true,"href":"https:\/\/eltrabajo.cl\/portal\/wp-json\/wp\/v2\/comments?post=86762"}],"version-history":[{"count":0,"href":"https:\/\/eltrabajo.cl\/portal\/wp-json\/wp\/v2\/posts\/86762\/revisions"}],"wp:featuredmedia":[{"embeddable":true,"href":"https:\/\/eltrabajo.cl\/portal\/wp-json\/wp\/v2\/media\/86763"}],"wp:attachment":[{"href":"https:\/\/eltrabajo.cl\/portal\/wp-json\/wp\/v2\/media?parent=86762"}],"wp:term":[{"taxonomy":"category","embeddable":true,"href":"https:\/\/eltrabajo.cl\/portal\/wp-json\/wp\/v2\/categories?post=86762"},{"taxonomy":"post_tag","embeddable":true,"href":"https:\/\/eltrabajo.cl\/portal\/wp-json\/wp\/v2\/tags?post=86762"}],"curies":[{"name":"wp","href":"https:\/\/api.w.org\/{rel}","templated":true}]}}