{"id":86766,"date":"2018-06-12T05:02:06","date_gmt":"2018-06-12T09:02:06","guid":{"rendered":"http:\/\/www.eltrabajo.cl\/2017\/?p=86766"},"modified":"2018-06-12T05:02:06","modified_gmt":"2018-06-12T09:02:06","slug":"hermanos-condenados-a-7-anos-de-carcel-por-robo-en-casa-de-profesora","status":"publish","type":"post","link":"https:\/\/eltrabajo.cl\/portal\/hermanos-condenados-a-7-anos-de-carcel-por-robo-en-casa-de-profesora\/","title":{"rendered":"Hermanos condenados a 7 a\u00f1os de c\u00e1rcel por robo en casa de profesora"},"content":{"rendered":"<figure id=\"attachment_86767\" aria-describedby=\"caption-attachment-86767\" style=\"width: 579px\" class=\"wp-caption alignnone\"><img data-recalc-dims=\"1\" loading=\"lazy\" decoding=\"async\" class=\"size-full wp-image-86767\" src=\"https:\/\/i0.wp.com\/www.eltrabajo.cl\/portal\/wp-content\/uploads\/2018\/06\/DETENIDOS2.jpg?resize=579%2C421\" alt=\"El Tribunal Oral en Lo Penal de San Felipe conden\u00f3 a ambos sujetos a la pena de siete a\u00f1os de c\u00e1rcel por el delito de robo en lugar habitado. (Foto Archivo).\" width=\"579\" height=\"421\" srcset=\"https:\/\/i0.wp.com\/eltrabajo.cl\/portal\/wp-content\/uploads\/2018\/06\/DETENIDOS2.jpg?w=579&amp;ssl=1 579w, https:\/\/i0.wp.com\/eltrabajo.cl\/portal\/wp-content\/uploads\/2018\/06\/DETENIDOS2.jpg?resize=200%2C145&amp;ssl=1 200w, https:\/\/i0.wp.com\/eltrabajo.cl\/portal\/wp-content\/uploads\/2018\/06\/DETENIDOS2.jpg?resize=300%2C218&amp;ssl=1 300w, https:\/\/i0.wp.com\/eltrabajo.cl\/portal\/wp-content\/uploads\/2018\/06\/DETENIDOS2.jpg?resize=206%2C150&amp;ssl=1 206w, https:\/\/i0.wp.com\/eltrabajo.cl\/portal\/wp-content\/uploads\/2018\/06\/DETENIDOS2.jpg?resize=400%2C291&amp;ssl=1 400w\" sizes=\"auto, (max-width: 579px) 100vw, 579px\" \/><figcaption id=\"caption-attachment-86767\" class=\"wp-caption-text\">El Tribunal Oral en Lo Penal de San Felipe conden\u00f3 a ambos sujetos a la pena de siete a\u00f1os de c\u00e1rcel por el delito de robo en lugar habitado. (Foto Archivo).<\/figcaption><\/figure>\n<ul>\n<li><strong><span style=\"color: #ff0000;\">Hecho ocurri\u00f3 en la Villa San Camilo de San Felipe:<\/span>\u00a0Delincuentes pretend\u00edan apoderarse de diversas especies tecnol\u00f3gicas avaluadas en dos millones de pesos, siendo detenidos por Carabineros.<\/strong><\/li>\n<\/ul>\n<p>A una pena de siete a\u00f1os de c\u00e1rcel fueron condenados por el Tribunal Oral en Lo Penal de San Felipe, dos hermanos provenientes de la ciudad de Vi\u00f1a del Mar, identificados como Cristian Francisco y Dani Daniel C\u00f3rdova Aravena, por el delito de robo de especies al interior de la vivienda de una profesora en la Villa San Camilo de San Felipe.<br \/>\nComo se recordar\u00e1 el Fiscal Rodrigo Zapata Cu\u00e9llar investig\u00f3 los hechos ocurridos el 2 de noviembre del a\u00f1o pasado, alrededor de las 14:00 horas, luego que la dupla delictual habr\u00eda escalado la reja de cierre perimetral para acceder hasta las dependencias del domicilio, siendo vigilados por una mujer involucrada en el delito.<br \/>\nLos delincuentes se habr\u00edan apropiado de dos mochilas que fueron arrojadas hacia el exterior de la propiedad, en cuyo interior se encontraban un notebook, dos consolas de juegos Play Station con sus joysticks, un tel\u00e9fono celular, una c\u00e1mara filmadora, entre otras especies avaluadas en $2.000.000.<br \/>\nCarabineros logr\u00f3 la detenci\u00f3n de ambos sujetos, percat\u00e1ndose que los imputados accedieron al inmueble forzando una ventana, dejando acopiadas otras especies en la puerta principal para ser sustra\u00eddas.<br \/>\nTras un juicio oral desarrollado la semana pasada, los jueces del Tribunal consideraron a ambos sujetos culpables del delito de robo con fuerza en un lugar destinado a la habitaci\u00f3n.<br \/>\nPese a que la Fiscal\u00eda persegu\u00eda penas de 10 a\u00f1os de presidio, la terna de Magistrados de este tribunal conden\u00f3 a ambos sujetos a cumplir una pena de siete a\u00f1os de c\u00e1rcel.<br \/>\nPor su parte la defensa de los enjuiciados mantiene un plazo de diez d\u00edas para elevar eventualmente un recurso de nulidad sobre este juicio, ante la Corte de Apelaciones de Valpara\u00edso.<br \/>\n<strong>Pablo Salinas Sald\u00edas<\/strong><\/p>\n","protected":false},"excerpt":{"rendered":"<p>Hecho ocurri\u00f3 en la Villa San Camilo de San Felipe:\u00a0Delincuentes pretend\u00edan apoderarse de diversas especies tecnol\u00f3gicas avaluadas en dos millones de pesos, siendo detenidos por Carabineros. A una pena de siete a\u00f1os&#8230;<\/p>\n","protected":false},"author":1,"featured_media":86767,"comment_status":"open","ping_status":"open","sticky":false,"template":"","format":"standard","meta":{"advanced_seo_description":"","jetpack_seo_html_title":"","jetpack_seo_noindex":false,"_jetpack_memberships_contains_paid_content":false,"footnotes":""},"categories":[21],"tags":[],"class_list":["post-86766","post","type-post","status-publish","format-standard","has-post-thumbnail","hentry","category-policial"],"jetpack_featured_media_url":"https:\/\/i0.wp.com\/eltrabajo.cl\/portal\/wp-content\/uploads\/2018\/06\/DETENIDOS2.jpg?fit=579%2C421&ssl=1","jetpack_sharing_enabled":true,"jetpack_likes_enabled":true,"jetpack-related-posts":[],"_links":{"self":[{"href":"https:\/\/eltrabajo.cl\/portal\/wp-json\/wp\/v2\/posts\/86766","targetHints":{"allow":["GET"]}}],"collection":[{"href":"https:\/\/eltrabajo.cl\/portal\/wp-json\/wp\/v2\/posts"}],"about":[{"href":"https:\/\/eltrabajo.cl\/portal\/wp-json\/wp\/v2\/types\/post"}],"author":[{"embeddable":true,"href":"https:\/\/eltrabajo.cl\/portal\/wp-json\/wp\/v2\/users\/1"}],"replies":[{"embeddable":true,"href":"https:\/\/eltrabajo.cl\/portal\/wp-json\/wp\/v2\/comments?post=86766"}],"version-history":[{"count":0,"href":"https:\/\/eltrabajo.cl\/portal\/wp-json\/wp\/v2\/posts\/86766\/revisions"}],"wp:featuredmedia":[{"embeddable":true,"href":"https:\/\/eltrabajo.cl\/portal\/wp-json\/wp\/v2\/media\/86767"}],"wp:attachment":[{"href":"https:\/\/eltrabajo.cl\/portal\/wp-json\/wp\/v2\/media?parent=86766"}],"wp:term":[{"taxonomy":"category","embeddable":true,"href":"https:\/\/eltrabajo.cl\/portal\/wp-json\/wp\/v2\/categories?post=86766"},{"taxonomy":"post_tag","embeddable":true,"href":"https:\/\/eltrabajo.cl\/portal\/wp-json\/wp\/v2\/tags?post=86766"}],"curies":[{"name":"wp","href":"https:\/\/api.w.org\/{rel}","templated":true}]}}