{"id":86769,"date":"2018-06-12T05:03:16","date_gmt":"2018-06-12T09:03:16","guid":{"rendered":"http:\/\/www.eltrabajo.cl\/2017\/?p=86769"},"modified":"2018-06-12T05:03:16","modified_gmt":"2018-06-12T09:03:16","slug":"boulevard-respondio-y-no-hubo-anegamiento-en-calle-prat-por-las-lluvias","status":"publish","type":"post","link":"https:\/\/eltrabajo.cl\/portal\/boulevard-respondio-y-no-hubo-anegamiento-en-calle-prat-por-las-lluvias\/","title":{"rendered":"Boulevard respondi\u00f3 y no hubo anegamiento en calle Prat por las lluvias"},"content":{"rendered":"<figure id=\"attachment_86772\" aria-describedby=\"caption-attachment-86772\" style=\"width: 578px\" class=\"wp-caption alignnone\"><img data-recalc-dims=\"1\" loading=\"lazy\" decoding=\"async\" class=\"size-full wp-image-86772\" src=\"https:\/\/i0.wp.com\/www.eltrabajo.cl\/portal\/wp-content\/uploads\/2018\/06\/Prat.jpg?resize=578%2C347\" alt=\"Este era el panorama de la calle Prat ayer en la ma\u00f1ana luego de la lluvia.\" width=\"578\" height=\"347\" srcset=\"https:\/\/i0.wp.com\/eltrabajo.cl\/portal\/wp-content\/uploads\/2018\/06\/Prat.jpg?w=578&amp;ssl=1 578w, https:\/\/i0.wp.com\/eltrabajo.cl\/portal\/wp-content\/uploads\/2018\/06\/Prat.jpg?resize=200%2C120&amp;ssl=1 200w, https:\/\/i0.wp.com\/eltrabajo.cl\/portal\/wp-content\/uploads\/2018\/06\/Prat.jpg?resize=300%2C180&amp;ssl=1 300w, https:\/\/i0.wp.com\/eltrabajo.cl\/portal\/wp-content\/uploads\/2018\/06\/Prat.jpg?resize=250%2C150&amp;ssl=1 250w, https:\/\/i0.wp.com\/eltrabajo.cl\/portal\/wp-content\/uploads\/2018\/06\/Prat.jpg?resize=400%2C240&amp;ssl=1 400w\" sizes=\"auto, (max-width: 578px) 100vw, 578px\" \/><figcaption id=\"caption-attachment-86772\" class=\"wp-caption-text\">Este era el panorama de la calle Prat ayer en la ma\u00f1ana luego de la lluvia.<\/figcaption><\/figure>\n<ul>\n<li><span style=\"color: #ff0000;\"><strong>Entre Salinas y Traslavi\u00f1a:<\/strong><\/span><\/li>\n<\/ul>\n<p>Literalmente no pas\u00f3 nada con los comerciantes de calle Arturo Prat de San Felipe debido al frente de mal tiempo que azot\u00f3 a la comuna en las \u00faltimas 48 horas.<br \/>\nLo anterior porque no tuvieron que comprar sacos de arena para protegerse del agua que escurr\u00eda por la calle, especialmente por las ciclov\u00edas.<br \/>\nSe dijo en su momento que la construcci\u00f3n del llamado Boulevard podr\u00eda causar estragos en las personas que transitan por el lugar.<br \/>\nEn tanto consultados en su momento algunos comerciantes, nos dec\u00edan que no estaban de acuerdo en c\u00f3mo hab\u00edan quedado los trabajos, pues tem\u00edan que cuando lloviera terminar\u00edan inundados.<br \/>\nPero al parecer todos esos malos presagios quedaron en la nada, porque ayer en la ma\u00f1ana y luego de las intensas lluvias que se dejaron caer en la ciudad de San Felipe, a simple vista se pudo apreciar que no hubo da\u00f1o a los locales. Algo que fue confirmado por las personas con las que pudimos conversar.<br \/>\nEn la intersecci\u00f3n de las calles Traslavi\u00f1a con Prat no se apreci\u00f3 que el agua se estancara o acumulara.<br \/>\nDe todas maneras hay que clarificar que ellos no estuvieron en la noche durante la lluvia, sin embargo al llegar a los establecimientos comerciales donde trabajan no encontraron signos de que hubiese entrado el agua: \u00abNo, no hubo problemas, cuando llegamos en la ma\u00f1ana estaba igual como dejamos, el agua no subi\u00f3 o no lleg\u00f3 al local, corri\u00f3 por las ciclov\u00edas, no tuvimos que usar sacos, nada de eso\u00bb, nos dijo Carlos.<br \/>\nOtro funcionario de una tienda nos se\u00f1al\u00f3 que al menos en el lugar donde trabaja no hubo problemas con el agua, pese a que llovi\u00f3 bastante, pero no tuvieron problemas, el agua escurri\u00f3 por calle Prat hacia abajo.<br \/>\nUna comerciante de la misma calle Prat coincidi\u00f3 con los otros dos en el sentido que tampoco tuvo problemas al llegar en la ma\u00f1ana, no tuvo que conseguir sacos de arena, que era una de ideas pensadas para poder evitar que el agua ingresara a sus locales.<br \/>\nDurante nuestro recorrido no apreciamos sacos de arena, s\u00f3lo un mont\u00f3n de cartones amontonados junto a un pilar.<\/p>\n<figure id=\"attachment_86770\" aria-describedby=\"caption-attachment-86770\" style=\"width: 578px\" class=\"wp-caption alignnone\"><img data-recalc-dims=\"1\" loading=\"lazy\" decoding=\"async\" class=\"size-full wp-image-86770\" src=\"https:\/\/i0.wp.com\/www.eltrabajo.cl\/portal\/wp-content\/uploads\/2018\/06\/Prat-2.jpg?resize=578%2C347\" alt=\"La intersecci\u00f3n de las calles Arturo Prat con Traslavi\u00f1a, donde se acumular\u00eda el agua seg\u00fan algunos malos presagios.\" width=\"578\" height=\"347\" srcset=\"https:\/\/i0.wp.com\/eltrabajo.cl\/portal\/wp-content\/uploads\/2018\/06\/Prat-2.jpg?w=578&amp;ssl=1 578w, https:\/\/i0.wp.com\/eltrabajo.cl\/portal\/wp-content\/uploads\/2018\/06\/Prat-2.jpg?resize=200%2C120&amp;ssl=1 200w, https:\/\/i0.wp.com\/eltrabajo.cl\/portal\/wp-content\/uploads\/2018\/06\/Prat-2.jpg?resize=300%2C180&amp;ssl=1 300w, https:\/\/i0.wp.com\/eltrabajo.cl\/portal\/wp-content\/uploads\/2018\/06\/Prat-2.jpg?resize=250%2C150&amp;ssl=1 250w, https:\/\/i0.wp.com\/eltrabajo.cl\/portal\/wp-content\/uploads\/2018\/06\/Prat-2.jpg?resize=400%2C240&amp;ssl=1 400w\" sizes=\"auto, (max-width: 578px) 100vw, 578px\" \/><figcaption id=\"caption-attachment-86770\" class=\"wp-caption-text\">La intersecci\u00f3n de las calles Arturo Prat con Traslavi\u00f1a, donde se acumular\u00eda el agua seg\u00fan algunos malos presagios.<\/figcaption><\/figure>\n<figure id=\"attachment_86771\" aria-describedby=\"caption-attachment-86771\" style=\"width: 579px\" class=\"wp-caption alignnone\"><img data-recalc-dims=\"1\" loading=\"lazy\" decoding=\"async\" class=\"size-full wp-image-86771\" src=\"https:\/\/i0.wp.com\/www.eltrabajo.cl\/portal\/wp-content\/uploads\/2018\/06\/PRAT-DIN.jpg?resize=579%2C967\" alt=\"As\u00ed estaba ayer en la ma\u00f1ana el frontis de la tienda ABC Din.\" width=\"579\" height=\"967\" srcset=\"https:\/\/i0.wp.com\/eltrabajo.cl\/portal\/wp-content\/uploads\/2018\/06\/PRAT-DIN.jpg?w=579&amp;ssl=1 579w, https:\/\/i0.wp.com\/eltrabajo.cl\/portal\/wp-content\/uploads\/2018\/06\/PRAT-DIN.jpg?resize=90%2C150&amp;ssl=1 90w, https:\/\/i0.wp.com\/eltrabajo.cl\/portal\/wp-content\/uploads\/2018\/06\/PRAT-DIN.jpg?resize=180%2C300&amp;ssl=1 180w, https:\/\/i0.wp.com\/eltrabajo.cl\/portal\/wp-content\/uploads\/2018\/06\/PRAT-DIN.jpg?resize=400%2C668&amp;ssl=1 400w\" sizes=\"auto, (max-width: 579px) 100vw, 579px\" \/><figcaption id=\"caption-attachment-86771\" class=\"wp-caption-text\">As\u00ed estaba ayer en la ma\u00f1ana el frontis de la tienda ABC Din.<\/figcaption><\/figure>\n","protected":false},"excerpt":{"rendered":"<p>Entre Salinas y Traslavi\u00f1a: Literalmente no pas\u00f3 nada con los comerciantes de calle Arturo Prat de San Felipe debido al frente de mal tiempo que azot\u00f3 a la comuna en las \u00faltimas&#8230;<\/p>\n","protected":false},"author":1,"featured_media":86770,"comment_status":"open","ping_status":"open","sticky":false,"template":"","format":"standard","meta":{"advanced_seo_description":"","jetpack_seo_html_title":"","jetpack_seo_noindex":false,"_jetpack_memberships_contains_paid_content":false,"footnotes":""},"categories":[1],"tags":[],"class_list":["post-86769","post","type-post","status-publish","format-standard","has-post-thumbnail","hentry","category-cronica"],"jetpack_featured_media_url":"https:\/\/i0.wp.com\/eltrabajo.cl\/portal\/wp-content\/uploads\/2018\/06\/Prat-2.jpg?fit=578%2C347&ssl=1","jetpack_sharing_enabled":true,"jetpack_likes_enabled":true,"jetpack-related-posts":[],"_links":{"self":[{"href":"https:\/\/eltrabajo.cl\/portal\/wp-json\/wp\/v2\/posts\/86769","targetHints":{"allow":["GET"]}}],"collection":[{"href":"https:\/\/eltrabajo.cl\/portal\/wp-json\/wp\/v2\/posts"}],"about":[{"href":"https:\/\/eltrabajo.cl\/portal\/wp-json\/wp\/v2\/types\/post"}],"author":[{"embeddable":true,"href":"https:\/\/eltrabajo.cl\/portal\/wp-json\/wp\/v2\/users\/1"}],"replies":[{"embeddable":true,"href":"https:\/\/eltrabajo.cl\/portal\/wp-json\/wp\/v2\/comments?post=86769"}],"version-history":[{"count":0,"href":"https:\/\/eltrabajo.cl\/portal\/wp-json\/wp\/v2\/posts\/86769\/revisions"}],"wp:featuredmedia":[{"embeddable":true,"href":"https:\/\/eltrabajo.cl\/portal\/wp-json\/wp\/v2\/media\/86770"}],"wp:attachment":[{"href":"https:\/\/eltrabajo.cl\/portal\/wp-json\/wp\/v2\/media?parent=86769"}],"wp:term":[{"taxonomy":"category","embeddable":true,"href":"https:\/\/eltrabajo.cl\/portal\/wp-json\/wp\/v2\/categories?post=86769"},{"taxonomy":"post_tag","embeddable":true,"href":"https:\/\/eltrabajo.cl\/portal\/wp-json\/wp\/v2\/tags?post=86769"}],"curies":[{"name":"wp","href":"https:\/\/api.w.org\/{rel}","templated":true}]}}