{"id":86787,"date":"2018-06-13T05:02:10","date_gmt":"2018-06-13T09:02:10","guid":{"rendered":"http:\/\/www.eltrabajo.cl\/2017\/?p=86787"},"modified":"2018-06-13T05:02:10","modified_gmt":"2018-06-13T09:02:10","slug":"integrante-de-series-inferiores-del-uni-convocado-a-seleccion-chilena-u15","status":"publish","type":"post","link":"https:\/\/eltrabajo.cl\/portal\/integrante-de-series-inferiores-del-uni-convocado-a-seleccion-chilena-u15\/","title":{"rendered":"Integrante de series inferiores del Un\u00ed convocado a Selecci\u00f3n Chilena U15"},"content":{"rendered":"<figure id=\"attachment_86788\" aria-describedby=\"caption-attachment-86788\" style=\"width: 580px\" class=\"wp-caption alignnone\"><img data-recalc-dims=\"1\" loading=\"lazy\" decoding=\"async\" class=\"size-full wp-image-86788\" src=\"https:\/\/i0.wp.com\/www.eltrabajo.cl\/portal\/wp-content\/uploads\/2018\/06\/leandro-montenegro.jpg?resize=580%2C307\" alt=\"El cadete del Un\u00ed Un\u00ed, Leandro Montenegro, fue convocado a la selecci\u00f3n chilena U15.\" width=\"580\" height=\"307\" srcset=\"https:\/\/i0.wp.com\/eltrabajo.cl\/portal\/wp-content\/uploads\/2018\/06\/leandro-montenegro.jpg?w=580&amp;ssl=1 580w, https:\/\/i0.wp.com\/eltrabajo.cl\/portal\/wp-content\/uploads\/2018\/06\/leandro-montenegro.jpg?resize=200%2C106&amp;ssl=1 200w, https:\/\/i0.wp.com\/eltrabajo.cl\/portal\/wp-content\/uploads\/2018\/06\/leandro-montenegro.jpg?resize=300%2C159&amp;ssl=1 300w, https:\/\/i0.wp.com\/eltrabajo.cl\/portal\/wp-content\/uploads\/2018\/06\/leandro-montenegro.jpg?resize=283%2C150&amp;ssl=1 283w, https:\/\/i0.wp.com\/eltrabajo.cl\/portal\/wp-content\/uploads\/2018\/06\/leandro-montenegro.jpg?resize=400%2C212&amp;ssl=1 400w\" sizes=\"auto, (max-width: 580px) 100vw, 580px\" \/><figcaption id=\"caption-attachment-86788\" class=\"wp-caption-text\">El cadete del Un\u00ed Un\u00ed, Leandro Montenegro, fue convocado a la selecci\u00f3n chilena U15.<\/figcaption><\/figure>\n<p>Oriundo de Santa Mar\u00eda, el jugador de las categor\u00edas infantiles de Uni\u00f3n San Felipe, Leandro Montenegro Silva, se integr\u00f3 ayer en el Complejo Deportivo Quil\u00edn, a los trabajos de la selecci\u00f3n chilena menor de 15 a\u00f1os que se encuentra preparando para su participaci\u00f3n en el torneo Sudamericano de la categor\u00eda del a\u00f1o pr\u00f3ximo en una sede a\u00fan por definir.<br \/>\nEl promisorio jugador albirrojo junto al resto de los seleccionados estar\u00e1 concentrado hasta hoy, para posteriormente quedar liberados y volver al trabajo a su respectivo equipo infantil en el club aconcag\u00fcino.<br \/>\nLeandro Montenegro es producto del proyecto formativo albirrojo que tiene lugar en la comuna de Calle Larga, y en la actualidad es dirigido t\u00e9cnicamente por el t\u00e9cnico Fabricio Ponce.<\/p>\n","protected":false},"excerpt":{"rendered":"<p>Oriundo de Santa Mar\u00eda, el jugador de las categor\u00edas infantiles de Uni\u00f3n San Felipe, Leandro Montenegro Silva, se integr\u00f3 ayer en el Complejo Deportivo Quil\u00edn, a los trabajos de la selecci\u00f3n chilena&#8230;<\/p>\n","protected":false},"author":1,"featured_media":86788,"comment_status":"open","ping_status":"open","sticky":false,"template":"","format":"standard","meta":{"advanced_seo_description":"","jetpack_seo_html_title":"","jetpack_seo_noindex":false,"_jetpack_memberships_contains_paid_content":false,"footnotes":""},"categories":[19],"tags":[],"class_list":["post-86787","post","type-post","status-publish","format-standard","has-post-thumbnail","hentry","category-deportes"],"jetpack_featured_media_url":"https:\/\/i0.wp.com\/eltrabajo.cl\/portal\/wp-content\/uploads\/2018\/06\/leandro-montenegro.jpg?fit=580%2C307&ssl=1","jetpack_sharing_enabled":true,"jetpack_likes_enabled":true,"jetpack-related-posts":[],"_links":{"self":[{"href":"https:\/\/eltrabajo.cl\/portal\/wp-json\/wp\/v2\/posts\/86787","targetHints":{"allow":["GET"]}}],"collection":[{"href":"https:\/\/eltrabajo.cl\/portal\/wp-json\/wp\/v2\/posts"}],"about":[{"href":"https:\/\/eltrabajo.cl\/portal\/wp-json\/wp\/v2\/types\/post"}],"author":[{"embeddable":true,"href":"https:\/\/eltrabajo.cl\/portal\/wp-json\/wp\/v2\/users\/1"}],"replies":[{"embeddable":true,"href":"https:\/\/eltrabajo.cl\/portal\/wp-json\/wp\/v2\/comments?post=86787"}],"version-history":[{"count":0,"href":"https:\/\/eltrabajo.cl\/portal\/wp-json\/wp\/v2\/posts\/86787\/revisions"}],"wp:featuredmedia":[{"embeddable":true,"href":"https:\/\/eltrabajo.cl\/portal\/wp-json\/wp\/v2\/media\/86788"}],"wp:attachment":[{"href":"https:\/\/eltrabajo.cl\/portal\/wp-json\/wp\/v2\/media?parent=86787"}],"wp:term":[{"taxonomy":"category","embeddable":true,"href":"https:\/\/eltrabajo.cl\/portal\/wp-json\/wp\/v2\/categories?post=86787"},{"taxonomy":"post_tag","embeddable":true,"href":"https:\/\/eltrabajo.cl\/portal\/wp-json\/wp\/v2\/tags?post=86787"}],"curies":[{"name":"wp","href":"https:\/\/api.w.org\/{rel}","templated":true}]}}