{"id":86800,"date":"2018-06-13T05:05:23","date_gmt":"2018-06-13T09:05:23","guid":{"rendered":"http:\/\/www.eltrabajo.cl\/2017\/?p=86800"},"modified":"2018-06-13T05:05:23","modified_gmt":"2018-06-13T09:05:23","slug":"colombiana-de-50-anos-muere-tras-ser-atacada-a-cuchillazos-por-su-pareja","status":"publish","type":"post","link":"https:\/\/eltrabajo.cl\/portal\/colombiana-de-50-anos-muere-tras-ser-atacada-a-cuchillazos-por-su-pareja\/","title":{"rendered":"Colombiana de 50 a\u00f1os muere tras ser atacada a cuchillazos por su pareja"},"content":{"rendered":"<figure id=\"attachment_86802\" aria-describedby=\"caption-attachment-86802\" style=\"width: 579px\" class=\"wp-caption alignnone\"><img data-recalc-dims=\"1\" loading=\"lazy\" decoding=\"async\" class=\"size-full wp-image-86802\" src=\"https:\/\/i0.wp.com\/www.eltrabajo.cl\/portal\/wp-content\/uploads\/2018\/06\/colombiana-muere-acuchillada-3.jpg?resize=579%2C435\" alt=\"Abundante sangre junto a la cuchilla utilizada por el hombre de nacionalidad chilena que habr\u00eda atacado a la mujer colombiana, arrebat\u00e1ndole la vida.\" width=\"579\" height=\"435\" srcset=\"https:\/\/i0.wp.com\/eltrabajo.cl\/portal\/wp-content\/uploads\/2018\/06\/colombiana-muere-acuchillada-3.jpg?w=579&amp;ssl=1 579w, https:\/\/i0.wp.com\/eltrabajo.cl\/portal\/wp-content\/uploads\/2018\/06\/colombiana-muere-acuchillada-3.jpg?resize=200%2C150&amp;ssl=1 200w, https:\/\/i0.wp.com\/eltrabajo.cl\/portal\/wp-content\/uploads\/2018\/06\/colombiana-muere-acuchillada-3.jpg?resize=300%2C225&amp;ssl=1 300w, https:\/\/i0.wp.com\/eltrabajo.cl\/portal\/wp-content\/uploads\/2018\/06\/colombiana-muere-acuchillada-3.jpg?resize=400%2C301&amp;ssl=1 400w\" sizes=\"auto, (max-width: 579px) 100vw, 579px\" \/><figcaption id=\"caption-attachment-86802\" class=\"wp-caption-text\">Abundante sangre junto a la cuchilla utilizada por el hombre de nacionalidad chilena que habr\u00eda atacado a la mujer colombiana, arrebat\u00e1ndole la vida.<\/figcaption><\/figure>\n<ul>\n<li><span style=\"color: #ff0000;\"><strong>Agresor se autoinfiri\u00f3 una herida cortante en el cuello en las afueras del Cesfam de Calle Larga.<\/strong><\/span><\/li>\n<\/ul>\n<p><strong>CALLE LARGA.-<\/strong>\u00a0Como\u00a0Gertrudis Mart\u00ednez Far\u00edas, de 50 a\u00f1os de edad,\u00a0fue identificada la mujer de nacionalidad colombiana que falleci\u00f3 la tarde de ayer despu\u00e9s de haber recibido numerosas pu\u00f1aladas de parte de un hombre que supuestamente ser\u00eda su pareja, el cual luego de la brutal agresi\u00f3n atent\u00f3 contra su vida autoinfiri\u00e9ndose una herida cortante en el cuello, tentativa que no concret\u00f3.<br \/>\nLa mortal agresi\u00f3n qued\u00f3 al descubierto alrededor de las 11 de la ma\u00f1ana de este martes, cuando la v\u00edctima lleg\u00f3 hasta el Cesfam de Calle Larga, ubicado en calle La Pampilla, pidiendo ayuda debido a que hab\u00eda sido agredida con arma blanca por su pareja en un domicilio de esa comuna.<br \/>\nEn los instantes en que la mujer estaba siendo atendida, arrib\u00f3 al lugar el agresor, quien se ubic\u00f3 en las afueras del centro asistencial donde se autoinfiri\u00f3 heridas cortantes en el cuello.<br \/>\nEl personal del Cesfam sali\u00f3 en su auxilio y una vez estabilizado, as\u00ed como tambi\u00e9n la mujer, fueron trasladados en ambulancias del Samu hasta el Servicio de Urgencia\u00a0\u00a0del Hospital San Juan de Dios de Los Andes.<br \/>\nEn el lugar y debido a la gravedad de las lesiones, la mujer dej\u00f3 de existir cerca de las 14 horas en el centro asistencial andino.<br \/>\nSeg\u00fan indic\u00f3 el Comisario de Carabineros de Los Andes, Mayor Aleiko Alvear, se encuentra en proceso de investigaci\u00f3n las circunstancias en que ocurri\u00f3 esta agresi\u00f3n, ya que la v\u00edctima sufri\u00f3 varias heridas cortantes en diversas partes del cuerpo.<br \/>\nAgreg\u00f3 que hay que determinar si el agresor era efectivamente la pareja de la mujer, as\u00ed como tambi\u00e9n verificar su edad y nacionalidad, el cual en todo caso ser\u00eda chileno, seg\u00fan los antecedentes.<br \/>\nEl sitio del suceso donde el hombre intent\u00f3 quitarse la vida en las afueras del Cesfam, fue cercado para permitir el trabajo de la Brigada de Homicidios de la PDI.<\/p>\n<figure id=\"attachment_86801\" aria-describedby=\"caption-attachment-86801\" style=\"width: 579px\" class=\"wp-caption alignnone\"><img data-recalc-dims=\"1\" loading=\"lazy\" decoding=\"async\" class=\"size-full wp-image-86801\" src=\"https:\/\/i0.wp.com\/www.eltrabajo.cl\/portal\/wp-content\/uploads\/2018\/06\/colombiana-muere-acuchillada-2.jpg?resize=579%2C365\" alt=\"En las afueras del centro asistencial, el presunto autor de la agresi\u00f3n se autoinfiri\u00f3 heridas en el cuello, siendo atendido por el mismo personal del Cesfam.\" width=\"579\" height=\"365\" srcset=\"https:\/\/i0.wp.com\/eltrabajo.cl\/portal\/wp-content\/uploads\/2018\/06\/colombiana-muere-acuchillada-2.jpg?w=579&amp;ssl=1 579w, https:\/\/i0.wp.com\/eltrabajo.cl\/portal\/wp-content\/uploads\/2018\/06\/colombiana-muere-acuchillada-2.jpg?resize=200%2C126&amp;ssl=1 200w, https:\/\/i0.wp.com\/eltrabajo.cl\/portal\/wp-content\/uploads\/2018\/06\/colombiana-muere-acuchillada-2.jpg?resize=300%2C189&amp;ssl=1 300w, https:\/\/i0.wp.com\/eltrabajo.cl\/portal\/wp-content\/uploads\/2018\/06\/colombiana-muere-acuchillada-2.jpg?resize=238%2C150&amp;ssl=1 238w, https:\/\/i0.wp.com\/eltrabajo.cl\/portal\/wp-content\/uploads\/2018\/06\/colombiana-muere-acuchillada-2.jpg?resize=400%2C252&amp;ssl=1 400w\" sizes=\"auto, (max-width: 579px) 100vw, 579px\" \/><figcaption id=\"caption-attachment-86801\" class=\"wp-caption-text\">En las afueras del centro asistencial, el presunto autor de la agresi\u00f3n se autoinfiri\u00f3 heridas en el cuello, siendo atendido por el mismo personal del Cesfam.<\/figcaption><\/figure>\n","protected":false},"excerpt":{"rendered":"<p>Agresor se autoinfiri\u00f3 una herida cortante en el cuello en las afueras del Cesfam de Calle Larga. CALLE LARGA.-\u00a0Como\u00a0Gertrudis Mart\u00ednez Far\u00edas, de 50 a\u00f1os de edad,\u00a0fue identificada la mujer de nacionalidad colombiana&#8230;<\/p>\n","protected":false},"author":1,"featured_media":86801,"comment_status":"open","ping_status":"open","sticky":false,"template":"","format":"standard","meta":{"advanced_seo_description":"","jetpack_seo_html_title":"","jetpack_seo_noindex":false,"_jetpack_memberships_contains_paid_content":false,"footnotes":""},"categories":[21],"tags":[],"class_list":["post-86800","post","type-post","status-publish","format-standard","has-post-thumbnail","hentry","category-policial"],"jetpack_featured_media_url":"https:\/\/i0.wp.com\/eltrabajo.cl\/portal\/wp-content\/uploads\/2018\/06\/colombiana-muere-acuchillada-2.jpg?fit=579%2C365&ssl=1","jetpack_sharing_enabled":true,"jetpack_likes_enabled":true,"jetpack-related-posts":[],"_links":{"self":[{"href":"https:\/\/eltrabajo.cl\/portal\/wp-json\/wp\/v2\/posts\/86800","targetHints":{"allow":["GET"]}}],"collection":[{"href":"https:\/\/eltrabajo.cl\/portal\/wp-json\/wp\/v2\/posts"}],"about":[{"href":"https:\/\/eltrabajo.cl\/portal\/wp-json\/wp\/v2\/types\/post"}],"author":[{"embeddable":true,"href":"https:\/\/eltrabajo.cl\/portal\/wp-json\/wp\/v2\/users\/1"}],"replies":[{"embeddable":true,"href":"https:\/\/eltrabajo.cl\/portal\/wp-json\/wp\/v2\/comments?post=86800"}],"version-history":[{"count":0,"href":"https:\/\/eltrabajo.cl\/portal\/wp-json\/wp\/v2\/posts\/86800\/revisions"}],"wp:featuredmedia":[{"embeddable":true,"href":"https:\/\/eltrabajo.cl\/portal\/wp-json\/wp\/v2\/media\/86801"}],"wp:attachment":[{"href":"https:\/\/eltrabajo.cl\/portal\/wp-json\/wp\/v2\/media?parent=86800"}],"wp:term":[{"taxonomy":"category","embeddable":true,"href":"https:\/\/eltrabajo.cl\/portal\/wp-json\/wp\/v2\/categories?post=86800"},{"taxonomy":"post_tag","embeddable":true,"href":"https:\/\/eltrabajo.cl\/portal\/wp-json\/wp\/v2\/tags?post=86800"}],"curies":[{"name":"wp","href":"https:\/\/api.w.org\/{rel}","templated":true}]}}