{"id":86804,"date":"2018-06-13T05:06:02","date_gmt":"2018-06-13T09:06:02","guid":{"rendered":"http:\/\/www.eltrabajo.cl\/2017\/?p=86804"},"modified":"2018-06-13T05:06:02","modified_gmt":"2018-06-13T09:06:02","slug":"policia-capturo-a-sujeto-con-miles-de-videos-con-pornografia-infantil","status":"publish","type":"post","link":"https:\/\/eltrabajo.cl\/portal\/policia-capturo-a-sujeto-con-miles-de-videos-con-pornografia-infantil\/","title":{"rendered":"Polic\u00eda captur\u00f3 a sujeto con miles de videos con pornograf\u00eda infantil"},"content":{"rendered":"<figure id=\"attachment_86806\" aria-describedby=\"caption-attachment-86806\" style=\"width: 579px\" class=\"wp-caption alignnone\"><img data-recalc-dims=\"1\" loading=\"lazy\" decoding=\"async\" class=\"size-full wp-image-86806\" src=\"https:\/\/i0.wp.com\/www.eltrabajo.cl\/portal\/wp-content\/uploads\/2018\/06\/portadilla-pornografico-sanfe3.jpg?resize=579%2C410\" alt=\"El imputado fue detenido por la PDI por almacenamiento de pornograf\u00eda infantil.\" width=\"579\" height=\"410\" srcset=\"https:\/\/i0.wp.com\/eltrabajo.cl\/portal\/wp-content\/uploads\/2018\/06\/portadilla-pornografico-sanfe3.jpg?w=579&amp;ssl=1 579w, https:\/\/i0.wp.com\/eltrabajo.cl\/portal\/wp-content\/uploads\/2018\/06\/portadilla-pornografico-sanfe3.jpg?resize=200%2C142&amp;ssl=1 200w, https:\/\/i0.wp.com\/eltrabajo.cl\/portal\/wp-content\/uploads\/2018\/06\/portadilla-pornografico-sanfe3.jpg?resize=300%2C212&amp;ssl=1 300w, https:\/\/i0.wp.com\/eltrabajo.cl\/portal\/wp-content\/uploads\/2018\/06\/portadilla-pornografico-sanfe3.jpg?resize=212%2C150&amp;ssl=1 212w, https:\/\/i0.wp.com\/eltrabajo.cl\/portal\/wp-content\/uploads\/2018\/06\/portadilla-pornografico-sanfe3.jpg?resize=400%2C283&amp;ssl=1 400w\" sizes=\"auto, (max-width: 579px) 100vw, 579px\" \/><figcaption id=\"caption-attachment-86806\" class=\"wp-caption-text\">El imputado fue detenido por la PDI por almacenamiento de pornograf\u00eda infantil.<\/figcaption><\/figure>\n<ul>\n<li><strong><span style=\"color: #ff0000;\">FBI lo posicion\u00f3 en ranking 100 a nivel latinoamericano:\u00a0<\/span>Tras la alerta de la Polic\u00eda Internacional, la Brigada del Cibercrimen de la PDI estableci\u00f3 el paradero de un sujeto de 37 a\u00f1os de edad en la ciudad de San Felipe, con un arsenal de material audiovisual y fotogr\u00e1fico de abusos hacia ni\u00f1as de entre 3 a 10 a\u00f1os de edad.<\/strong><\/li>\n<\/ul>\n<p>La Brigada del Cibercrimen de la Polic\u00eda de Investigaciones captur\u00f3 a un sujeto de 37 a\u00f1os de edad identificado con las iniciales P.A.A.V. , acusado de almacenar una gran cantidad de material pornogr\u00e1fico infantil en su domicilio en la Villa El Canelo de San Felipe, posicion\u00e1ndose dentro de los 100 consumidores de este il\u00edcito a nivel latinoamericano determinado por el FBI.<br \/>\nEl Prefecto Sergio Mu\u00f1oz Y\u00e1\u00f1ez, Jefe de la Polic\u00eda de Investigaciones de Valpara\u00edso, inform\u00f3 que dentro de los 10 meses de investigaci\u00f3n para determinar con exactitud la identidad del actual detenido, en coordinaci\u00f3n con la Polic\u00eda Internacional que en su momento alert\u00f3 de los individuos que descargaban pornograf\u00eda agresiva donde son v\u00edctimas ni\u00f1os y ni\u00f1as, estableci\u00e9ndose que en la ciudad de San Felipe, un usuario estar\u00eda cometiendo este delito, debiendo ser detenido por orden de la Fiscal\u00eda.<br \/>\n\u201cAl encontrar todo el material que \u00e9l (imputado) manten\u00eda oculto al ser registrado su domicilio, sacamos a una persona que estaba considerada como una de las que consumen m\u00e1s pornograf\u00eda infantil a nivel de Latinoam\u00e9rica. Hasta el momento sabemos que almacena y distribuye, lo que gener\u00f3 una orden de investigar y lograr ponerlo a disposici\u00f3n de la justicia hoy en d\u00eda, sin duda que la revisi\u00f3n del material que ha sido incautado va a dar otras luces para poder incorporar a la causa\u201d.<br \/>\nSeg\u00fan los antecedentes, este sujeto descargar\u00eda los archivos a trav\u00e9s de internet, reenviando a otros usuarios por medio de software como Emule y Ares que utiliza redes peer-to-peer, es decir persona a persona conectada, cuya informaci\u00f3n contin\u00faa su curso de investigaci\u00f3n. La incautaci\u00f3n en el inmueble del imputado consisti\u00f3 en el decomiso de un computador y diversos discos duros externos donde se logr\u00f3 revisar previamente un total de 60 gigas de almacenamiento pornogr\u00e1fico audiovisual y fotogr\u00e1fico de alto impacto con ni\u00f1as de entre 3 a 10 a\u00f1os de edad.<br \/>\nPablo Arias Villalobos, un hombre soltero y trabajador de una empresa en San Felipe, sin antecedentes delictuales, vive en su domicilio solo, descart\u00e1ndose en esta primera etapa de la investigaci\u00f3n, la producci\u00f3n pornogr\u00e1fica infantil, pues tras las pericias de la polic\u00eda, los videos y fotograf\u00edas ser\u00edan realizadas en el extranjero.<br \/>\nEl detenido fue derivado la ma\u00f1ana de ayer martes hasta el Juzgado de Garant\u00eda de San Felipe para ser formalizado por almacenamiento de material pornogr\u00e1fico infantil. El Fiscal Alejandro Bustos inform\u00f3 a Diario El Trabajo que el acusado no mantiene ninguna denuncia ni condena asociada a abuso sexual o violaci\u00f3n de menores.<br \/>\nConsultado respecto a los delitos de almacenamiento y distribuci\u00f3n de pornograf\u00eda de ni\u00f1os, el Fiscal de Delitos Sexuales se\u00f1al\u00f3 que ambos son il\u00edcitos diferentes; \u201cva a ser objeto de investigaci\u00f3n correspondiente si es que hubo difusi\u00f3n y poder establecer cu\u00e1ndo, tiempo y archivos que se realiz\u00f3 la compartici\u00f3n de documentos. Por lo pronto los pocos archivos que han logrado ser extra\u00eddos no hay antecedentes que se trate de ni\u00f1os o ni\u00f1as que se encuentren en Chile, que ser\u00e1 igual objeto de investigaci\u00f3n de todas maneras\u201d.<br \/>\nEl delito de almacenamiento pornogr\u00e1fico infantil es penado desde los 541 d\u00edas a tres a\u00f1os de c\u00e1rcel, mientras que la difusi\u00f3n de este delito parte desde los tres a\u00f1os hasta cinco a\u00f1os de presidio.<br \/>\nNo obstante, Arias Villalobos, al t\u00e9rmino de la audiencia, fue dejado en libertad por orden del tribunal, bajo las cautelares de firma mensual en Carabineros y la prohibici\u00f3n de salir del pa\u00eds dentro de los pr\u00f3ximos 60 d\u00edas fijados para la investigaci\u00f3n del caso.<br \/>\n<strong>Pablo Salinas Sald\u00edas<\/strong><\/p>\n<figure id=\"attachment_86805\" aria-describedby=\"caption-attachment-86805\" style=\"width: 579px\" class=\"wp-caption alignnone\"><img data-recalc-dims=\"1\" loading=\"lazy\" decoding=\"async\" class=\"size-full wp-image-86805\" src=\"https:\/\/i0.wp.com\/www.eltrabajo.cl\/portal\/wp-content\/uploads\/2018\/06\/DETENIDO-PORNOGRAFIA.jpg?resize=579%2C422\" alt=\"El imputado fue detenido por la PDI por almacenamiento de pornograf\u00eda infantil.\" width=\"579\" height=\"422\" srcset=\"https:\/\/i0.wp.com\/eltrabajo.cl\/portal\/wp-content\/uploads\/2018\/06\/DETENIDO-PORNOGRAFIA.jpg?w=579&amp;ssl=1 579w, https:\/\/i0.wp.com\/eltrabajo.cl\/portal\/wp-content\/uploads\/2018\/06\/DETENIDO-PORNOGRAFIA.jpg?resize=200%2C146&amp;ssl=1 200w, https:\/\/i0.wp.com\/eltrabajo.cl\/portal\/wp-content\/uploads\/2018\/06\/DETENIDO-PORNOGRAFIA.jpg?resize=300%2C219&amp;ssl=1 300w, https:\/\/i0.wp.com\/eltrabajo.cl\/portal\/wp-content\/uploads\/2018\/06\/DETENIDO-PORNOGRAFIA.jpg?resize=206%2C150&amp;ssl=1 206w, https:\/\/i0.wp.com\/eltrabajo.cl\/portal\/wp-content\/uploads\/2018\/06\/DETENIDO-PORNOGRAFIA.jpg?resize=400%2C292&amp;ssl=1 400w\" sizes=\"auto, (max-width: 579px) 100vw, 579px\" \/><figcaption id=\"caption-attachment-86805\" class=\"wp-caption-text\">El imputado fue detenido por la PDI por almacenamiento de pornograf\u00eda infantil.<\/figcaption><\/figure>\n","protected":false},"excerpt":{"rendered":"<p>FBI lo posicion\u00f3 en ranking 100 a nivel latinoamericano:\u00a0Tras la alerta de la Polic\u00eda Internacional, la Brigada del Cibercrimen de la PDI estableci\u00f3 el paradero de un sujeto de 37 a\u00f1os de&#8230;<\/p>\n","protected":false},"author":1,"featured_media":86806,"comment_status":"open","ping_status":"open","sticky":false,"template":"","format":"standard","meta":{"advanced_seo_description":"","jetpack_seo_html_title":"","jetpack_seo_noindex":false,"_jetpack_memberships_contains_paid_content":false,"footnotes":""},"categories":[21],"tags":[],"class_list":["post-86804","post","type-post","status-publish","format-standard","has-post-thumbnail","hentry","category-policial"],"jetpack_featured_media_url":"https:\/\/i0.wp.com\/eltrabajo.cl\/portal\/wp-content\/uploads\/2018\/06\/portadilla-pornografico-sanfe3.jpg?fit=579%2C410&ssl=1","jetpack_sharing_enabled":true,"jetpack_likes_enabled":true,"jetpack-related-posts":[],"_links":{"self":[{"href":"https:\/\/eltrabajo.cl\/portal\/wp-json\/wp\/v2\/posts\/86804","targetHints":{"allow":["GET"]}}],"collection":[{"href":"https:\/\/eltrabajo.cl\/portal\/wp-json\/wp\/v2\/posts"}],"about":[{"href":"https:\/\/eltrabajo.cl\/portal\/wp-json\/wp\/v2\/types\/post"}],"author":[{"embeddable":true,"href":"https:\/\/eltrabajo.cl\/portal\/wp-json\/wp\/v2\/users\/1"}],"replies":[{"embeddable":true,"href":"https:\/\/eltrabajo.cl\/portal\/wp-json\/wp\/v2\/comments?post=86804"}],"version-history":[{"count":0,"href":"https:\/\/eltrabajo.cl\/portal\/wp-json\/wp\/v2\/posts\/86804\/revisions"}],"wp:featuredmedia":[{"embeddable":true,"href":"https:\/\/eltrabajo.cl\/portal\/wp-json\/wp\/v2\/media\/86806"}],"wp:attachment":[{"href":"https:\/\/eltrabajo.cl\/portal\/wp-json\/wp\/v2\/media?parent=86804"}],"wp:term":[{"taxonomy":"category","embeddable":true,"href":"https:\/\/eltrabajo.cl\/portal\/wp-json\/wp\/v2\/categories?post=86804"},{"taxonomy":"post_tag","embeddable":true,"href":"https:\/\/eltrabajo.cl\/portal\/wp-json\/wp\/v2\/tags?post=86804"}],"curies":[{"name":"wp","href":"https:\/\/api.w.org\/{rel}","templated":true}]}}