{"id":86808,"date":"2018-06-14T05:00:11","date_gmt":"2018-06-14T09:00:11","guid":{"rendered":"http:\/\/www.eltrabajo.cl\/2017\/?p=86808"},"modified":"2018-06-14T05:00:11","modified_gmt":"2018-06-14T09:00:11","slug":"autoridades-inauguraron-la-unidad-de-atencion-primaria-oftalmologica","status":"publish","type":"post","link":"https:\/\/eltrabajo.cl\/portal\/autoridades-inauguraron-la-unidad-de-atencion-primaria-oftalmologica\/","title":{"rendered":"Autoridades inauguraron la Unidad de Atenci\u00f3n Primaria Oftalmol\u00f3gica"},"content":{"rendered":"<figure id=\"attachment_86810\" aria-describedby=\"caption-attachment-86810\" style=\"width: 578px\" class=\"wp-caption alignnone\"><img data-recalc-dims=\"1\" loading=\"lazy\" decoding=\"async\" class=\"size-full wp-image-86810\" src=\"https:\/\/i0.wp.com\/www.eltrabajo.cl\/portal\/wp-content\/uploads\/2018\/06\/UAPO-1-1.jpg?resize=578%2C305\" alt=\"El alcalde Patricio Freire se somete a un examen mientras la directora del Servicio de Salud Aconcagua, Susan Porras, observa el procedimiento.\" width=\"578\" height=\"305\" srcset=\"https:\/\/i0.wp.com\/eltrabajo.cl\/portal\/wp-content\/uploads\/2018\/06\/UAPO-1-1.jpg?w=578&amp;ssl=1 578w, https:\/\/i0.wp.com\/eltrabajo.cl\/portal\/wp-content\/uploads\/2018\/06\/UAPO-1-1.jpg?resize=200%2C106&amp;ssl=1 200w, https:\/\/i0.wp.com\/eltrabajo.cl\/portal\/wp-content\/uploads\/2018\/06\/UAPO-1-1.jpg?resize=300%2C158&amp;ssl=1 300w, https:\/\/i0.wp.com\/eltrabajo.cl\/portal\/wp-content\/uploads\/2018\/06\/UAPO-1-1.jpg?resize=284%2C150&amp;ssl=1 284w, https:\/\/i0.wp.com\/eltrabajo.cl\/portal\/wp-content\/uploads\/2018\/06\/UAPO-1-1.jpg?resize=400%2C211&amp;ssl=1 400w\" sizes=\"auto, (max-width: 578px) 100vw, 578px\" \/><figcaption id=\"caption-attachment-86810\" class=\"wp-caption-text\">El alcalde Patricio Freire se somete a un examen mientras la directora del Servicio de Salud Aconcagua, Susan Porras, observa el procedimiento.<\/figcaption><\/figure>\n<ul>\n<li><span style=\"color: #ff0000;\"><strong>Gracias a una alianza estrat\u00e9gica entre la Municipalidad de San Felipe, el Servicio de Salud Aconcagua y la Universidad de Valpara\u00edso, los usuarios de San Felipe, Putaendo y Santa Mar\u00eda ya cuentan con un dispositivo que permite atender patolog\u00edas oftalmol\u00f3gicas y con ello, reducir los tiempos de espera y aumentar el acceso a la atenci\u00f3n.<\/strong><\/span><\/li>\n<\/ul>\n<p>Con la presencia de autoridades municipales, del Servicio de Salud, universitarias y miembros de los diferentes equipos de trabajo de los establecimientos de salud de Aconcagua, se llev\u00f3 a efecto la inauguraci\u00f3n de la Unidad de Atenci\u00f3n Primaria Oftalmol\u00f3gica (UAPO), que atender\u00e1 a usuarios de San Felipe, Putaendo y Santa Mar\u00eda y que funcionar\u00e1 bajo la administraci\u00f3n del municipio sanfelipe\u00f1o.<br \/>\nLa iniciativa cuenta con financiamiento del Ministerio de Salud por un total de 135 millones de pesos y busca reducir los tiempos de espera de las patolog\u00edas oftalmol\u00f3gicas como vicios de refracci\u00f3n, glaucoma y atenci\u00f3n integral oftalmol\u00f3gica del paciente diab\u00e9tico, entre otras. As\u00ed tambi\u00e9n cuenta con 11 horas de tecn\u00f3logo m\u00e9dico con menci\u00f3n en oftalmolog\u00eda proporcionadas por la Universidad de Valpara\u00edso y funcionar\u00e1 en dependencias administradas por la Municipalidad de San Felipe, que ser\u00e1 la responsable de su funcionamiento y operaci\u00f3n.<br \/>\n\u201cEsta unidad oftalmol\u00f3gica es fruto de una suma de voluntades, ya que tanto la Municipalidad de San Felipe como la Universidad de Valpara\u00edso y el Servicio de Salud Aconcagua han aunado esfuerzos para que finalmente los usuarios de Putaendo, San Felipe y Santa Mar\u00eda cuenten con una atenci\u00f3n m\u00e1s cercana y m\u00e1s r\u00e1pida. Sin dudas la labor de nuestro equipo de atenci\u00f3n primaria fue fundamental en este objetivo y esto se ajusta plenamente a lo planteado en el Programa de Gobierno del Presidente Pi\u00f1era en cuanto a aumentar la resolutividad de la Atenci\u00f3n Primaria de Salud y que podamos reducir las listas de espera\u201d, destac\u00f3 la directora del Servicio de Salud Aconcagua, Susan Porras.<br \/>\nPor su parte, el alcalde de San Felipe, Patricio Freire, destac\u00f3 el rol de los equipos de trabajo en la generaci\u00f3n de este proyecto. \u201cTenemos m\u00e1s de 43.000 personas que podr\u00edan verse beneficiadas con esta iniciativa. Estamos agradecidos del Ministerio de Salud por su aporte y sin dudas ahora tenemos una linda tarea como es que esta unidad funcione bien y sea un real beneficio para las personas de todas las comunas que son beneficiarias. Este es un avance m\u00e1s que tenemos en la comuna y que hace que tengamos mejores espacios de atenci\u00f3n para todos, ya que hasta ahora, s\u00f3lo hab\u00eda en Los Andes\u201d, sentenci\u00f3 la autoridad comunal, quien destac\u00f3 el trabajo de la Directora de Salud Municipal, Marcela Brito, en la concreci\u00f3n de la iniciativa.<br \/>\nA su vez la representante de la Universidad de Valpara\u00edso, Carolina Tapia, enfatiz\u00f3 en la importancia de la vinculaci\u00f3n con el medio que esta iniciativa representa para la entidad. \u201cEsto es lo que buscamos cuando se trata de ser un aporte a la comunidad y al \u00e1rea donde nos desarrollamos. Hoy gracias a esto estamos realizando un aporte a la comunidad y adem\u00e1s siendo parte del desarrollo de una estrategia que va en beneficio de una gran cantidad de personas que podr\u00e1n atenderse en esta unidad. Adem\u00e1s, nuestros estudiantes participan de este trabajo, lo que nos permite vincularnos a\u00fan m\u00e1s e insistir en que una suma de voluntades ha permitido concretar este objetivo\u201d, concluy\u00f3 la docente.<\/p>\n<figure id=\"attachment_86809\" aria-describedby=\"caption-attachment-86809\" style=\"width: 579px\" class=\"wp-caption alignnone\"><img data-recalc-dims=\"1\" loading=\"lazy\" decoding=\"async\" class=\"size-full wp-image-86809\" src=\"https:\/\/i0.wp.com\/www.eltrabajo.cl\/portal\/wp-content\/uploads\/2018\/06\/inauguracion-UAPO-Unidad-Atenci%C3%B3n-Primaria-Oftalmol%C3%B3gica.jpg?resize=579%2C321\" alt=\"Autoridades dan por inaugurada la nueva Unidad de Atenci\u00f3n Primaria Oftalmol\u00f3gica (UAPO) que atender\u00e1 a usuarios de San Felipe, Putaendo y Santa Mar\u00eda.\" width=\"579\" height=\"321\" srcset=\"https:\/\/i0.wp.com\/eltrabajo.cl\/portal\/wp-content\/uploads\/2018\/06\/inauguracion-UAPO-Unidad-Atenci%C3%B3n-Primaria-Oftalmol%C3%B3gica.jpg?w=579&amp;ssl=1 579w, https:\/\/i0.wp.com\/eltrabajo.cl\/portal\/wp-content\/uploads\/2018\/06\/inauguracion-UAPO-Unidad-Atenci%C3%B3n-Primaria-Oftalmol%C3%B3gica.jpg?resize=200%2C111&amp;ssl=1 200w, https:\/\/i0.wp.com\/eltrabajo.cl\/portal\/wp-content\/uploads\/2018\/06\/inauguracion-UAPO-Unidad-Atenci%C3%B3n-Primaria-Oftalmol%C3%B3gica.jpg?resize=300%2C166&amp;ssl=1 300w, https:\/\/i0.wp.com\/eltrabajo.cl\/portal\/wp-content\/uploads\/2018\/06\/inauguracion-UAPO-Unidad-Atenci%C3%B3n-Primaria-Oftalmol%C3%B3gica.jpg?resize=271%2C150&amp;ssl=1 271w, https:\/\/i0.wp.com\/eltrabajo.cl\/portal\/wp-content\/uploads\/2018\/06\/inauguracion-UAPO-Unidad-Atenci%C3%B3n-Primaria-Oftalmol%C3%B3gica.jpg?resize=400%2C222&amp;ssl=1 400w\" sizes=\"auto, (max-width: 579px) 100vw, 579px\" \/><figcaption id=\"caption-attachment-86809\" class=\"wp-caption-text\">Autoridades dan por inaugurada la nueva Unidad de Atenci\u00f3n Primaria Oftalmol\u00f3gica (UAPO) que atender\u00e1 a usuarios de San Felipe, Putaendo y Santa Mar\u00eda.<\/figcaption><\/figure>\n","protected":false},"excerpt":{"rendered":"<p>Gracias a una alianza estrat\u00e9gica entre la Municipalidad de San Felipe, el Servicio de Salud Aconcagua y la Universidad de Valpara\u00edso, los usuarios de San Felipe, Putaendo y Santa Mar\u00eda ya cuentan&#8230;<\/p>\n","protected":false},"author":1,"featured_media":86809,"comment_status":"open","ping_status":"open","sticky":false,"template":"","format":"standard","meta":{"advanced_seo_description":"","jetpack_seo_html_title":"","jetpack_seo_noindex":false,"_jetpack_memberships_contains_paid_content":false,"footnotes":""},"categories":[1],"tags":[],"class_list":["post-86808","post","type-post","status-publish","format-standard","has-post-thumbnail","hentry","category-cronica"],"jetpack_featured_media_url":"https:\/\/i0.wp.com\/eltrabajo.cl\/portal\/wp-content\/uploads\/2018\/06\/inauguracion-UAPO-Unidad-Atenci%C3%B3n-Primaria-Oftalmol%C3%B3gica.jpg?fit=579%2C321&ssl=1","jetpack_sharing_enabled":true,"jetpack_likes_enabled":true,"jetpack-related-posts":[],"_links":{"self":[{"href":"https:\/\/eltrabajo.cl\/portal\/wp-json\/wp\/v2\/posts\/86808","targetHints":{"allow":["GET"]}}],"collection":[{"href":"https:\/\/eltrabajo.cl\/portal\/wp-json\/wp\/v2\/posts"}],"about":[{"href":"https:\/\/eltrabajo.cl\/portal\/wp-json\/wp\/v2\/types\/post"}],"author":[{"embeddable":true,"href":"https:\/\/eltrabajo.cl\/portal\/wp-json\/wp\/v2\/users\/1"}],"replies":[{"embeddable":true,"href":"https:\/\/eltrabajo.cl\/portal\/wp-json\/wp\/v2\/comments?post=86808"}],"version-history":[{"count":0,"href":"https:\/\/eltrabajo.cl\/portal\/wp-json\/wp\/v2\/posts\/86808\/revisions"}],"wp:featuredmedia":[{"embeddable":true,"href":"https:\/\/eltrabajo.cl\/portal\/wp-json\/wp\/v2\/media\/86809"}],"wp:attachment":[{"href":"https:\/\/eltrabajo.cl\/portal\/wp-json\/wp\/v2\/media?parent=86808"}],"wp:term":[{"taxonomy":"category","embeddable":true,"href":"https:\/\/eltrabajo.cl\/portal\/wp-json\/wp\/v2\/categories?post=86808"},{"taxonomy":"post_tag","embeddable":true,"href":"https:\/\/eltrabajo.cl\/portal\/wp-json\/wp\/v2\/tags?post=86808"}],"curies":[{"name":"wp","href":"https:\/\/api.w.org\/{rel}","templated":true}]}}