{"id":86812,"date":"2018-06-14T05:01:05","date_gmt":"2018-06-14T09:01:05","guid":{"rendered":"http:\/\/www.eltrabajo.cl\/2017\/?p=86812"},"modified":"2018-06-14T05:01:05","modified_gmt":"2018-06-14T09:01:05","slug":"microtraficante-profugo-fue-condenado-a-doble-pena-de-carcel-de-541-dias","status":"publish","type":"post","link":"https:\/\/eltrabajo.cl\/portal\/microtraficante-profugo-fue-condenado-a-doble-pena-de-carcel-de-541-dias\/","title":{"rendered":"Microtraficante pr\u00f3fugo fue condenado a doble pena de c\u00e1rcel de 541 d\u00edas"},"content":{"rendered":"<figure id=\"attachment_86813\" aria-describedby=\"caption-attachment-86813\" style=\"width: 579px\" class=\"wp-caption alignnone\"><img data-recalc-dims=\"1\" loading=\"lazy\" decoding=\"async\" class=\"size-full wp-image-86813\" src=\"https:\/\/i0.wp.com\/www.eltrabajo.cl\/portal\/wp-content\/uploads\/2018\/06\/detenido-Carabineros.jpg?resize=579%2C414\" alt=\"El sujeto conocido como \u2018El Sim\u00f3n\u2019 fue enjuiciado por delitos de microtr\u00e1fico de drogas y porte de municiones. (Foto Archivo).\" width=\"579\" height=\"414\" srcset=\"https:\/\/i0.wp.com\/eltrabajo.cl\/portal\/wp-content\/uploads\/2018\/06\/detenido-Carabineros.jpg?w=579&amp;ssl=1 579w, https:\/\/i0.wp.com\/eltrabajo.cl\/portal\/wp-content\/uploads\/2018\/06\/detenido-Carabineros.jpg?resize=200%2C143&amp;ssl=1 200w, https:\/\/i0.wp.com\/eltrabajo.cl\/portal\/wp-content\/uploads\/2018\/06\/detenido-Carabineros.jpg?resize=300%2C215&amp;ssl=1 300w, https:\/\/i0.wp.com\/eltrabajo.cl\/portal\/wp-content\/uploads\/2018\/06\/detenido-Carabineros.jpg?resize=210%2C150&amp;ssl=1 210w, https:\/\/i0.wp.com\/eltrabajo.cl\/portal\/wp-content\/uploads\/2018\/06\/detenido-Carabineros.jpg?resize=400%2C286&amp;ssl=1 400w\" sizes=\"auto, (max-width: 579px) 100vw, 579px\" \/><figcaption id=\"caption-attachment-86813\" class=\"wp-caption-text\">El sujeto conocido como \u2018El Sim\u00f3n\u2019 fue enjuiciado por delitos de microtr\u00e1fico de drogas y porte de municiones. (Foto Archivo).<\/figcaption><\/figure>\n<ul>\n<li><strong><span style=\"color: #ff0000;\">Por hechos ocurridos en 2011 en Villa Departamental de San Felipe:<\/span>\u00a0La Fiscal\u00eda acus\u00f3 al actual sentenciado por venta de pasta base de coca\u00edna y tenencia ilegal de municiones en su domicilio. Asimismo en otro juicio oral, sujeto fue condenado a 541 d\u00edas por microtr\u00e1fico de drogas ocurrido el a\u00f1o 2016.<\/strong><\/li>\n<\/ul>\n<p>A dos penas de 541 d\u00edas de presidio efectivo fue condenado por el Tribunal Oral en Lo Penal de San Felipe, Luis Sim\u00f3n Silva Figueroa, luego de permanecer m\u00e1s de siete a\u00f1os pr\u00f3fugo de la justicia por los delitos de microtr\u00e1fico de drogas y tenencia ilegal de municiones.<br \/>\nEl 24 de junio de 2011 la Fiscal\u00eda acus\u00f3 al entonces imputado, quien fue detenido en base a informaci\u00f3n que se ten\u00eda de un sujeto conocido como \u2018El Sim\u00f3n\u2019, quien se dedicar\u00eda a la venta de drogas en la Villa Departamental de San Felipe.<br \/>\nEn aquel entonces un agente revelador de la polic\u00eda adquiri\u00f3 de manos del acusado, un envoltorio de pasta base de coca\u00edna, confirm\u00e1ndose el delito.<br \/>\nPosteriormente tras una orden judicial de entrada y registro en el domicilio del investigado, un allanamiento dej\u00f3 al descubierto el hallazgo de 27 envoltorios de pasta base de coca\u00edna, adem\u00e1s de dinero en efectivo atribuible a las ganancias obtenidas por las ventas de estos estupefacientes.<br \/>\nEn otro punto del mismo domicilio, la polic\u00eda incaut\u00f3 21 envoltorios con esta misma sustancia, dos envoltorios de cannabis sativa adem\u00e1s de 5 municiones calibre 9 mil\u00edmetros aptos para ser disparados.<br \/>\nEl Fiscal Julio Palacios Bobadilla inform\u00f3 a Diario El Trabajo que los jueces del tribunal condenaron este hecho a dos penas de 541 d\u00edas respectivamente, por los delitos de drogas y porte de municiones, es decir tres a\u00f1os de c\u00e1rcel.<br \/>\nTal como lo informamos en nuestra edici\u00f3n de ayer mi\u00e9rcoles de Diario El Trabajo, este mismo sujeto fue condenado en otro juicio a la pena de 541 d\u00edas por microtr\u00e1fico de drogas que se suman a la actual sentencia.<br \/>\nComo se recordar\u00e1, Silva Figueroa fue detenido el 29 de enero de 2016 tras la denuncia de una testigo que inform\u00f3 a Carabineros de la venta de drogas en la poblaci\u00f3n El Esfuerzo de San Felipe.<br \/>\nTras la captura del entonces imputado, los funcionarios policiales constataron que \u00e9ste manten\u00eda en su poder 119 envoltorios de pasta base de coca\u00edna y 4 papelillos de marihuana.<br \/>\nPor estos dos hechos descritos, el Tribunal despach\u00f3 una orden de detenci\u00f3n en su contra para lograr su comparecencia a los juicios orales donde finalmente result\u00f3 condenado a penas privativas de libertad.<br \/>\n<strong>Pablo Salinas Sald\u00edas<\/strong><\/p>\n","protected":false},"excerpt":{"rendered":"<p>Por hechos ocurridos en 2011 en Villa Departamental de San Felipe:\u00a0La Fiscal\u00eda acus\u00f3 al actual sentenciado por venta de pasta base de coca\u00edna y tenencia ilegal de municiones en su domicilio. Asimismo&#8230;<\/p>\n","protected":false},"author":1,"featured_media":86813,"comment_status":"open","ping_status":"open","sticky":false,"template":"","format":"standard","meta":{"advanced_seo_description":"","jetpack_seo_html_title":"","jetpack_seo_noindex":false,"_jetpack_memberships_contains_paid_content":false,"footnotes":""},"categories":[21],"tags":[],"class_list":["post-86812","post","type-post","status-publish","format-standard","has-post-thumbnail","hentry","category-policial"],"jetpack_featured_media_url":"https:\/\/i0.wp.com\/eltrabajo.cl\/portal\/wp-content\/uploads\/2018\/06\/detenido-Carabineros.jpg?fit=579%2C414&ssl=1","jetpack_sharing_enabled":true,"jetpack_likes_enabled":true,"jetpack-related-posts":[],"_links":{"self":[{"href":"https:\/\/eltrabajo.cl\/portal\/wp-json\/wp\/v2\/posts\/86812","targetHints":{"allow":["GET"]}}],"collection":[{"href":"https:\/\/eltrabajo.cl\/portal\/wp-json\/wp\/v2\/posts"}],"about":[{"href":"https:\/\/eltrabajo.cl\/portal\/wp-json\/wp\/v2\/types\/post"}],"author":[{"embeddable":true,"href":"https:\/\/eltrabajo.cl\/portal\/wp-json\/wp\/v2\/users\/1"}],"replies":[{"embeddable":true,"href":"https:\/\/eltrabajo.cl\/portal\/wp-json\/wp\/v2\/comments?post=86812"}],"version-history":[{"count":0,"href":"https:\/\/eltrabajo.cl\/portal\/wp-json\/wp\/v2\/posts\/86812\/revisions"}],"wp:featuredmedia":[{"embeddable":true,"href":"https:\/\/eltrabajo.cl\/portal\/wp-json\/wp\/v2\/media\/86813"}],"wp:attachment":[{"href":"https:\/\/eltrabajo.cl\/portal\/wp-json\/wp\/v2\/media?parent=86812"}],"wp:term":[{"taxonomy":"category","embeddable":true,"href":"https:\/\/eltrabajo.cl\/portal\/wp-json\/wp\/v2\/categories?post=86812"},{"taxonomy":"post_tag","embeddable":true,"href":"https:\/\/eltrabajo.cl\/portal\/wp-json\/wp\/v2\/tags?post=86812"}],"curies":[{"name":"wp","href":"https:\/\/api.w.org\/{rel}","templated":true}]}}