{"id":86815,"date":"2018-06-14T05:02:31","date_gmt":"2018-06-14T09:02:31","guid":{"rendered":"http:\/\/www.eltrabajo.cl\/2017\/?p=86815"},"modified":"2018-06-14T05:02:31","modified_gmt":"2018-06-14T09:02:31","slug":"este-viernes-culmina-de-manera-oficial-el-torneo-de-la-amistad-2018","status":"publish","type":"post","link":"https:\/\/eltrabajo.cl\/portal\/este-viernes-culmina-de-manera-oficial-el-torneo-de-la-amistad-2018\/","title":{"rendered":"Este viernes culmina de manera oficial el torneo de la Amistad 2018"},"content":{"rendered":"<figure id=\"attachment_86817\" aria-describedby=\"caption-attachment-86817\" style=\"width: 579px\" class=\"wp-caption alignnone\"><img data-recalc-dims=\"1\" loading=\"lazy\" decoding=\"async\" class=\"size-full wp-image-86817\" src=\"https:\/\/i0.wp.com\/www.eltrabajo.cl\/portal\/wp-content\/uploads\/2018\/06\/amor-a-la-camiseta.jpg?resize=579%2C395\" alt=\"Ma\u00f1ana culminar\u00e1 de manera oficial el Selim Amar Pozo, Por Amor a la Camiseta 2018.\" width=\"579\" height=\"395\" srcset=\"https:\/\/i0.wp.com\/eltrabajo.cl\/portal\/wp-content\/uploads\/2018\/06\/amor-a-la-camiseta.jpg?w=579&amp;ssl=1 579w, https:\/\/i0.wp.com\/eltrabajo.cl\/portal\/wp-content\/uploads\/2018\/06\/amor-a-la-camiseta.jpg?resize=200%2C136&amp;ssl=1 200w, https:\/\/i0.wp.com\/eltrabajo.cl\/portal\/wp-content\/uploads\/2018\/06\/amor-a-la-camiseta.jpg?resize=300%2C205&amp;ssl=1 300w, https:\/\/i0.wp.com\/eltrabajo.cl\/portal\/wp-content\/uploads\/2018\/06\/amor-a-la-camiseta.jpg?resize=220%2C150&amp;ssl=1 220w, https:\/\/i0.wp.com\/eltrabajo.cl\/portal\/wp-content\/uploads\/2018\/06\/amor-a-la-camiseta.jpg?resize=400%2C273&amp;ssl=1 400w\" sizes=\"auto, (max-width: 579px) 100vw, 579px\" \/><figcaption id=\"caption-attachment-86817\" class=\"wp-caption-text\">Ma\u00f1ana culminar\u00e1 de manera oficial el Selim Amar Pozo, Por Amor a la Camiseta 2018.<\/figcaption><\/figure>\n<p>Con su tradicional cena de camarader\u00eda, ma\u00f1ana en la noche, en el conocido y popular centro de eventos El Negro Bueno, la liga Selim Amar Pozo cerrar\u00e1 de manera oficial su torneo 2018. En la oportunidad se entregar\u00e1n los premios correspondientes a los clubes campeones de los grupos A (central de Putaendo) y B (Bang\u00fa de Rinconada), adem\u00e1s de entregar el galard\u00f3n Fair Play Miguel Ricardo Juri, que en esta oportunidad recay\u00f3 en el Cat\u00f3lica de Rinconada de Los Andes.<br \/>\n\u201cGracias a Dios pudimos llegar al final; todos saben que este a\u00f1o tuvimos bastantes contratiempos, pero lo importante es que pudimos culminar; este viernes espero est\u00e9n todos desde las 20:30 horas para entregar los premios\u201d, declar\u00f3 a El Trabajo Deportivo, Christian Colarte, quien m\u00e1s adelante sigui\u00f3: \u201cTenemos la satisfacci\u00f3n de haber concluido el campeonato, porque este a\u00f1o hubo gente que complic\u00f3 las cosas, pero ahora solo queda agradecer a los clubes que participaron de buena forma en el torneo y todos quienes nos apoyaron para que el Amor a la Camiseta siga adelante y mantenga su importancia de siempre\u201d.<\/p>\n","protected":false},"excerpt":{"rendered":"<p>Con su tradicional cena de camarader\u00eda, ma\u00f1ana en la noche, en el conocido y popular centro de eventos El Negro Bueno, la liga Selim Amar Pozo cerrar\u00e1 de manera oficial su torneo&#8230;<\/p>\n","protected":false},"author":1,"featured_media":86817,"comment_status":"open","ping_status":"open","sticky":false,"template":"","format":"standard","meta":{"advanced_seo_description":"","jetpack_seo_html_title":"","jetpack_seo_noindex":false,"_jetpack_memberships_contains_paid_content":false,"footnotes":""},"categories":[19],"tags":[],"class_list":["post-86815","post","type-post","status-publish","format-standard","has-post-thumbnail","hentry","category-deportes"],"jetpack_featured_media_url":"https:\/\/i0.wp.com\/eltrabajo.cl\/portal\/wp-content\/uploads\/2018\/06\/amor-a-la-camiseta.jpg?fit=579%2C395&ssl=1","jetpack_sharing_enabled":true,"jetpack_likes_enabled":true,"jetpack-related-posts":[],"_links":{"self":[{"href":"https:\/\/eltrabajo.cl\/portal\/wp-json\/wp\/v2\/posts\/86815","targetHints":{"allow":["GET"]}}],"collection":[{"href":"https:\/\/eltrabajo.cl\/portal\/wp-json\/wp\/v2\/posts"}],"about":[{"href":"https:\/\/eltrabajo.cl\/portal\/wp-json\/wp\/v2\/types\/post"}],"author":[{"embeddable":true,"href":"https:\/\/eltrabajo.cl\/portal\/wp-json\/wp\/v2\/users\/1"}],"replies":[{"embeddable":true,"href":"https:\/\/eltrabajo.cl\/portal\/wp-json\/wp\/v2\/comments?post=86815"}],"version-history":[{"count":0,"href":"https:\/\/eltrabajo.cl\/portal\/wp-json\/wp\/v2\/posts\/86815\/revisions"}],"wp:featuredmedia":[{"embeddable":true,"href":"https:\/\/eltrabajo.cl\/portal\/wp-json\/wp\/v2\/media\/86817"}],"wp:attachment":[{"href":"https:\/\/eltrabajo.cl\/portal\/wp-json\/wp\/v2\/media?parent=86815"}],"wp:term":[{"taxonomy":"category","embeddable":true,"href":"https:\/\/eltrabajo.cl\/portal\/wp-json\/wp\/v2\/categories?post=86815"},{"taxonomy":"post_tag","embeddable":true,"href":"https:\/\/eltrabajo.cl\/portal\/wp-json\/wp\/v2\/tags?post=86815"}],"curies":[{"name":"wp","href":"https:\/\/api.w.org\/{rel}","templated":true}]}}