{"id":86819,"date":"2018-06-14T05:03:03","date_gmt":"2018-06-14T09:03:03","guid":{"rendered":"http:\/\/www.eltrabajo.cl\/2017\/?p=86819"},"modified":"2018-06-14T05:03:03","modified_gmt":"2018-06-14T09:03:03","slug":"manana-en-la-tarde-el-uni-hara-prueba-masiva-de-jugadores-para-series-infantiles","status":"publish","type":"post","link":"https:\/\/eltrabajo.cl\/portal\/manana-en-la-tarde-el-uni-hara-prueba-masiva-de-jugadores-para-series-infantiles\/","title":{"rendered":"Ma\u00f1ana en la tarde el Un\u00ed har\u00e1 prueba masiva de jugadores para series infantiles"},"content":{"rendered":"<figure id=\"attachment_86816\" aria-describedby=\"caption-attachment-86816\" style=\"width: 579px\" class=\"wp-caption alignnone\"><img data-recalc-dims=\"1\" loading=\"lazy\" decoding=\"async\" class=\"size-full wp-image-86816\" src=\"https:\/\/i0.wp.com\/www.eltrabajo.cl\/portal\/wp-content\/uploads\/2018\/06\/futbol-infantil.jpg?resize=579%2C326\" alt=\"Uni\u00f3n San Felipe evaluar\u00e1 ma\u00f1ana a los ni\u00f1os de todo el valle de Aconcagua que quieran formar parte de sus series infantiles.\" width=\"579\" height=\"326\" srcset=\"https:\/\/i0.wp.com\/eltrabajo.cl\/portal\/wp-content\/uploads\/2018\/06\/futbol-infantil.jpg?w=579&amp;ssl=1 579w, https:\/\/i0.wp.com\/eltrabajo.cl\/portal\/wp-content\/uploads\/2018\/06\/futbol-infantil.jpg?resize=200%2C113&amp;ssl=1 200w, https:\/\/i0.wp.com\/eltrabajo.cl\/portal\/wp-content\/uploads\/2018\/06\/futbol-infantil.jpg?resize=300%2C169&amp;ssl=1 300w, https:\/\/i0.wp.com\/eltrabajo.cl\/portal\/wp-content\/uploads\/2018\/06\/futbol-infantil.jpg?resize=266%2C150&amp;ssl=1 266w, https:\/\/i0.wp.com\/eltrabajo.cl\/portal\/wp-content\/uploads\/2018\/06\/futbol-infantil.jpg?resize=400%2C225&amp;ssl=1 400w\" sizes=\"auto, (max-width: 579px) 100vw, 579px\" \/><figcaption id=\"caption-attachment-86816\" class=\"wp-caption-text\">Uni\u00f3n San Felipe evaluar\u00e1 ma\u00f1ana a los ni\u00f1os de todo el valle de Aconcagua que quieran formar parte de sus series infantiles.<\/figcaption><\/figure>\n<p>Ma\u00f1ana viernes 15 de junio, a partir de las 16:30 horas, Uni\u00f3n San Felipe realizar\u00e1 una prueba masiva de jugadores para as\u00ed comenzar a armar sus series m\u00e1s peque\u00f1as. Las evaluaciones masivas, en las cuales podr\u00e1n participar ni\u00f1os de todo el valle de Aconcagua, apuntan a los nacidos en los a\u00f1os: 2008, 2009, 2010 y 2011.<br \/>\nLas pruebas tendr\u00e1n lugar en el complejo deportivo que posee la instituci\u00f3n sanfelipe\u00f1a en el sector Parras\u00eda Bajo, y estar\u00e1n a cargo de un grupo multidisciplinario de profesionales que trabajan en las canteras del Un\u00ed Un\u00ed. Con esto la principal instituci\u00f3n deportiva de la futura regi\u00f3n Cordillera, sumar\u00e1 m\u00e1s equipos a las competencias de la ANFP, lo que sin lugar a dudas es una gran noticia, ya que con esto los peque\u00f1os talentos que normalmente se deben conformar con jugar en competencias de escuelas de f\u00fatbol, ahora y en un futuro muy cercano podr\u00e1n ser parte de un torneo de mayor categor\u00eda como lo es el certamen Infantil de la Asociaci\u00f3n Nacional de F\u00fatbol Profesional.<\/p>\n","protected":false},"excerpt":{"rendered":"<p>Ma\u00f1ana viernes 15 de junio, a partir de las 16:30 horas, Uni\u00f3n San Felipe realizar\u00e1 una prueba masiva de jugadores para as\u00ed comenzar a armar sus series m\u00e1s peque\u00f1as. Las evaluaciones masivas,&#8230;<\/p>\n","protected":false},"author":1,"featured_media":86816,"comment_status":"open","ping_status":"open","sticky":false,"template":"","format":"standard","meta":{"advanced_seo_description":"","jetpack_seo_html_title":"","jetpack_seo_noindex":false,"_jetpack_memberships_contains_paid_content":false,"footnotes":""},"categories":[19],"tags":[],"class_list":["post-86819","post","type-post","status-publish","format-standard","has-post-thumbnail","hentry","category-deportes"],"jetpack_featured_media_url":"https:\/\/i0.wp.com\/eltrabajo.cl\/portal\/wp-content\/uploads\/2018\/06\/futbol-infantil.jpg?fit=579%2C326&ssl=1","jetpack_sharing_enabled":true,"jetpack_likes_enabled":true,"jetpack-related-posts":[],"_links":{"self":[{"href":"https:\/\/eltrabajo.cl\/portal\/wp-json\/wp\/v2\/posts\/86819","targetHints":{"allow":["GET"]}}],"collection":[{"href":"https:\/\/eltrabajo.cl\/portal\/wp-json\/wp\/v2\/posts"}],"about":[{"href":"https:\/\/eltrabajo.cl\/portal\/wp-json\/wp\/v2\/types\/post"}],"author":[{"embeddable":true,"href":"https:\/\/eltrabajo.cl\/portal\/wp-json\/wp\/v2\/users\/1"}],"replies":[{"embeddable":true,"href":"https:\/\/eltrabajo.cl\/portal\/wp-json\/wp\/v2\/comments?post=86819"}],"version-history":[{"count":0,"href":"https:\/\/eltrabajo.cl\/portal\/wp-json\/wp\/v2\/posts\/86819\/revisions"}],"wp:featuredmedia":[{"embeddable":true,"href":"https:\/\/eltrabajo.cl\/portal\/wp-json\/wp\/v2\/media\/86816"}],"wp:attachment":[{"href":"https:\/\/eltrabajo.cl\/portal\/wp-json\/wp\/v2\/media?parent=86819"}],"wp:term":[{"taxonomy":"category","embeddable":true,"href":"https:\/\/eltrabajo.cl\/portal\/wp-json\/wp\/v2\/categories?post=86819"},{"taxonomy":"post_tag","embeddable":true,"href":"https:\/\/eltrabajo.cl\/portal\/wp-json\/wp\/v2\/tags?post=86819"}],"curies":[{"name":"wp","href":"https:\/\/api.w.org\/{rel}","templated":true}]}}