{"id":86830,"date":"2018-06-14T05:06:43","date_gmt":"2018-06-14T09:06:43","guid":{"rendered":"http:\/\/www.eltrabajo.cl\/2017\/?p=86830"},"modified":"2018-06-14T05:06:43","modified_gmt":"2018-06-14T09:06:43","slug":"inician-marcha-blanca-de-nuevo-boulevard-en-calle-salinas","status":"publish","type":"post","link":"https:\/\/eltrabajo.cl\/portal\/inician-marcha-blanca-de-nuevo-boulevard-en-calle-salinas\/","title":{"rendered":"Inician marcha blanca de nuevo boulevard en calle Salinas"},"content":{"rendered":"<figure id=\"attachment_86832\" aria-describedby=\"caption-attachment-86832\" style=\"width: 578px\" class=\"wp-caption alignnone\"><img data-recalc-dims=\"1\" loading=\"lazy\" decoding=\"async\" class=\"size-full wp-image-86832\" src=\"https:\/\/i0.wp.com\/www.eltrabajo.cl\/portal\/wp-content\/uploads\/2018\/06\/boulevard-salinas-2.jpg?resize=578%2C386\" alt=\"ATENCI\u00d3N AUTOMOVILISTAS.- El objetivo de este megaproyecto es que el centro quede principalmente reservado para el tr\u00e1nsito peatonal y paso EVENTUAL de veh\u00edculos.\" width=\"578\" height=\"386\" srcset=\"https:\/\/i0.wp.com\/eltrabajo.cl\/portal\/wp-content\/uploads\/2018\/06\/boulevard-salinas-2.jpg?w=578&amp;ssl=1 578w, https:\/\/i0.wp.com\/eltrabajo.cl\/portal\/wp-content\/uploads\/2018\/06\/boulevard-salinas-2.jpg?resize=200%2C134&amp;ssl=1 200w, https:\/\/i0.wp.com\/eltrabajo.cl\/portal\/wp-content\/uploads\/2018\/06\/boulevard-salinas-2.jpg?resize=300%2C200&amp;ssl=1 300w, https:\/\/i0.wp.com\/eltrabajo.cl\/portal\/wp-content\/uploads\/2018\/06\/boulevard-salinas-2.jpg?resize=225%2C150&amp;ssl=1 225w, https:\/\/i0.wp.com\/eltrabajo.cl\/portal\/wp-content\/uploads\/2018\/06\/boulevard-salinas-2.jpg?resize=400%2C267&amp;ssl=1 400w\" sizes=\"auto, (max-width: 578px) 100vw, 578px\" \/><figcaption id=\"caption-attachment-86832\" class=\"wp-caption-text\">ATENCI\u00d3N AUTOMOVILISTAS.- El objetivo de este megaproyecto es que el centro quede principalmente reservado para el tr\u00e1nsito peatonal y paso EVENTUAL de veh\u00edculos.<\/figcaption><\/figure>\n<ul>\n<li><span style=\"color: #ff0000;\"><strong>Simult\u00e1neamente iniciaron intervenci\u00f3n para los trabajos de un nuevo paso semi peatonal en Prat. Inicio en el tramo de Avenida Yungay \u2013 Toromazote.<\/strong><\/span><\/li>\n<\/ul>\n<p>Con el tr\u00e1nsito habilitado para veh\u00edculos y bicicletas, este mi\u00e9rcoles se dio inicio a la marcha blanca del nuevo boulevard ubicado en calle Salinas, entre Prat y Santo Domingo, cerrando con ello una nueva etapa en la implementaci\u00f3n del Plan Maestro de Gesti\u00f3n de Tr\u00e1nsito y Ciclov\u00edas que se est\u00e1 desarrollando en la comuna y que contin\u00faa con el inicio de obras en calle Prat, a la altura de Avenida Yungay y Toromazote.<br \/>\nAnte esto, el alcalde Patricio Freire, junto al Director de Obras Municipales (DOM), Claudio D\u00edaz, y el asesor urbanista Rodrigo Salinas, recorrieron este nuevo paso semi peatonal, destacando el tremendo impulso que este tipo de intervenciones le entrega a la comuna.<br \/>\n\u00abIniciamos la marcha blanca de este nuevo boulevard, al cual le instalaremos luminarias peatonales, entre otras mejoras. Esto permitir\u00e1 cambiar la imagen de la comuna. Estamos contentos con los trabajos porque con esto le estamos cambiando la cara a la ciudad, por lo que esperamos que los vecinos as\u00ed lo entiendan\u00bb, afirm\u00f3 el alcalde Patricio Freire.<br \/>\nCabe recordar que el objetivo de este megaproyecto es principalmente acortar los tiempos de desplazamiento por la comuna, permitiendo con ello que el centro quede principalmente reservado para el tr\u00e1nsito peatonal y un paso eventual de veh\u00edculos, y trasladando la movilizaci\u00f3n colectiva al anillo perif\u00e9rico superior a la plaza de armas.<br \/>\n\u00abEsta marcha blanca permite revisar los detalles que puedan aparecer (\u2026) hay una propuesta municipal de generar iluminaci\u00f3n peatonal, lo que se coordin\u00f3 con la empresa e instalaron los ductos, transformando esta obra vial en un paseo semi peatonal\u00bb, apunt\u00f3 Claudio D\u00edaz, Director de Obras Municipales.<br \/>\nAsimismo, las autoridades manifestaron su conformidad ante el comportamiento de las obras tras el sistema frontal que afect\u00f3 a la comuna durante el pasado fin de semana, donde no se registraron anegamientos.<br \/>\nDe forma simult\u00e1nea a la entrega del boulevard en Salinas, iniciaron los trabajos en calle Prat, en su tramo Yungay-Toromazote, que tendr\u00e1 una duraci\u00f3n aproximada de 60 d\u00edas. Cabe recordar que esta es la intervenci\u00f3n m\u00e1s extensa que contempla el Plan de Gesti\u00f3n de Tr\u00e1nsito y Ciclov\u00edas, ya que abarca desde Avenida Yungay hasta Combate de Las Coimas, por lo que fue dividido en tres tramos para generar el menor impacto posible en la comunidad.<br \/>\nAs\u00ed lo manifest\u00f3 Rodrigo Salinas, quien destac\u00f3 que \u00abhoy se empieza a demoler calle y veredas, proceso que tendr\u00e1 una duraci\u00f3n aproximada de una semana, por lo que durante los pr\u00f3ximos d\u00edas, informaremos cu\u00e1ndo, se realizar\u00e1n las intervenciones de los otros dos tramos (Toromazote-Portus, Portus-Combate de Las Coimas), ya que debido al sistema frontal debimos reprogramarlo. Por lo pronto, es un compromiso de la autoridad realizar los cierres por periodos cortos, con la finalidad de evitar mayores complicaciones\u00bb, sostuvo.<\/p>\n<figure id=\"attachment_86831\" aria-describedby=\"caption-attachment-86831\" style=\"width: 578px\" class=\"wp-caption alignnone\"><img data-recalc-dims=\"1\" loading=\"lazy\" decoding=\"async\" class=\"size-full wp-image-86831\" src=\"https:\/\/i0.wp.com\/www.eltrabajo.cl\/portal\/wp-content\/uploads\/2018\/06\/boulevard-salinas-1.jpg?resize=578%2C397\" alt=\"NUEVO BOULEVARD.- Este mi\u00e9rcoles en la tarde se inici\u00f3 la marcha blanca del boulevard de calle Salinas, paseo semi peatonal que junto al de Prat cambian la cara de la ciudad.\" width=\"578\" height=\"397\" srcset=\"https:\/\/i0.wp.com\/eltrabajo.cl\/portal\/wp-content\/uploads\/2018\/06\/boulevard-salinas-1.jpg?w=578&amp;ssl=1 578w, https:\/\/i0.wp.com\/eltrabajo.cl\/portal\/wp-content\/uploads\/2018\/06\/boulevard-salinas-1.jpg?resize=200%2C137&amp;ssl=1 200w, https:\/\/i0.wp.com\/eltrabajo.cl\/portal\/wp-content\/uploads\/2018\/06\/boulevard-salinas-1.jpg?resize=300%2C206&amp;ssl=1 300w, https:\/\/i0.wp.com\/eltrabajo.cl\/portal\/wp-content\/uploads\/2018\/06\/boulevard-salinas-1.jpg?resize=218%2C150&amp;ssl=1 218w, https:\/\/i0.wp.com\/eltrabajo.cl\/portal\/wp-content\/uploads\/2018\/06\/boulevard-salinas-1.jpg?resize=400%2C275&amp;ssl=1 400w\" sizes=\"auto, (max-width: 578px) 100vw, 578px\" \/><figcaption id=\"caption-attachment-86831\" class=\"wp-caption-text\">NUEVO BOULEVARD.- Este mi\u00e9rcoles en la tarde se inici\u00f3 la marcha blanca del boulevard de calle Salinas, paseo semi peatonal que junto al de Prat cambian la cara de la ciudad.<\/figcaption><\/figure>\n<figure id=\"attachment_86833\" aria-describedby=\"caption-attachment-86833\" style=\"width: 579px\" class=\"wp-caption alignnone\"><img data-recalc-dims=\"1\" loading=\"lazy\" decoding=\"async\" class=\"size-full wp-image-86833\" src=\"https:\/\/i0.wp.com\/www.eltrabajo.cl\/portal\/wp-content\/uploads\/2018\/06\/boulevard-salinas-3.jpg?resize=579%2C386\" alt=\"El alcalde Patricio Freire, en un recorrido por el nuevo paso semi peatonal, destac\u00f3 el tremendo impulso que este tipo de intervenciones le entrega a la comuna. \" width=\"579\" height=\"386\" srcset=\"https:\/\/i0.wp.com\/eltrabajo.cl\/portal\/wp-content\/uploads\/2018\/06\/boulevard-salinas-3.jpg?w=579&amp;ssl=1 579w, https:\/\/i0.wp.com\/eltrabajo.cl\/portal\/wp-content\/uploads\/2018\/06\/boulevard-salinas-3.jpg?resize=200%2C133&amp;ssl=1 200w, https:\/\/i0.wp.com\/eltrabajo.cl\/portal\/wp-content\/uploads\/2018\/06\/boulevard-salinas-3.jpg?resize=300%2C200&amp;ssl=1 300w, https:\/\/i0.wp.com\/eltrabajo.cl\/portal\/wp-content\/uploads\/2018\/06\/boulevard-salinas-3.jpg?resize=225%2C150&amp;ssl=1 225w, https:\/\/i0.wp.com\/eltrabajo.cl\/portal\/wp-content\/uploads\/2018\/06\/boulevard-salinas-3.jpg?resize=400%2C267&amp;ssl=1 400w\" sizes=\"auto, (max-width: 579px) 100vw, 579px\" \/><figcaption id=\"caption-attachment-86833\" class=\"wp-caption-text\">El alcalde Patricio Freire, en un recorrido por el nuevo paso semi peatonal, destac\u00f3 el tremendo impulso que este tipo de intervenciones le entrega a la comuna.<\/figcaption><\/figure>\n","protected":false},"excerpt":{"rendered":"<p>Simult\u00e1neamente iniciaron intervenci\u00f3n para los trabajos de un nuevo paso semi peatonal en Prat. Inicio en el tramo de Avenida Yungay \u2013 Toromazote. Con el tr\u00e1nsito habilitado para veh\u00edculos y bicicletas, este&#8230;<\/p>\n","protected":false},"author":1,"featured_media":86831,"comment_status":"open","ping_status":"open","sticky":false,"template":"","format":"standard","meta":{"advanced_seo_description":"","jetpack_seo_html_title":"","jetpack_seo_noindex":false,"_jetpack_memberships_contains_paid_content":false,"footnotes":""},"categories":[1],"tags":[],"class_list":["post-86830","post","type-post","status-publish","format-standard","has-post-thumbnail","hentry","category-cronica"],"jetpack_featured_media_url":"https:\/\/i0.wp.com\/eltrabajo.cl\/portal\/wp-content\/uploads\/2018\/06\/boulevard-salinas-1.jpg?fit=578%2C397&ssl=1","jetpack_sharing_enabled":true,"jetpack_likes_enabled":true,"jetpack-related-posts":[],"_links":{"self":[{"href":"https:\/\/eltrabajo.cl\/portal\/wp-json\/wp\/v2\/posts\/86830","targetHints":{"allow":["GET"]}}],"collection":[{"href":"https:\/\/eltrabajo.cl\/portal\/wp-json\/wp\/v2\/posts"}],"about":[{"href":"https:\/\/eltrabajo.cl\/portal\/wp-json\/wp\/v2\/types\/post"}],"author":[{"embeddable":true,"href":"https:\/\/eltrabajo.cl\/portal\/wp-json\/wp\/v2\/users\/1"}],"replies":[{"embeddable":true,"href":"https:\/\/eltrabajo.cl\/portal\/wp-json\/wp\/v2\/comments?post=86830"}],"version-history":[{"count":0,"href":"https:\/\/eltrabajo.cl\/portal\/wp-json\/wp\/v2\/posts\/86830\/revisions"}],"wp:featuredmedia":[{"embeddable":true,"href":"https:\/\/eltrabajo.cl\/portal\/wp-json\/wp\/v2\/media\/86831"}],"wp:attachment":[{"href":"https:\/\/eltrabajo.cl\/portal\/wp-json\/wp\/v2\/media?parent=86830"}],"wp:term":[{"taxonomy":"category","embeddable":true,"href":"https:\/\/eltrabajo.cl\/portal\/wp-json\/wp\/v2\/categories?post=86830"},{"taxonomy":"post_tag","embeddable":true,"href":"https:\/\/eltrabajo.cl\/portal\/wp-json\/wp\/v2\/tags?post=86830"}],"curies":[{"name":"wp","href":"https:\/\/api.w.org\/{rel}","templated":true}]}}