{"id":86852,"date":"2018-06-15T05:01:48","date_gmt":"2018-06-15T09:01:48","guid":{"rendered":"http:\/\/www.eltrabajo.cl\/2017\/?p=86852"},"modified":"2018-06-15T05:01:48","modified_gmt":"2018-06-15T09:01:48","slug":"adolescente-profugo-fue-capturado-por-carabineros-en-control-de-identidad","status":"publish","type":"post","link":"https:\/\/eltrabajo.cl\/portal\/adolescente-profugo-fue-capturado-por-carabineros-en-control-de-identidad\/","title":{"rendered":"Adolescente pr\u00f3fugo fue capturado por Carabineros en control de identidad"},"content":{"rendered":"<figure id=\"attachment_86853\" aria-describedby=\"caption-attachment-86853\" style=\"width: 580px\" class=\"wp-caption alignnone\"><img data-recalc-dims=\"1\" loading=\"lazy\" decoding=\"async\" class=\"size-full wp-image-86853\" src=\"https:\/\/i0.wp.com\/www.eltrabajo.cl\/portal\/wp-content\/uploads\/2018\/06\/ADOLESCENTE-DETENIDO.jpg?resize=580%2C385\" alt=\"El adolescente pr\u00f3ximo a cumplir su mayor\u00eda de edad, fue detenido por Carabineros en medio de un control de identidad en la comuna de Llay Llay. (Foto Archivo).\" width=\"580\" height=\"385\" srcset=\"https:\/\/i0.wp.com\/eltrabajo.cl\/portal\/wp-content\/uploads\/2018\/06\/ADOLESCENTE-DETENIDO.jpg?w=580&amp;ssl=1 580w, https:\/\/i0.wp.com\/eltrabajo.cl\/portal\/wp-content\/uploads\/2018\/06\/ADOLESCENTE-DETENIDO.jpg?resize=200%2C133&amp;ssl=1 200w, https:\/\/i0.wp.com\/eltrabajo.cl\/portal\/wp-content\/uploads\/2018\/06\/ADOLESCENTE-DETENIDO.jpg?resize=300%2C199&amp;ssl=1 300w, https:\/\/i0.wp.com\/eltrabajo.cl\/portal\/wp-content\/uploads\/2018\/06\/ADOLESCENTE-DETENIDO.jpg?resize=226%2C150&amp;ssl=1 226w, https:\/\/i0.wp.com\/eltrabajo.cl\/portal\/wp-content\/uploads\/2018\/06\/ADOLESCENTE-DETENIDO.jpg?resize=400%2C266&amp;ssl=1 400w\" sizes=\"auto, (max-width: 580px) 100vw, 580px\" \/><figcaption id=\"caption-attachment-86853\" class=\"wp-caption-text\">El adolescente pr\u00f3ximo a cumplir su mayor\u00eda de edad, fue detenido por Carabineros en medio de un control de identidad en la comuna de Llay Llay. (Foto Archivo).<\/figcaption><\/figure>\n<ul>\n<li><strong><span style=\"color: #ff0000;\">Pesan 11 detenciones en su contra desde el 2015:<\/span>\u00a0Menor de 17 a\u00f1os fue derivado hasta el Juzgado de Garant\u00eda de San Felipe para ser procesado por delitos que investiga la Fiscal\u00eda.<\/strong><\/li>\n<\/ul>\n<p>Tras un control de identidad efectuado por personal de Carabineros de la Subcomisar\u00eda de Llay Llay, un adolescente de 17 a\u00f1os fue detenido en horas de la noche de este jueves tras encontrarse pr\u00f3fugo de justicia por delitos cometidos en esta comuna, siendo requerido por la justicia.<br \/>\nSeg\u00fan la informaci\u00f3n policial, el adolescente desde el a\u00f1o 2015 registra al menos 11 detenciones, en su mayor\u00eda por delitos de robo cometidos en esta localidad.<br \/>\nCarabineros agreg\u00f3 que desde el a\u00f1o 2016 a la fecha, el imputado ha sido capturado en 7 ocasiones por \u00f3rdenes de detenci\u00f3n requeridas por tribunales.<br \/>\nNo obstante el detenido de iniciales C.N.P.M., en virtud del requerimiento judicial, fue derivado hasta el Juzgado de Garant\u00eda de San Felipe para ser procesado por las causas que se encuentran en las carpetas investigativas a cargo de la Fiscal\u00eda.<br \/>\n<strong>Pablo Salinas Sald\u00edas<\/strong><\/p>\n","protected":false},"excerpt":{"rendered":"<p>Pesan 11 detenciones en su contra desde el 2015:\u00a0Menor de 17 a\u00f1os fue derivado hasta el Juzgado de Garant\u00eda de San Felipe para ser procesado por delitos que investiga la Fiscal\u00eda. Tras&#8230;<\/p>\n","protected":false},"author":1,"featured_media":86853,"comment_status":"open","ping_status":"open","sticky":false,"template":"","format":"standard","meta":{"advanced_seo_description":"","jetpack_seo_html_title":"","jetpack_seo_noindex":false,"_jetpack_memberships_contains_paid_content":false,"footnotes":""},"categories":[21],"tags":[],"class_list":["post-86852","post","type-post","status-publish","format-standard","has-post-thumbnail","hentry","category-policial"],"jetpack_featured_media_url":"https:\/\/i0.wp.com\/eltrabajo.cl\/portal\/wp-content\/uploads\/2018\/06\/ADOLESCENTE-DETENIDO.jpg?fit=580%2C385&ssl=1","jetpack_sharing_enabled":true,"jetpack_likes_enabled":true,"jetpack-related-posts":[],"_links":{"self":[{"href":"https:\/\/eltrabajo.cl\/portal\/wp-json\/wp\/v2\/posts\/86852","targetHints":{"allow":["GET"]}}],"collection":[{"href":"https:\/\/eltrabajo.cl\/portal\/wp-json\/wp\/v2\/posts"}],"about":[{"href":"https:\/\/eltrabajo.cl\/portal\/wp-json\/wp\/v2\/types\/post"}],"author":[{"embeddable":true,"href":"https:\/\/eltrabajo.cl\/portal\/wp-json\/wp\/v2\/users\/1"}],"replies":[{"embeddable":true,"href":"https:\/\/eltrabajo.cl\/portal\/wp-json\/wp\/v2\/comments?post=86852"}],"version-history":[{"count":0,"href":"https:\/\/eltrabajo.cl\/portal\/wp-json\/wp\/v2\/posts\/86852\/revisions"}],"wp:featuredmedia":[{"embeddable":true,"href":"https:\/\/eltrabajo.cl\/portal\/wp-json\/wp\/v2\/media\/86853"}],"wp:attachment":[{"href":"https:\/\/eltrabajo.cl\/portal\/wp-json\/wp\/v2\/media?parent=86852"}],"wp:term":[{"taxonomy":"category","embeddable":true,"href":"https:\/\/eltrabajo.cl\/portal\/wp-json\/wp\/v2\/categories?post=86852"},{"taxonomy":"post_tag","embeddable":true,"href":"https:\/\/eltrabajo.cl\/portal\/wp-json\/wp\/v2\/tags?post=86852"}],"curies":[{"name":"wp","href":"https:\/\/api.w.org\/{rel}","templated":true}]}}