{"id":86859,"date":"2018-06-15T05:03:50","date_gmt":"2018-06-15T09:03:50","guid":{"rendered":"http:\/\/www.eltrabajo.cl\/2017\/?p=86859"},"modified":"2018-06-15T05:03:50","modified_gmt":"2018-06-15T09:03:50","slug":"daem-concreta-anunciados-despidos-a-profesores-y-asistentes-de-educacion","status":"publish","type":"post","link":"https:\/\/eltrabajo.cl\/portal\/daem-concreta-anunciados-despidos-a-profesores-y-asistentes-de-educacion\/","title":{"rendered":"Daem concreta anunciados despidos a profesores y asistentes de educaci\u00f3n"},"content":{"rendered":"<figure id=\"attachment_86934\" aria-describedby=\"caption-attachment-86934\" style=\"width: 579px\" class=\"wp-caption alignnone\"><img data-recalc-dims=\"1\" loading=\"lazy\" decoding=\"async\" class=\"wp-image-86934 size-full\" src=\"https:\/\/i0.wp.com\/www.eltrabajo.cl\/portal\/wp-content\/uploads\/2018\/06\/licencias-medicas-1-e1529447955656.jpg?resize=579%2C302\" alt=\"Debido a la presentaci\u00f3n de licencias m\u00e9dicas reiteradas, un grupo de profesores y asistentes de la educaci\u00f3n fueron despedidos al considerarse que su salud no es compatible con el trabajo.\" width=\"579\" height=\"302\" srcset=\"https:\/\/i0.wp.com\/eltrabajo.cl\/portal\/wp-content\/uploads\/2018\/06\/licencias-medicas-1-e1529447955656.jpg?w=579&amp;ssl=1 579w, https:\/\/i0.wp.com\/eltrabajo.cl\/portal\/wp-content\/uploads\/2018\/06\/licencias-medicas-1-e1529447955656.jpg?resize=200%2C104&amp;ssl=1 200w, https:\/\/i0.wp.com\/eltrabajo.cl\/portal\/wp-content\/uploads\/2018\/06\/licencias-medicas-1-e1529447955656.jpg?resize=300%2C156&amp;ssl=1 300w, https:\/\/i0.wp.com\/eltrabajo.cl\/portal\/wp-content\/uploads\/2018\/06\/licencias-medicas-1-e1529447955656.jpg?resize=288%2C150&amp;ssl=1 288w, https:\/\/i0.wp.com\/eltrabajo.cl\/portal\/wp-content\/uploads\/2018\/06\/licencias-medicas-1-e1529447955656.jpg?resize=400%2C209&amp;ssl=1 400w\" sizes=\"auto, (max-width: 579px) 100vw, 579px\" \/><figcaption id=\"caption-attachment-86934\" class=\"wp-caption-text\">Debido a la presentaci\u00f3n de licencias m\u00e9dicas reiteradas, un grupo de profesores y asistentes de la educaci\u00f3n fueron despedidos al considerarse que su salud no es compatible con el trabajo.<\/figcaption><\/figure>\n<ul>\n<li><span style=\"color: #ff0000;\"><strong>Medida se tom\u00f3 por \u2018salud incompatible con el trabajo\u2019. Una de las afectadas calific\u00f3 la medida como humillante<\/strong><\/span><\/li>\n<\/ul>\n<p>Una verdadera tragedia desde el punto de vista humano est\u00e1 viviendo un grupo de profesores y asistentes de la educaci\u00f3n que fueron despedidos porque su salud no es compatible para seguir trabajando en establecimientos educacionales municipales de San Felipe.<br \/>\nAl respecto el director de la Daem San Felipe, Iv\u00e1n Silva Padilla, reconoci\u00f3 la situaci\u00f3n indicando en Radio Aconcagua que en definitiva son diez personas, entre profesores y asistentes de la educaci\u00f3n, los que fueron notificados de sus despidos del sistema de educaci\u00f3n municipal, sin embargo una de las afectadas, Eliana Guerra, se\u00f1al\u00f3 en el mismo medio radial, que eran cuarenta los despedidos, calificando la medida como humillante: \u201cYo soy Asistente de la Educaci\u00f3n hace 20 a\u00f1os en la escuela Buen Pastor, me llaman el mi\u00e9rcoles a las seis de la tarde desde el DAEM a una reuni\u00f3n con el jefe don Iv\u00e1n, asisto a la reuni\u00f3n, muy lamentable lo que me ha pasado a m\u00ed y a cuarenta personas m\u00e1s entre profesores y asistentes de la educaci\u00f3n para despidos, pero nos despiden con una mano adelante y la otra atr\u00e1s que es bastante humillante\u2026 humillante para nosotros porque somos educadores, profesores, yo soy asistente de la educaci\u00f3n, estoy enferma con una artrosis rodillas, lumbar, cadera, y nos echan a la calle igual que perros, con una mano adelante y otra atr\u00e1s\u201d, dice Eliana Guerra, asistente despedida.<br \/>\n<strong>&#8211; \u00bfPor qu\u00e9 los echaron?<\/strong><br \/>\n&#8211; Porque yo tengo licencias reiteradas, pero yo apel\u00e9 a la Superintendencia.<br \/>\n<strong>&#8211; \u00bfEste es el tema que denunci\u00f3 en su momento el Concejal Beals?<\/strong><br \/>\n&#8211; S\u00ed, el s\u00faper genio\u2026 el s\u00faper genio que tenemos en la municipalidad. Tengo mucha indignaci\u00f3n, mucha rabia por los cuarenta profesionales que nos echaron a la calle, pero pelados, pelados, sin ni un veinte, sin ninguna indemnizaci\u00f3n, sin mes de aviso, es decir nada. Mire, me avisan el mi\u00e9rcoles a las seis de la tarde y el jueves a las once y media de la ma\u00f1ana estoy despedida, \u00bflo encuentran justo? Lo peor de todo que este martes salgo al jard\u00edn de mi casa y est\u00e1 la carta de despido tirada en el antejard\u00edn\u2026 no somos animales\u2026 somos profesionales, por qu\u00e9 no nos dan un poco de dignidad desde la municipalidad o ll\u00e1menos desde el DAEM, si tengo las licencias m\u00e9dicas rechazadas por el Compin, pero tengo apelaciones a la Superintendencia y ya me lleg\u00f3 una.<br \/>\nReconoce que tiene salud incompatible con el trabajo, pero dice que se tiene que operar en el sector p\u00fablico, \u201cporque no tengo diez millones para operarme en el sector privado, no tengo los diez millones; estoy imposibilitada, hay d\u00edas en que no puedo caminar, mi marido me tiene que ayudar a ponerme las zapatillas, los calcetines, mis hijos me han visto, es bastante d\u00e9spota (sic) lo que nos est\u00e1 pasando\u201d, se\u00f1ala.<br \/>\nCuenta que ahora va a tener que ir al traumat\u00f3logo en forma particular, consulta que seg\u00fan ella tiene un valor de 25 mil pesos, mientras que los remedios le cuestan sobre los 30 mil pesos para calmar el dolor porque ahora ya se est\u00e1 tratando con morfina.<br \/>\nTambi\u00e9n cont\u00f3 la situaci\u00f3n de una profesora que est\u00e1 afectada por un c\u00e1ncer terminal que la tiene en quimioterapia y recibi\u00f3 la carta de despido, en este caso el alcalde Freire dijo que al menos el decreto de despido de esta profesora fue revertido porque se est\u00e1 en etapa de recuperaci\u00f3n.<br \/>\nCita a otras dos funcionarias, una afectada de una fuerte depresi\u00f3n y la otra \u201ccon una enfermedad terminal y nos echan as\u00ed, quien nos va a ayudar a nosotros a costear nuestra enfermedad, estoy mal con todo esto\u201d.<br \/>\n<strong>&#8211; \u00bfQu\u00e9 pasos van a seguir ahora en adelante?<\/strong><br \/>\n&#8211; Mira nosotros nos vamos a reunir en el Colegio de Profesores, las cuarenta personas afectadas, y vamos a ver los pasos a seguir. Gracias a Dios nos van a apoyar unos abogados, yo no s\u00e9 si el se\u00f1or Freire firm\u00f3 la carta con vendas en los ojos que no vio y por qu\u00e9 \u00e9l no pide al Daem todas las carpetas de nosotros, como estamos enfermos y de que estamos imposibilitados de trabajar, \u00e9l lleg\u00f3 y firm\u00f3.<\/p>\n<p><span style=\"color: #ff0000;\"><strong>DAEM IV\u00c1N SILVA<\/strong><\/span><br \/>\nEn tanto el Director de la Daem San Felipe, Iv\u00e1n Silva Padilla, dijo que en realidad son diez personas despedidas bajo las leyes vigentes: \u201cSe ha solicitado aplicarlas en funci\u00f3n de eso, esto se lleva un tiempo trabajando con la municipalidad, se ha conversado con el Ministerio de Educaci\u00f3n al respecto y la decisi\u00f3n final fue que hab\u00eda que aplicar la ley, no podemos tener gente con m\u00e1s de 180 d\u00edas de licencia y no aplicar la ley\u201d, dijo Silva.<br \/>\n<strong>&#8211; \u00bfQu\u00e9 ley se est\u00e1 aplicando?, porque personas con licencia no se pueden despedir, \u00bfpero ustedes han actuado al amparo de la ley?<\/strong><br \/>\n&#8211; Evidente, aqu\u00ed ha habido un trabajo del departamento jur\u00eddico del Daem y tambi\u00e9n del departamento jur\u00eddico de la Municipalidad, o sea es una decisi\u00f3n que bien se ajusta a la ley, es complicado hacerlo, yo podr\u00eda haber notificado personalmente a esta gente v\u00eda correo, pero prefer\u00ed hablar con cada uno de ellos y explicarle porqu\u00e9 se estaba haciendo esto y porqu\u00e9 se estaba aplicando la ley, es mi obligaci\u00f3n aplicar la ley, del alcalde tambi\u00e9n, porque si no el alcalde entra en abandono de deberes, lamentablemente esto nunca se hab\u00eda hecho, ese es el problema, pero a ra\u00edz que se cuestionaron hace un tiempo atr\u00e1s licencias.<br \/>\n<strong>&#8211; \u00bfEl Concejal Beals?<\/strong><br \/>\n&#8211; Mira no me interesa quien lo haya hecho, pero el tema es nacional, no es de San Felipe es que el concejo nuestro lo haya mencionado es parte de todo lo que est\u00e1 pasando en nuestro pa\u00eds con respecto a las licencias.<br \/>\n<strong>&#8211; \u00bfQu\u00e9 va a pasar con esta gente?, estamos hablando de profesores y asistentes de educaci\u00f3n, \u00bfes verdad que se van sin indemnizaci\u00f3n, sin mes de aviso, es lo que corresponde?<\/strong><br \/>\n&#8211; Exactamente, la ley lo que aclara es eso.<br \/>\n<strong>&#8211; \u00bfQu\u00e9 ley es?<\/strong><br \/>\n&#8211; Creo que es el art\u00edculo 145 de la ley 18.834, y ley 18.020 art\u00edculo 15 se pueden juntar las dos, bajo esa ley le he pedido al Compin que verifiquen si hay salud recuperable o incompatible, pero como digo ac\u00e1 hay diez personas que est\u00e1n en este tema, donde se le pregunt\u00f3 al Compin si la salud era recuperable o incompatible, hay una diferencia bastante grande en eso, por lo mismo ped\u00ed hablar con la gente para explicarle porque no todos lo saben, esa es la situaci\u00f3n, la verdad que el Compin se demor\u00f3 mucho en contestar y contestaron de esta gente, que la salud de ellos era incompatible con seguir trabajando, la ley es muy fr\u00eda. Yo no quiero culpabilizar a nadie, simplemente todas las comunas lo est\u00e1n haciendo, porque ahora hay un control m\u00e1s estrecho a ra\u00edz de esto que se comunic\u00f3 sobre las licencias en el sector educaci\u00f3n de todos lados.<br \/>\n<strong>&#8211; En el caso de Eliana Guerra que est\u00e1 a punto de jubilarse, \u00bfqu\u00e9 se puede hacer ah\u00ed?<\/strong><br \/>\n&#8211; Mira aqu\u00ed siempre se ha hablado con el personal, si hab\u00eda gente que pod\u00eda optar a esa opci\u00f3n, se convers\u00f3 con ellos, de hecho hay una de las personas que estaba iniciando los tr\u00e1mites documentados y qued\u00f3 standby por ahora, qued\u00f3 pendiente, o sea aqu\u00ed no hay animosidad con la gente en absoluto, es dif\u00edcil hacer esto, pero hay que hacerlo porque es la ley.<\/p>\n<figure id=\"attachment_86860\" aria-describedby=\"caption-attachment-86860\" style=\"width: 580px\" class=\"wp-caption alignnone\"><img data-recalc-dims=\"1\" loading=\"lazy\" decoding=\"async\" class=\"size-full wp-image-86860\" src=\"https:\/\/i0.wp.com\/www.eltrabajo.cl\/portal\/wp-content\/uploads\/2018\/06\/IVAN-SILVA.jpg?resize=580%2C463\" alt=\"Iv\u00e1n Silva Padilla, Director de la Daem de San Felipe.\" width=\"580\" height=\"463\" srcset=\"https:\/\/i0.wp.com\/eltrabajo.cl\/portal\/wp-content\/uploads\/2018\/06\/IVAN-SILVA.jpg?w=580&amp;ssl=1 580w, https:\/\/i0.wp.com\/eltrabajo.cl\/portal\/wp-content\/uploads\/2018\/06\/IVAN-SILVA.jpg?resize=188%2C150&amp;ssl=1 188w, https:\/\/i0.wp.com\/eltrabajo.cl\/portal\/wp-content\/uploads\/2018\/06\/IVAN-SILVA.jpg?resize=300%2C239&amp;ssl=1 300w, https:\/\/i0.wp.com\/eltrabajo.cl\/portal\/wp-content\/uploads\/2018\/06\/IVAN-SILVA.jpg?resize=400%2C319&amp;ssl=1 400w\" sizes=\"auto, (max-width: 580px) 100vw, 580px\" \/><figcaption id=\"caption-attachment-86860\" class=\"wp-caption-text\">Iv\u00e1n Silva Padilla, Director de la Daem de San Felipe.<\/figcaption><\/figure>\n","protected":false},"excerpt":{"rendered":"<p>Medida se tom\u00f3 por \u2018salud incompatible con el trabajo\u2019. Una de las afectadas calific\u00f3 la medida como humillante Una verdadera tragedia desde el punto de vista humano est\u00e1 viviendo un grupo de&#8230;<\/p>\n","protected":false},"author":1,"featured_media":86934,"comment_status":"open","ping_status":"open","sticky":false,"template":"","format":"standard","meta":{"advanced_seo_description":"","jetpack_seo_html_title":"","jetpack_seo_noindex":false,"_jetpack_memberships_contains_paid_content":false,"footnotes":""},"categories":[1],"tags":[],"class_list":["post-86859","post","type-post","status-publish","format-standard","has-post-thumbnail","hentry","category-cronica"],"jetpack_featured_media_url":"https:\/\/i0.wp.com\/eltrabajo.cl\/portal\/wp-content\/uploads\/2018\/06\/licencias-medicas-1-e1529447955656.jpg?fit=579%2C302&ssl=1","jetpack_sharing_enabled":true,"jetpack_likes_enabled":true,"jetpack-related-posts":[],"_links":{"self":[{"href":"https:\/\/eltrabajo.cl\/portal\/wp-json\/wp\/v2\/posts\/86859","targetHints":{"allow":["GET"]}}],"collection":[{"href":"https:\/\/eltrabajo.cl\/portal\/wp-json\/wp\/v2\/posts"}],"about":[{"href":"https:\/\/eltrabajo.cl\/portal\/wp-json\/wp\/v2\/types\/post"}],"author":[{"embeddable":true,"href":"https:\/\/eltrabajo.cl\/portal\/wp-json\/wp\/v2\/users\/1"}],"replies":[{"embeddable":true,"href":"https:\/\/eltrabajo.cl\/portal\/wp-json\/wp\/v2\/comments?post=86859"}],"version-history":[{"count":0,"href":"https:\/\/eltrabajo.cl\/portal\/wp-json\/wp\/v2\/posts\/86859\/revisions"}],"wp:featuredmedia":[{"embeddable":true,"href":"https:\/\/eltrabajo.cl\/portal\/wp-json\/wp\/v2\/media\/86934"}],"wp:attachment":[{"href":"https:\/\/eltrabajo.cl\/portal\/wp-json\/wp\/v2\/media?parent=86859"}],"wp:term":[{"taxonomy":"category","embeddable":true,"href":"https:\/\/eltrabajo.cl\/portal\/wp-json\/wp\/v2\/categories?post=86859"},{"taxonomy":"post_tag","embeddable":true,"href":"https:\/\/eltrabajo.cl\/portal\/wp-json\/wp\/v2\/tags?post=86859"}],"curies":[{"name":"wp","href":"https:\/\/api.w.org\/{rel}","templated":true}]}}