{"id":86868,"date":"2018-06-18T05:00:58","date_gmt":"2018-06-18T09:00:58","guid":{"rendered":"http:\/\/www.eltrabajo.cl\/2017\/?p=86868"},"modified":"2018-06-18T05:00:58","modified_gmt":"2018-06-18T09:00:58","slug":"ninos-de-santa-maria-dijeron-no-al-trabajo-infantil","status":"publish","type":"post","link":"https:\/\/eltrabajo.cl\/portal\/ninos-de-santa-maria-dijeron-no-al-trabajo-infantil\/","title":{"rendered":"Ni\u00f1os de Santa Mar\u00eda dijeron No al trabajo infantil"},"content":{"rendered":"<figure id=\"attachment_86871\" aria-describedby=\"caption-attachment-86871\" style=\"width: 578px\" class=\"wp-caption alignnone\"><img data-recalc-dims=\"1\" loading=\"lazy\" decoding=\"async\" class=\"size-full wp-image-86871\" src=\"https:\/\/i0.wp.com\/www.eltrabajo.cl\/portal\/wp-content\/uploads\/2018\/06\/Ninos3.jpg?resize=578%2C348\" alt=\"Las autoridades tambi\u00e9n marcharon al lado de estos peque\u00f1itos para potenciar as\u00ed la protesta.\" width=\"578\" height=\"348\" srcset=\"https:\/\/i0.wp.com\/eltrabajo.cl\/portal\/wp-content\/uploads\/2018\/06\/Ninos3.jpg?w=578&amp;ssl=1 578w, https:\/\/i0.wp.com\/eltrabajo.cl\/portal\/wp-content\/uploads\/2018\/06\/Ninos3.jpg?resize=200%2C120&amp;ssl=1 200w, https:\/\/i0.wp.com\/eltrabajo.cl\/portal\/wp-content\/uploads\/2018\/06\/Ninos3.jpg?resize=300%2C181&amp;ssl=1 300w, https:\/\/i0.wp.com\/eltrabajo.cl\/portal\/wp-content\/uploads\/2018\/06\/Ninos3.jpg?resize=249%2C150&amp;ssl=1 249w, https:\/\/i0.wp.com\/eltrabajo.cl\/portal\/wp-content\/uploads\/2018\/06\/Ninos3.jpg?resize=400%2C241&amp;ssl=1 400w\" sizes=\"auto, (max-width: 578px) 100vw, 578px\" \/><figcaption id=\"caption-attachment-86871\" class=\"wp-caption-text\">Las autoridades tambi\u00e9n marcharon al lado de estos peque\u00f1itos para potenciar as\u00ed la protesta.<\/figcaption><\/figure>\n<p>En una caminata pac\u00edfica organizada por la Municipalidad de Santa Mar\u00eda, la Oficina de Protecci\u00f3n de Derechos y la Seremi de Trabajo y Previsi\u00f3n Social, m\u00e1s de 300 ni\u00f1os le dijeron no al trabajo infantil, s\u00ed a los juegos y la educaci\u00f3n. El recorrido culmin\u00f3 en la Plaza de Armas de la comuna, con una ceremonia donde el alcalde Claudio Zurita reforz\u00f3 la importancia de que tanto autoridades como adultos respeten y protejan los derechos de los ni\u00f1os.<br \/>\nPor su parte la Seremi de Justicia y Derechos Humanos, Amaia Arraztoa, se\u00f1al\u00f3 que como gobierno se est\u00e1 trabajando en un comit\u00e9 liderado por la Seremi del Trabajo, Violeta Silva, \u00aben el cual estamos revisando todas las acciones a llevar a cabo, y la fiscalizaci\u00f3n del cumplimiento de la ley\u00bb. Adem\u00e1s, destac\u00f3 que los derechos de los ni\u00f1os son prioridad, seg\u00fan el mandato del Presidente Pi\u00f1era.<br \/>\nEn tanto, el gobernador Claudio Rodr\u00edguez enfatiz\u00f3 en este tipo de actividades \u00abque llamen a cambiar la cultura, que llamen a preocuparnos de este tema y que, en definitiva, se transforme en una realidad de que los ni\u00f1os est\u00e1n primero\u00bb.<\/p>\n<figure id=\"attachment_86869\" aria-describedby=\"caption-attachment-86869\" style=\"width: 579px\" class=\"wp-caption alignnone\"><img data-recalc-dims=\"1\" loading=\"lazy\" decoding=\"async\" class=\"size-full wp-image-86869\" src=\"https:\/\/i0.wp.com\/www.eltrabajo.cl\/portal\/wp-content\/uploads\/2018\/06\/Ninos1.jpg?resize=579%2C582\" alt=\"La caminata pac\u00edfica fue organizada por la Municipalidad de Santa Mar\u00eda, la Oficina de Protecci\u00f3n de Derechos y la Seremi de Trabajo y Previsi\u00f3n Social.\" width=\"579\" height=\"582\" srcset=\"https:\/\/i0.wp.com\/eltrabajo.cl\/portal\/wp-content\/uploads\/2018\/06\/Ninos1.jpg?w=579&amp;ssl=1 579w, https:\/\/i0.wp.com\/eltrabajo.cl\/portal\/wp-content\/uploads\/2018\/06\/Ninos1.jpg?resize=149%2C150&amp;ssl=1 149w, https:\/\/i0.wp.com\/eltrabajo.cl\/portal\/wp-content\/uploads\/2018\/06\/Ninos1.jpg?resize=298%2C300&amp;ssl=1 298w, https:\/\/i0.wp.com\/eltrabajo.cl\/portal\/wp-content\/uploads\/2018\/06\/Ninos1.jpg?resize=400%2C402&amp;ssl=1 400w\" sizes=\"auto, (max-width: 579px) 100vw, 579px\" \/><figcaption id=\"caption-attachment-86869\" class=\"wp-caption-text\">La caminata pac\u00edfica fue organizada por la Municipalidad de Santa Mar\u00eda, la Oficina de Protecci\u00f3n de Derechos y la Seremi de Trabajo y Previsi\u00f3n Social.<\/figcaption><\/figure>\n<figure id=\"attachment_86870\" aria-describedby=\"caption-attachment-86870\" style=\"width: 579px\" class=\"wp-caption alignnone\"><img data-recalc-dims=\"1\" loading=\"lazy\" decoding=\"async\" class=\"size-full wp-image-86870\" src=\"https:\/\/i0.wp.com\/www.eltrabajo.cl\/portal\/wp-content\/uploads\/2018\/06\/Ninos2.jpg?resize=579%2C537\" alt=\"M\u00e1s de 300 ni\u00f1os le dijeron no al trabajo infantil, s\u00ed a los juegos y la educaci\u00f3n.\" width=\"579\" height=\"537\" srcset=\"https:\/\/i0.wp.com\/eltrabajo.cl\/portal\/wp-content\/uploads\/2018\/06\/Ninos2.jpg?w=579&amp;ssl=1 579w, https:\/\/i0.wp.com\/eltrabajo.cl\/portal\/wp-content\/uploads\/2018\/06\/Ninos2.jpg?resize=162%2C150&amp;ssl=1 162w, https:\/\/i0.wp.com\/eltrabajo.cl\/portal\/wp-content\/uploads\/2018\/06\/Ninos2.jpg?resize=300%2C278&amp;ssl=1 300w, https:\/\/i0.wp.com\/eltrabajo.cl\/portal\/wp-content\/uploads\/2018\/06\/Ninos2.jpg?resize=400%2C371&amp;ssl=1 400w\" sizes=\"auto, (max-width: 579px) 100vw, 579px\" \/><figcaption id=\"caption-attachment-86870\" class=\"wp-caption-text\">M\u00e1s de 300 ni\u00f1os le dijeron no al trabajo infantil, s\u00ed a los juegos y la educaci\u00f3n.<\/figcaption><\/figure>\n","protected":false},"excerpt":{"rendered":"<p>En una caminata pac\u00edfica organizada por la Municipalidad de Santa Mar\u00eda, la Oficina de Protecci\u00f3n de Derechos y la Seremi de Trabajo y Previsi\u00f3n Social, m\u00e1s de 300 ni\u00f1os le dijeron no&#8230;<\/p>\n","protected":false},"author":1,"featured_media":86871,"comment_status":"open","ping_status":"open","sticky":false,"template":"","format":"standard","meta":{"advanced_seo_description":"","jetpack_seo_html_title":"","jetpack_seo_noindex":false,"_jetpack_memberships_contains_paid_content":false,"footnotes":""},"categories":[1],"tags":[],"class_list":["post-86868","post","type-post","status-publish","format-standard","has-post-thumbnail","hentry","category-cronica"],"jetpack_featured_media_url":"https:\/\/i0.wp.com\/eltrabajo.cl\/portal\/wp-content\/uploads\/2018\/06\/Ninos3.jpg?fit=578%2C348&ssl=1","jetpack_sharing_enabled":true,"jetpack_likes_enabled":true,"jetpack-related-posts":[],"_links":{"self":[{"href":"https:\/\/eltrabajo.cl\/portal\/wp-json\/wp\/v2\/posts\/86868","targetHints":{"allow":["GET"]}}],"collection":[{"href":"https:\/\/eltrabajo.cl\/portal\/wp-json\/wp\/v2\/posts"}],"about":[{"href":"https:\/\/eltrabajo.cl\/portal\/wp-json\/wp\/v2\/types\/post"}],"author":[{"embeddable":true,"href":"https:\/\/eltrabajo.cl\/portal\/wp-json\/wp\/v2\/users\/1"}],"replies":[{"embeddable":true,"href":"https:\/\/eltrabajo.cl\/portal\/wp-json\/wp\/v2\/comments?post=86868"}],"version-history":[{"count":0,"href":"https:\/\/eltrabajo.cl\/portal\/wp-json\/wp\/v2\/posts\/86868\/revisions"}],"wp:featuredmedia":[{"embeddable":true,"href":"https:\/\/eltrabajo.cl\/portal\/wp-json\/wp\/v2\/media\/86871"}],"wp:attachment":[{"href":"https:\/\/eltrabajo.cl\/portal\/wp-json\/wp\/v2\/media?parent=86868"}],"wp:term":[{"taxonomy":"category","embeddable":true,"href":"https:\/\/eltrabajo.cl\/portal\/wp-json\/wp\/v2\/categories?post=86868"},{"taxonomy":"post_tag","embeddable":true,"href":"https:\/\/eltrabajo.cl\/portal\/wp-json\/wp\/v2\/tags?post=86868"}],"curies":[{"name":"wp","href":"https:\/\/api.w.org\/{rel}","templated":true}]}}