{"id":86873,"date":"2018-06-18T05:01:16","date_gmt":"2018-06-18T09:01:16","guid":{"rendered":"http:\/\/www.eltrabajo.cl\/2017\/?p=86873"},"modified":"2018-06-18T05:01:16","modified_gmt":"2018-06-18T09:01:16","slug":"si-no-hay-aspiracion-a-que-nazca-de-la-ciudadania-no-tiene-mucho-sentido-crear-una-region","status":"publish","type":"post","link":"https:\/\/eltrabajo.cl\/portal\/si-no-hay-aspiracion-a-que-nazca-de-la-ciudadania-no-tiene-mucho-sentido-crear-una-region\/","title":{"rendered":"\u00abSi no hay aspiraci\u00f3n a que nazca de la ciudadan\u00eda no tiene mucho sentido crear una regi\u00f3n\u00bb"},"content":{"rendered":"<figure id=\"attachment_86874\" aria-describedby=\"caption-attachment-86874\" style=\"width: 578px\" class=\"wp-caption alignnone\"><img data-recalc-dims=\"1\" loading=\"lazy\" decoding=\"async\" class=\"size-full wp-image-86874\" src=\"https:\/\/i0.wp.com\/www.eltrabajo.cl\/portal\/wp-content\/uploads\/2018\/06\/Cifuentes1.jpg?resize=578%2C265\" alt=\"Exsubsecretario de Desarrollo Regional del Gobierno de la expresidenta Michel Bachelet, Ricardo Cifuentes.\" width=\"578\" height=\"265\" srcset=\"https:\/\/i0.wp.com\/eltrabajo.cl\/portal\/wp-content\/uploads\/2018\/06\/Cifuentes1.jpg?w=578&amp;ssl=1 578w, https:\/\/i0.wp.com\/eltrabajo.cl\/portal\/wp-content\/uploads\/2018\/06\/Cifuentes1.jpg?resize=200%2C92&amp;ssl=1 200w, https:\/\/i0.wp.com\/eltrabajo.cl\/portal\/wp-content\/uploads\/2018\/06\/Cifuentes1.jpg?resize=300%2C138&amp;ssl=1 300w, https:\/\/i0.wp.com\/eltrabajo.cl\/portal\/wp-content\/uploads\/2018\/06\/Cifuentes1.jpg?resize=400%2C183&amp;ssl=1 400w\" sizes=\"auto, (max-width: 578px) 100vw, 578px\" \/><figcaption id=\"caption-attachment-86874\" class=\"wp-caption-text\">Exsubsecretario de Desarrollo Regional del Gobierno de la expresidenta Michel Bachelet, Ricardo Cifuentes.<\/figcaption><\/figure>\n<ul>\n<li><span style=\"color: #ff0000;\"><strong>ExSubdere Ricardo Cifuentes:<\/strong><\/span><\/li>\n<\/ul>\n<p>El exSubsecretario de Desarrollo Regional del Gobierno de la expresidenta Michel Bachelet, Ricardo Cifuentes, convers\u00f3 con nuestro medio con respecto a la recuperaci\u00f3n de la regi\u00f3n de Aconcagua, teniendo en cuenta que durante el periodo en que \u00e9l estuvo a cargo de la Subdere se desarroll\u00f3 el estudio para tal efecto.<br \/>\nLo primero que se\u00f1al\u00f3 fue reconocer que el estudio se hizo por mandato de la expresidenta Bachelet como corresponde de acuerdo a las metodolog\u00edas tradicionales que se han usado desde hace a\u00f1os y que les permitieron la creaci\u00f3n de Regi\u00f3n de Los R\u00edos y Arica Parinacota, indicando que los datos usados fueron oficiales entregados por los servicios p\u00fablicos que la ley considera por ejemplo el INE por eso ignora cu\u00e1l es la equivocaci\u00f3n eso.<br \/>\n\u00abSegundo lugar y hasta ahora lo que yo he escuchado en los medios de comunicaci\u00f3n y de la Agrupaci\u00f3n Aconcagua Regi\u00f3n, es que el gobierno habr\u00eda tomado una posici\u00f3n, pero lo que yo les he dicho es que ustedes deben pedirle al gobierno un pronunciamiento formal por escrito, en el que les digan; \u2018mire, esto es lo que nosotros pensamos\u2019, porque a veces se usan excusas para no avanzar en alg\u00fan tema en que el gobierno no est\u00e9 de acuerdo, incluso yo creo que es leg\u00edtimo que el gobierno no est\u00e9 de acuerdo es una posici\u00f3n, pero lo que no es leg\u00edtimo es que ustedes no tengan una respuesta formal, la ciudadan\u00eda merece una respuesta formal de parte de la autoridad, yo creo que no debiese la autoridad tener ning\u00fan problema en darles una repuesta, pero formal, por escrito, donde le den los argumentos precisos y t\u00e9cnicos que correspondan para s\u00ed o no mostrarles el camino, como van a continuar o no van a continuar, hay posiciones y son legitimas\u00bb, se\u00f1al\u00f3.<br \/>\nIgnora las cr\u00edticas que se le han hecho al estudio, pero reitera que la comunidad lo que debe pedir al gobierno es un pronunciamiento oficial, \u00abque les entreguen los argumentos t\u00e9cnicos por escrito de por qu\u00e9 ellos encuentran que el Estudio no es bueno si es que es as\u00ed, porque tambi\u00e9n puede que no\u00bb, se\u00f1al\u00f3 Cifuentes.<br \/>\n&#8211; Teniendo en cuenta su experiencia \u00bfcu\u00e1nto pesa la presi\u00f3n ciudadana, usted cree que los movimientos tienen que nacer de abajo hacia arriba?<br \/>\n&#8211; Eso es lo que se ha demostrado en las tres regiones que se han creado y en las que yo he participado de alguna manera es as\u00ed, las regiones que cre\u00f3 Pinochet son administrativas, se crearon desde Santiago y por lo tanto ah\u00ed no intervino nadie m\u00e1s que Pinochet, quien decid\u00eda los limites, as\u00ed se crearon las regiones en Chile en el a\u00f1o 1975, las tres regiones que se han creado en democracia obedecen al sentir ciudadano que es otra forma de regi\u00f3n, no se crea porque Santiago dice estos son los limites, se crean porque en Arica Parinacota hab\u00eda un sentimiento que era muy fuerte en esos a\u00f1os, Arica estaba muy abandonada e incluso algunos llegaron a levantar banderas de otros pa\u00edses, en Los R\u00edos existi\u00f3 un sentimiento hist\u00f3rico que la provincia de Los R\u00edos nunca perteneci\u00f3 a la Regi\u00f3n de Los Lagos, no tuvo nunca una relaci\u00f3n muy expedita con Puerto Montt, Valdivia, entonces ah\u00ed hab\u00edan una relaci\u00f3n hist\u00f3rica que hab\u00eda que arreglar en el caso de \u00d1uble esa provincia tiene una historia, tiene una cultura una forma de vida que es muy distinta a la de Concepci\u00f3n, yo me acuerdo que en el caso de \u00d1uble hubo una organizaci\u00f3n ciudadana espectacular, en los desfiles del 20 de agosto la celebraci\u00f3n del natalicio de Bernardo O\u2019Higgins, donde por tradici\u00f3n va el presidente de Chile, siempre el que encabezaba el desfile eran los alcaldes con un tremendo letrero que dec\u00eda \u2018\u00d1uble Regi\u00f3n, Queremos \u00d1uble regi\u00f3n\u2019, y eso se lo hicieron a Pi\u00f1era a la presidenta Bachelet, en el primer gobierno se lo hicieron en el segundo y con los emblemas de cada comuna puestos en los lienzos, sino hay ese movimiento esa aspiraci\u00f3n que nazca de la ciudadan\u00eda no tiene mucho sentido crear una regi\u00f3n.<br \/>\n&#8211; \u00bfCu\u00e1nto cueste en dinero crear una regi\u00f3n?<br \/>\n&#8211; El tema del gasto es una cosa bien dif\u00edcil de expresar, porque por un lado hay m\u00e1s gastos, porque se tiene que contratar m\u00e1s funcionarios, representantes, pero por otro lado tiene mucha eficiencia, porque hay m\u00e1s cercan\u00eda de sus servicios a la gente, porque siempre hay que preguntarse qu\u00e9 objetivos buscamos, si el objetivo es ahorrar plata no creamos ninguna regi\u00f3n, yo creo que el objetivo del Estado no es ahorrar plata, el objetivo del Estado es atender bien a sus ciudadanos de manera eficiente, de la manera m\u00e1s cercana posible, si para eso hay que gastar un poco de plata bienvenido sea, porque para eso est\u00e1 la plata, no est\u00e1 para guardarla bajo el colch\u00f3n o meterla a un banco para que rente, en el caso del Estado est\u00e1 para servir mejor a los ciudadanos y si usted tiene que tener a una oficina de Indap cerca de San Felipe, Los Andes o en cualquiera de las comunas donde los agricultores no tengan que ir muy lejos, o tiene que tener una oficina de miner\u00eda, porque se est\u00e1 desarrollando un polo, o las oficinas de Higiene Ambiental que autorizan el funcionamiento de todas las empresas y evitar ir a Valpara\u00edso eso es una tremenda inversi\u00f3n aunque signifique un poco mas de plata al final hay r\u00e9ditos desde el punto de vista ciudadano.<\/p>\n","protected":false},"excerpt":{"rendered":"<p>ExSubdere Ricardo Cifuentes: El exSubsecretario de Desarrollo Regional del Gobierno de la expresidenta Michel Bachelet, Ricardo Cifuentes, convers\u00f3 con nuestro medio con respecto a la recuperaci\u00f3n de la regi\u00f3n de Aconcagua, teniendo&#8230;<\/p>\n","protected":false},"author":1,"featured_media":86874,"comment_status":"open","ping_status":"open","sticky":false,"template":"","format":"standard","meta":{"advanced_seo_description":"","jetpack_seo_html_title":"","jetpack_seo_noindex":false,"_jetpack_memberships_contains_paid_content":false,"footnotes":""},"categories":[1],"tags":[],"class_list":["post-86873","post","type-post","status-publish","format-standard","has-post-thumbnail","hentry","category-cronica"],"jetpack_featured_media_url":"https:\/\/i0.wp.com\/eltrabajo.cl\/portal\/wp-content\/uploads\/2018\/06\/Cifuentes1.jpg?fit=578%2C265&ssl=1","jetpack_sharing_enabled":true,"jetpack_likes_enabled":true,"jetpack-related-posts":[],"_links":{"self":[{"href":"https:\/\/eltrabajo.cl\/portal\/wp-json\/wp\/v2\/posts\/86873","targetHints":{"allow":["GET"]}}],"collection":[{"href":"https:\/\/eltrabajo.cl\/portal\/wp-json\/wp\/v2\/posts"}],"about":[{"href":"https:\/\/eltrabajo.cl\/portal\/wp-json\/wp\/v2\/types\/post"}],"author":[{"embeddable":true,"href":"https:\/\/eltrabajo.cl\/portal\/wp-json\/wp\/v2\/users\/1"}],"replies":[{"embeddable":true,"href":"https:\/\/eltrabajo.cl\/portal\/wp-json\/wp\/v2\/comments?post=86873"}],"version-history":[{"count":0,"href":"https:\/\/eltrabajo.cl\/portal\/wp-json\/wp\/v2\/posts\/86873\/revisions"}],"wp:featuredmedia":[{"embeddable":true,"href":"https:\/\/eltrabajo.cl\/portal\/wp-json\/wp\/v2\/media\/86874"}],"wp:attachment":[{"href":"https:\/\/eltrabajo.cl\/portal\/wp-json\/wp\/v2\/media?parent=86873"}],"wp:term":[{"taxonomy":"category","embeddable":true,"href":"https:\/\/eltrabajo.cl\/portal\/wp-json\/wp\/v2\/categories?post=86873"},{"taxonomy":"post_tag","embeddable":true,"href":"https:\/\/eltrabajo.cl\/portal\/wp-json\/wp\/v2\/tags?post=86873"}],"curies":[{"name":"wp","href":"https:\/\/api.w.org\/{rel}","templated":true}]}}