{"id":86882,"date":"2018-06-18T05:04:04","date_gmt":"2018-06-18T09:04:04","guid":{"rendered":"http:\/\/www.eltrabajo.cl\/2017\/?p=86882"},"modified":"2018-06-18T05:04:04","modified_gmt":"2018-06-18T09:04:04","slug":"total-de-73-detenidos-arrojo-servicios-extraordinarios-de-carabineros-en-aconcagua","status":"publish","type":"post","link":"https:\/\/eltrabajo.cl\/portal\/total-de-73-detenidos-arrojo-servicios-extraordinarios-de-carabineros-en-aconcagua\/","title":{"rendered":"Total de 73 detenidos arroj\u00f3 servicios extraordinarios de Carabineros en Aconcagua"},"content":{"rendered":"<figure id=\"attachment_86883\" aria-describedby=\"caption-attachment-86883\" style=\"width: 578px\" class=\"wp-caption alignnone\"><img data-recalc-dims=\"1\" loading=\"lazy\" decoding=\"async\" class=\"size-full wp-image-86883\" src=\"https:\/\/i0.wp.com\/www.eltrabajo.cl\/portal\/wp-content\/uploads\/2018\/06\/ronda-masiva-viernes.jpg?resize=578%2C317\" alt=\"Los funcionarios de Carabineros Aconcagua se unieron al Plan Nacional preventivo de delitos.\" width=\"578\" height=\"317\" srcset=\"https:\/\/i0.wp.com\/eltrabajo.cl\/portal\/wp-content\/uploads\/2018\/06\/ronda-masiva-viernes.jpg?w=578&amp;ssl=1 578w, https:\/\/i0.wp.com\/eltrabajo.cl\/portal\/wp-content\/uploads\/2018\/06\/ronda-masiva-viernes.jpg?resize=200%2C110&amp;ssl=1 200w, https:\/\/i0.wp.com\/eltrabajo.cl\/portal\/wp-content\/uploads\/2018\/06\/ronda-masiva-viernes.jpg?resize=300%2C165&amp;ssl=1 300w, https:\/\/i0.wp.com\/eltrabajo.cl\/portal\/wp-content\/uploads\/2018\/06\/ronda-masiva-viernes.jpg?resize=274%2C150&amp;ssl=1 274w, https:\/\/i0.wp.com\/eltrabajo.cl\/portal\/wp-content\/uploads\/2018\/06\/ronda-masiva-viernes.jpg?resize=400%2C219&amp;ssl=1 400w\" sizes=\"auto, (max-width: 578px) 100vw, 578px\" \/><figcaption id=\"caption-attachment-86883\" class=\"wp-caption-text\">Los funcionarios de Carabineros Aconcagua se unieron al Plan Nacional preventivo de delitos.<\/figcaption><\/figure>\n<ul>\n<li><strong><span style=\"color: #ff0000;\">San Felipe, Los Andes y Petorca en\u00a0al Plan Nacional Preventivo:\u00a0<\/span>\u00a0La Polic\u00eda uniformada efectu\u00f3 controles preventivos de identidad y fiscalizaciones vehiculares en distintos puntos de las tres provincias.<\/strong><\/li>\n<\/ul>\n<p>La Prefectura de Carabineros Aconcagua entreg\u00f3 su balance respecto las rondas extraordinarias llevadas a cabo desde la medianoche de este jueves hasta las 02:00 horas del pasado s\u00e1bado, informando un total de 73 personas detenidas por delitos flagrantes y \u00f3rdenes judiciales de captura. Estas labores policiales a cargo del Teniente Coronel Paul Oliva Y\u00e1\u00f1ez, se unieron al Plan Nacional efectuado por Carabineros simult\u00e1neamente para evitar delitos que afecten a la ciudadan\u00eda y aumentar la sensaci\u00f3n de seguridad.<br \/>\nEn lo que refiere a nuestra zona, un total de 22 personas fueron detenidas por \u00f3rdenes judiciales de aprehensi\u00f3n y 51 imputados por delito cometidos en forma flagrante, registr\u00e1ndose adem\u00e1s 482 denuncias durante estas diligencias especiales.<br \/>\nCarabineros efectu\u00f3 2.166 controles preventivos de identidad a transe\u00fantes y 3.606 fiscalizaciones vehiculares en las principales rutas de las provincias de San Felipe, Los Andes y Petorca. Asimismo los funcionarios policiales fiscalizaron a 32 locales de venta de alcohol, 132 locales comerciales, 37 entidades bancarias y 23 en seguridad privada.<br \/>\nDentro de las incautaciones efectuadas en lo que refiere a drogas, 0,0178 gramos corresponden a marihuana, 0,0105 gramos de pasta base de coca\u00edna y 11 armas blancas. Estas incautaciones se suman a los 14 kilos de pasta base y plantas de cannabis sativa en Poblaci\u00f3n Luis Gajardo Guerrero de San Felipe. (Ver Nota aparte).<br \/>\n<strong>Pablo Salinas Sald\u00edas<\/strong><\/p>\n","protected":false},"excerpt":{"rendered":"<p>San Felipe, Los Andes y Petorca en\u00a0al Plan Nacional Preventivo:\u00a0\u00a0La Polic\u00eda uniformada efectu\u00f3 controles preventivos de identidad y fiscalizaciones vehiculares en distintos puntos de las tres provincias. La Prefectura de Carabineros Aconcagua&#8230;<\/p>\n","protected":false},"author":1,"featured_media":86883,"comment_status":"open","ping_status":"open","sticky":false,"template":"","format":"standard","meta":{"advanced_seo_description":"","jetpack_seo_html_title":"","jetpack_seo_noindex":false,"_jetpack_memberships_contains_paid_content":false,"footnotes":""},"categories":[21],"tags":[],"class_list":["post-86882","post","type-post","status-publish","format-standard","has-post-thumbnail","hentry","category-policial"],"jetpack_featured_media_url":"https:\/\/i0.wp.com\/eltrabajo.cl\/portal\/wp-content\/uploads\/2018\/06\/ronda-masiva-viernes.jpg?fit=578%2C317&ssl=1","jetpack_sharing_enabled":true,"jetpack_likes_enabled":true,"jetpack-related-posts":[],"_links":{"self":[{"href":"https:\/\/eltrabajo.cl\/portal\/wp-json\/wp\/v2\/posts\/86882","targetHints":{"allow":["GET"]}}],"collection":[{"href":"https:\/\/eltrabajo.cl\/portal\/wp-json\/wp\/v2\/posts"}],"about":[{"href":"https:\/\/eltrabajo.cl\/portal\/wp-json\/wp\/v2\/types\/post"}],"author":[{"embeddable":true,"href":"https:\/\/eltrabajo.cl\/portal\/wp-json\/wp\/v2\/users\/1"}],"replies":[{"embeddable":true,"href":"https:\/\/eltrabajo.cl\/portal\/wp-json\/wp\/v2\/comments?post=86882"}],"version-history":[{"count":0,"href":"https:\/\/eltrabajo.cl\/portal\/wp-json\/wp\/v2\/posts\/86882\/revisions"}],"wp:featuredmedia":[{"embeddable":true,"href":"https:\/\/eltrabajo.cl\/portal\/wp-json\/wp\/v2\/media\/86883"}],"wp:attachment":[{"href":"https:\/\/eltrabajo.cl\/portal\/wp-json\/wp\/v2\/media?parent=86882"}],"wp:term":[{"taxonomy":"category","embeddable":true,"href":"https:\/\/eltrabajo.cl\/portal\/wp-json\/wp\/v2\/categories?post=86882"},{"taxonomy":"post_tag","embeddable":true,"href":"https:\/\/eltrabajo.cl\/portal\/wp-json\/wp\/v2\/tags?post=86882"}],"curies":[{"name":"wp","href":"https:\/\/api.w.org\/{rel}","templated":true}]}}