{"id":86899,"date":"2018-06-18T05:06:09","date_gmt":"2018-06-18T09:06:09","guid":{"rendered":"http:\/\/www.eltrabajo.cl\/2017\/?p=86899"},"modified":"2018-06-18T05:06:09","modified_gmt":"2018-06-18T09:06:09","slug":"os7-desbarato-laboratorio-clandestino-de-pasta-base-en-la-luis-gajardo-guerrero","status":"publish","type":"post","link":"https:\/\/eltrabajo.cl\/portal\/os7-desbarato-laboratorio-clandestino-de-pasta-base-en-la-luis-gajardo-guerrero\/","title":{"rendered":"OS7 desbarat\u00f3 laboratorio clandestino de pasta base en la Luis Gajardo Guerrero"},"content":{"rendered":"<figure id=\"attachment_86900\" aria-describedby=\"caption-attachment-86900\" style=\"width: 580px\" class=\"wp-caption alignnone\"><img data-recalc-dims=\"1\" loading=\"lazy\" decoding=\"async\" class=\"size-full wp-image-86900\" src=\"https:\/\/i0.wp.com\/www.eltrabajo.cl\/portal\/wp-content\/uploads\/2018\/06\/14-kilos-pasta.jpg?resize=580%2C360\" alt=\"Personal de OS7 de Carabineros Aconcagua incaut\u00f3 14 kilos de pasta base, plantas de cannabis sativa y diversos qu\u00edmicos desde el inmueble del imputado en Poblaci\u00f3n Luis Gajardo Guerrero de San Felipe.\" width=\"580\" height=\"360\" srcset=\"https:\/\/i0.wp.com\/eltrabajo.cl\/portal\/wp-content\/uploads\/2018\/06\/14-kilos-pasta.jpg?w=580&amp;ssl=1 580w, https:\/\/i0.wp.com\/eltrabajo.cl\/portal\/wp-content\/uploads\/2018\/06\/14-kilos-pasta.jpg?resize=200%2C124&amp;ssl=1 200w, https:\/\/i0.wp.com\/eltrabajo.cl\/portal\/wp-content\/uploads\/2018\/06\/14-kilos-pasta.jpg?resize=300%2C186&amp;ssl=1 300w, https:\/\/i0.wp.com\/eltrabajo.cl\/portal\/wp-content\/uploads\/2018\/06\/14-kilos-pasta.jpg?resize=242%2C150&amp;ssl=1 242w, https:\/\/i0.wp.com\/eltrabajo.cl\/portal\/wp-content\/uploads\/2018\/06\/14-kilos-pasta.jpg?resize=400%2C248&amp;ssl=1 400w\" sizes=\"auto, (max-width: 580px) 100vw, 580px\" \/><figcaption id=\"caption-attachment-86900\" class=\"wp-caption-text\">Personal de OS7 de Carabineros Aconcagua incaut\u00f3 14 kilos de pasta base, plantas de cannabis sativa y diversos qu\u00edmicos desde el inmueble del imputado en Poblaci\u00f3n Luis Gajardo Guerrero de San Felipe.<\/figcaption><\/figure>\n<ul>\n<li><strong><span style=\"color: #ff0000;\">Imputado cay\u00f3 con 14 kilos de esta sustancia y otros qu\u00edmicos:\u00a0<\/span>\u00a0Denuncia an\u00f3nima al Fono Droga 135 alert\u00f3 a Carabineros de la emanaci\u00f3n de fuertes qu\u00edmicos y cultivo ilegal de cannabis sativa desde el inmueble del imputado, quedando al descubierto que dentro de su domicilio procesaba la droga.<\/strong><\/li>\n<\/ul>\n<p>Un total de 14 kilos 326 gramos de pasta base de coca\u00edna fueron parte de la incautaci\u00f3n efectuada este jueves por el personal de OS7 de Carabineros Aconcagua, desde el interior de un domicilio ubicado en Poblaci\u00f3n Luis Gajardo Guerrero de San Felipe, siendo detenido un hombre de 44 a\u00f1os de edad quien fue formalizado por Tr\u00e1fico de drogas, quedando en Prisi\u00f3n Preventiva.<br \/>\nUna denuncia an\u00f3nima al Fono Drogas 135 alert\u00f3 a Carabineros de la presunta existencia de plantas de cannabis sativa desde el interior de la vivienda del investigado, adem\u00e1s de fuertes olores qu\u00edmicos que emanaban desde el inmueble.<br \/>\nDiligencias policiales descubrieron que desde esta vivienda se mantendr\u00eda un laboratorio clandestino debido a que tras la incautaci\u00f3n de gran cantidad de pasta base de coca\u00edna, seis plantas cannabis sativa, 43 gramos de clorhidrato de coca\u00edna, se decomisaron adem\u00e1s: bolsas pl\u00e1sticas de sodio, botellas de soda cautica y un bid\u00f3n de \u00e1cido muri\u00e1tico.<br \/>\nCarabineros explic\u00f3 de estos qu\u00edmicos son elementos caracter\u00edsticos utilizados por los traficantes para aumentar las dosis de drogas lo que les permite generar elevadas ganancias en dinero en efectivo tras las ventas de estas sustancias a los adictos del sector.<\/p>\n<p><span style=\"color: #ff0000;\"><strong>FUE FORMALIZADO<\/strong><\/span><br \/>\nNo obstante el imputado individualizado con las iniciales V.D.R.S., de 44 a\u00f1os de edad, fue derivado este viernes hasta el Juzgado de Garant\u00eda de San Felipe para ser formalizado por la Fiscal\u00eda por el delito de Tr\u00e1fico de drogas. Durante la audiencia de control de detenci\u00f3n del acusado, el Ministerio P\u00fablico requiri\u00f3 ante este tribunal, la m\u00e1xima cautelar de Prisi\u00f3n Preventiva por representar el imputado un serio peligro para la salud de sociedad. El Juez de Garant\u00eda accedi\u00f3 a la petici\u00f3n de la Fiscal\u00eda ordenando el ingreso del detenido hasta la c\u00e1rcel, fijando un plazo de investigaci\u00f3n de 120 d\u00edas.<br \/>\n<strong>Pablo Salinas Sald\u00edas<\/strong><\/p>\n","protected":false},"excerpt":{"rendered":"<p>Imputado cay\u00f3 con 14 kilos de esta sustancia y otros qu\u00edmicos:\u00a0\u00a0Denuncia an\u00f3nima al Fono Droga 135 alert\u00f3 a Carabineros de la emanaci\u00f3n de fuertes qu\u00edmicos y cultivo ilegal de cannabis sativa desde&#8230;<\/p>\n","protected":false},"author":1,"featured_media":86900,"comment_status":"open","ping_status":"open","sticky":false,"template":"","format":"standard","meta":{"advanced_seo_description":"","jetpack_seo_html_title":"","jetpack_seo_noindex":false,"_jetpack_memberships_contains_paid_content":false,"footnotes":""},"categories":[21],"tags":[],"class_list":["post-86899","post","type-post","status-publish","format-standard","has-post-thumbnail","hentry","category-policial"],"jetpack_featured_media_url":"https:\/\/i0.wp.com\/eltrabajo.cl\/portal\/wp-content\/uploads\/2018\/06\/14-kilos-pasta.jpg?fit=580%2C360&ssl=1","jetpack_sharing_enabled":true,"jetpack_likes_enabled":true,"jetpack-related-posts":[],"_links":{"self":[{"href":"https:\/\/eltrabajo.cl\/portal\/wp-json\/wp\/v2\/posts\/86899","targetHints":{"allow":["GET"]}}],"collection":[{"href":"https:\/\/eltrabajo.cl\/portal\/wp-json\/wp\/v2\/posts"}],"about":[{"href":"https:\/\/eltrabajo.cl\/portal\/wp-json\/wp\/v2\/types\/post"}],"author":[{"embeddable":true,"href":"https:\/\/eltrabajo.cl\/portal\/wp-json\/wp\/v2\/users\/1"}],"replies":[{"embeddable":true,"href":"https:\/\/eltrabajo.cl\/portal\/wp-json\/wp\/v2\/comments?post=86899"}],"version-history":[{"count":0,"href":"https:\/\/eltrabajo.cl\/portal\/wp-json\/wp\/v2\/posts\/86899\/revisions"}],"wp:featuredmedia":[{"embeddable":true,"href":"https:\/\/eltrabajo.cl\/portal\/wp-json\/wp\/v2\/media\/86900"}],"wp:attachment":[{"href":"https:\/\/eltrabajo.cl\/portal\/wp-json\/wp\/v2\/media?parent=86899"}],"wp:term":[{"taxonomy":"category","embeddable":true,"href":"https:\/\/eltrabajo.cl\/portal\/wp-json\/wp\/v2\/categories?post=86899"},{"taxonomy":"post_tag","embeddable":true,"href":"https:\/\/eltrabajo.cl\/portal\/wp-json\/wp\/v2\/tags?post=86899"}],"curies":[{"name":"wp","href":"https:\/\/api.w.org\/{rel}","templated":true}]}}