{"id":86902,"date":"2018-06-18T05:07:11","date_gmt":"2018-06-18T09:07:11","guid":{"rendered":"http:\/\/www.eltrabajo.cl\/2017\/?p=86902"},"modified":"2018-06-18T05:07:11","modified_gmt":"2018-06-18T09:07:11","slug":"menor-de-17-anos-muere-de-dos-punaladas-en-el-centro-de-san-felipe","status":"publish","type":"post","link":"https:\/\/eltrabajo.cl\/portal\/menor-de-17-anos-muere-de-dos-punaladas-en-el-centro-de-san-felipe\/","title":{"rendered":"Menor de 17 a\u00f1os muere de dos pu\u00f1aladas en el centro de San Felipe"},"content":{"rendered":"<figure id=\"attachment_86905\" aria-describedby=\"caption-attachment-86905\" style=\"width: 578px\" class=\"wp-caption alignnone\"><img data-recalc-dims=\"1\" loading=\"lazy\" decoding=\"async\" class=\"size-full wp-image-86905\" src=\"https:\/\/i0.wp.com\/www.eltrabajo.cl\/portal\/wp-content\/uploads\/2018\/06\/SITIO-DEL-SUCESO2.jpg?resize=578%2C325\" alt=\"La Polic\u00eda de Investigaciones realiz\u00f3 diligencias hasta altas horas de la madrugada del domingo para la investigaci\u00f3n del caso.\" width=\"578\" height=\"325\" srcset=\"https:\/\/i0.wp.com\/eltrabajo.cl\/portal\/wp-content\/uploads\/2018\/06\/SITIO-DEL-SUCESO2.jpg?w=578&amp;ssl=1 578w, https:\/\/i0.wp.com\/eltrabajo.cl\/portal\/wp-content\/uploads\/2018\/06\/SITIO-DEL-SUCESO2.jpg?resize=200%2C112&amp;ssl=1 200w, https:\/\/i0.wp.com\/eltrabajo.cl\/portal\/wp-content\/uploads\/2018\/06\/SITIO-DEL-SUCESO2.jpg?resize=300%2C169&amp;ssl=1 300w, https:\/\/i0.wp.com\/eltrabajo.cl\/portal\/wp-content\/uploads\/2018\/06\/SITIO-DEL-SUCESO2.jpg?resize=267%2C150&amp;ssl=1 267w, https:\/\/i0.wp.com\/eltrabajo.cl\/portal\/wp-content\/uploads\/2018\/06\/SITIO-DEL-SUCESO2.jpg?resize=400%2C225&amp;ssl=1 400w\" sizes=\"auto, (max-width: 578px) 100vw, 578px\" \/><figcaption id=\"caption-attachment-86905\" class=\"wp-caption-text\">La Polic\u00eda de Investigaciones realiz\u00f3 diligencias hasta altas horas de la madrugada del domingo para la investigaci\u00f3n del caso.<\/figcaption><\/figure>\n<ul>\n<li><strong><span style=\"color: #ff0000;\">Homicida permanece en absoluto anonimato:\u00a0<\/span>Ri\u00f1a o asalto es la sospecha que ronda en este crimen, ocurrido pasadas las 20:00 horas de este s\u00e1bado. La Polic\u00eda hizo un llamado a la comunidad a entregar antecedentes para esclarecer el estremecedor homicidio.<\/strong><\/li>\n<\/ul>\n<p>De dos pu\u00f1aladas en el t\u00f3rax falleci\u00f3 un adolescente de 17 a\u00f1os de edad identificado por la Polic\u00eda como <strong>Guido Cabello L\u00f3pez<\/strong> (en redes lo identificaban como<strong> Ceballos<\/strong>), hecho ocurrido en Calle Prat entre Traslavi\u00f1a y Navarro en San Felipe, pasadas las 20:00 horas de este s\u00e1bado, cuyo homicida permanece en el m\u00e1s absoluto anonimato.<br \/>\nSeg\u00fan los primeros antecedentes de este crimen, la v\u00edctima presuntamente habr\u00eda protagonizado una ri\u00f1a por causas que se desconocen, siendo atacado por un sujeto con un objeto cortopunzante en Calle Navarro, huyendo de este lugar.<br \/>\nLa Polic\u00eda revel\u00f3 que la v\u00edctima logr\u00f3 caminar unos metros hasta desplomarse en la v\u00eda p\u00fablica debido a las profundas lesiones sufridas que le costaron la vida.<br \/>\nEn esos precisos momentos transe\u00fantes que circulaban por Calle Prat, se percataron de lo ocurrido con el joven, requiriendo del auxilio del personal del Samu, el que lleg\u00f3 a dicha calle, en el frontis de la empresa Movistar, realizaron las maniobras de reanimaci\u00f3n sin resultados positivos, constatando el deceso del muchacho.<br \/>\nEl caso qued\u00f3 en manos de oficiales la Brigada de Homicidios de la Polic\u00eda de Investigaciones de Los Andes, quienes hasta el momento no han logrado establecer la identidad del o los sujetos que habr\u00edan participado de los hechos.<br \/>\nEl comisario de la PDI, Gino Guti\u00e9rrez C\u00e1ceres, inform\u00f3 a Diario El Trabajo que se encuentran barajando diversas hip\u00f3tesis del caso en relaci\u00f3n a que si el homicidio se trat\u00f3 de un ajuste de cuentas o si el joven habr\u00eda sido v\u00edctima de robo, pese a que dentro de sus vestimentas manten\u00eda su tel\u00e9fono celular.<br \/>\n\u201cEstamos trabajando la hip\u00f3tesis del asalto, encontramos las especies que portaba en este caso, estamos trabajando en hip\u00f3tesis no descartamos ninguna, es un proceso investigativo que est\u00e1 en curso en estos momentos. \u00c9l (fallecido) manten\u00eda su tel\u00e9fono m\u00f3vil, documentos no encontramos que aparentemente no los portaba. Adem\u00e1s estamos hablando del sector c\u00e9ntrico a una hora de alta concurrencia\u201d.<br \/>\nEl oficial policial hizo un llamado a la comunidad respecto a testigos presenciales del crimen que puedan informar a la Polic\u00eda de Investigaciones lo puedan hacer directamente al fono 134 para el esclarecimiento de los hechos y eventualmente dar con el paradero del homicida.<br \/>\nHasta el cierre de esta edici\u00f3n, Guti\u00e9rrez a\u00f1adi\u00f3 que dentro de las diligencias policiales se est\u00e1 requiriendo las grabaciones de c\u00e1maras de vigilancia municipal y del comercio \u201cno hay detenidos en estos momentos, estamos en un proceso investigativo, efectuando diligencias hasta altas horas de la madrugada\u201d.<br \/>\n<strong>Pablo Salinas Sald\u00edas<\/strong><\/p>\n<figure id=\"attachment_86903\" aria-describedby=\"caption-attachment-86903\" style=\"width: 580px\" class=\"wp-caption alignnone\"><img data-recalc-dims=\"1\" loading=\"lazy\" decoding=\"async\" class=\"size-full wp-image-86903\" src=\"https:\/\/i0.wp.com\/www.eltrabajo.cl\/portal\/wp-content\/uploads\/2018\/06\/guido-2.jpg?resize=580%2C738\" alt=\"El joven de 17 a\u00f1os de edad falleci\u00f3 a consecuencia de dos heridas con un arma blanca en su cuerpo.\" width=\"580\" height=\"738\" srcset=\"https:\/\/i0.wp.com\/eltrabajo.cl\/portal\/wp-content\/uploads\/2018\/06\/guido-2.jpg?w=580&amp;ssl=1 580w, https:\/\/i0.wp.com\/eltrabajo.cl\/portal\/wp-content\/uploads\/2018\/06\/guido-2.jpg?resize=118%2C150&amp;ssl=1 118w, https:\/\/i0.wp.com\/eltrabajo.cl\/portal\/wp-content\/uploads\/2018\/06\/guido-2.jpg?resize=236%2C300&amp;ssl=1 236w, https:\/\/i0.wp.com\/eltrabajo.cl\/portal\/wp-content\/uploads\/2018\/06\/guido-2.jpg?resize=400%2C509&amp;ssl=1 400w\" sizes=\"auto, (max-width: 580px) 100vw, 580px\" \/><figcaption id=\"caption-attachment-86903\" class=\"wp-caption-text\">El joven de 17 a\u00f1os de edad falleci\u00f3 a consecuencia de dos heridas con un arma blanca en su cuerpo.<\/figcaption><\/figure>\n<figure id=\"attachment_86904\" aria-describedby=\"caption-attachment-86904\" style=\"width: 579px\" class=\"wp-caption alignnone\"><img data-recalc-dims=\"1\" loading=\"lazy\" decoding=\"async\" class=\"size-full wp-image-86904\" src=\"https:\/\/i0.wp.com\/www.eltrabajo.cl\/portal\/wp-content\/uploads\/2018\/06\/SITIO-DEL-SUCESO1.jpg?resize=579%2C563\" alt=\"Personal del Samu efectu\u00f3 maniobras de reanimaci\u00f3n a la v\u00edctima sin resultados positivos.\" width=\"579\" height=\"563\" srcset=\"https:\/\/i0.wp.com\/eltrabajo.cl\/portal\/wp-content\/uploads\/2018\/06\/SITIO-DEL-SUCESO1.jpg?w=579&amp;ssl=1 579w, https:\/\/i0.wp.com\/eltrabajo.cl\/portal\/wp-content\/uploads\/2018\/06\/SITIO-DEL-SUCESO1.jpg?resize=154%2C150&amp;ssl=1 154w, https:\/\/i0.wp.com\/eltrabajo.cl\/portal\/wp-content\/uploads\/2018\/06\/SITIO-DEL-SUCESO1.jpg?resize=300%2C292&amp;ssl=1 300w, https:\/\/i0.wp.com\/eltrabajo.cl\/portal\/wp-content\/uploads\/2018\/06\/SITIO-DEL-SUCESO1.jpg?resize=400%2C389&amp;ssl=1 400w\" sizes=\"auto, (max-width: 579px) 100vw, 579px\" \/><figcaption id=\"caption-attachment-86904\" class=\"wp-caption-text\">Personal del Samu efectu\u00f3 maniobras de reanimaci\u00f3n a la v\u00edctima sin resultados positivos.<\/figcaption><\/figure>\n","protected":false},"excerpt":{"rendered":"<p>Homicida permanece en absoluto anonimato:\u00a0Ri\u00f1a o asalto es la sospecha que ronda en este crimen, ocurrido pasadas las 20:00 horas de este s\u00e1bado. La Polic\u00eda hizo un llamado a la comunidad a&#8230;<\/p>\n","protected":false},"author":1,"featured_media":86906,"comment_status":"open","ping_status":"open","sticky":false,"template":"","format":"standard","meta":{"advanced_seo_description":"","jetpack_seo_html_title":"","jetpack_seo_noindex":false,"_jetpack_memberships_contains_paid_content":false,"footnotes":""},"categories":[21],"tags":[],"class_list":["post-86902","post","type-post","status-publish","format-standard","has-post-thumbnail","hentry","category-policial"],"jetpack_featured_media_url":"https:\/\/i0.wp.com\/eltrabajo.cl\/portal\/wp-content\/uploads\/2018\/06\/SITIO-DEL-SUCESO1-1.jpg?fit=580%2C398&ssl=1","jetpack_sharing_enabled":true,"jetpack_likes_enabled":true,"jetpack-related-posts":[],"_links":{"self":[{"href":"https:\/\/eltrabajo.cl\/portal\/wp-json\/wp\/v2\/posts\/86902","targetHints":{"allow":["GET"]}}],"collection":[{"href":"https:\/\/eltrabajo.cl\/portal\/wp-json\/wp\/v2\/posts"}],"about":[{"href":"https:\/\/eltrabajo.cl\/portal\/wp-json\/wp\/v2\/types\/post"}],"author":[{"embeddable":true,"href":"https:\/\/eltrabajo.cl\/portal\/wp-json\/wp\/v2\/users\/1"}],"replies":[{"embeddable":true,"href":"https:\/\/eltrabajo.cl\/portal\/wp-json\/wp\/v2\/comments?post=86902"}],"version-history":[{"count":0,"href":"https:\/\/eltrabajo.cl\/portal\/wp-json\/wp\/v2\/posts\/86902\/revisions"}],"wp:featuredmedia":[{"embeddable":true,"href":"https:\/\/eltrabajo.cl\/portal\/wp-json\/wp\/v2\/media\/86906"}],"wp:attachment":[{"href":"https:\/\/eltrabajo.cl\/portal\/wp-json\/wp\/v2\/media?parent=86902"}],"wp:term":[{"taxonomy":"category","embeddable":true,"href":"https:\/\/eltrabajo.cl\/portal\/wp-json\/wp\/v2\/categories?post=86902"},{"taxonomy":"post_tag","embeddable":true,"href":"https:\/\/eltrabajo.cl\/portal\/wp-json\/wp\/v2\/tags?post=86902"}],"curies":[{"name":"wp","href":"https:\/\/api.w.org\/{rel}","templated":true}]}}