{"id":86908,"date":"2018-06-19T05:00:01","date_gmt":"2018-06-19T09:00:01","guid":{"rendered":"http:\/\/www.eltrabajo.cl\/2017\/?p=86908"},"modified":"2018-06-19T05:00:01","modified_gmt":"2018-06-19T09:00:01","slug":"entre-14-a-15-nuevos-lomos-de-toro-seran-instalados-este-ano-en-san-felipe","status":"publish","type":"post","link":"https:\/\/eltrabajo.cl\/portal\/entre-14-a-15-nuevos-lomos-de-toro-seran-instalados-este-ano-en-san-felipe\/","title":{"rendered":"Entre 14 a 15 nuevos lomos de toro ser\u00e1n instalados este a\u00f1o en San Felipe"},"content":{"rendered":"<figure id=\"attachment_86909\" aria-describedby=\"caption-attachment-86909\" style=\"width: 580px\" class=\"wp-caption alignnone\"><img data-recalc-dims=\"1\" loading=\"lazy\" decoding=\"async\" class=\"size-full wp-image-86909\" src=\"https:\/\/i0.wp.com\/www.eltrabajo.cl\/portal\/wp-content\/uploads\/2018\/06\/Lomo-de-toro.jpg?resize=580%2C400\" alt=\"Alrededor de 15 de este tipo de resaltos ser\u00edan instalados en distintas arterias de la ciudad.\" width=\"580\" height=\"400\" srcset=\"https:\/\/i0.wp.com\/eltrabajo.cl\/portal\/wp-content\/uploads\/2018\/06\/Lomo-de-toro.jpg?w=580&amp;ssl=1 580w, https:\/\/i0.wp.com\/eltrabajo.cl\/portal\/wp-content\/uploads\/2018\/06\/Lomo-de-toro.jpg?resize=200%2C138&amp;ssl=1 200w, https:\/\/i0.wp.com\/eltrabajo.cl\/portal\/wp-content\/uploads\/2018\/06\/Lomo-de-toro.jpg?resize=300%2C207&amp;ssl=1 300w, https:\/\/i0.wp.com\/eltrabajo.cl\/portal\/wp-content\/uploads\/2018\/06\/Lomo-de-toro.jpg?resize=218%2C150&amp;ssl=1 218w, https:\/\/i0.wp.com\/eltrabajo.cl\/portal\/wp-content\/uploads\/2018\/06\/Lomo-de-toro.jpg?resize=400%2C276&amp;ssl=1 400w\" sizes=\"auto, (max-width: 580px) 100vw, 580px\" \/><figcaption id=\"caption-attachment-86909\" class=\"wp-caption-text\">Alrededor de 15 de este tipo de resaltos ser\u00edan instalados en distintas arterias de la ciudad.<\/figcaption><\/figure>\n<ul>\n<li><span style=\"color: #ff0000;\"><strong>Concejo Municipal aprueba priorizaci\u00f3n de lugares para instalaci\u00f3n de pol\u00e9micos resaltos.<\/strong><\/span><\/li>\n<\/ul>\n<p>El martes de la semana pasada el Concejo Municipal de San Felipe aprob\u00f3 la priorizaci\u00f3n de lugares para la instalaci\u00f3n de resaltos, tambi\u00e9n conocidos como \u2018lomos de toro\u2019.<br \/>\nLa presentaci\u00f3n de las calles elegidas estuvo a cargo del Director del Departamento de Tr\u00e1nsito, Guillermo Orellana, quien indic\u00f3 que luego del an\u00e1lisis, \u201cindudablemente son las m\u00e1s que se requieren para poder optar a recursos financieros estos resaltos, en eso est\u00e1n todos los resaltos que se requieren a la calle Tacna Norte, producto del nuevo acceso a la ruta CH 60, y eso para generar un tr\u00e1nsito calmado que d\u00e9 seguridad a la poblaci\u00f3n del sector, se requieren instalar por los menos siete resaltos, esa es la ubicaci\u00f3n, est\u00e1n definidos, se entregaron los informes t\u00e9cnicos y el concejo los aprob\u00f3, tambi\u00e9n hay otras v\u00edas que tienen car\u00e1cter de importante, como Avenida Miraflores, Artem\u00f3n Cifuentes, Luis Gajardo Guerrero, que requieren de resalto y que el concejo tambi\u00e9n los consider\u00f3, por lo tanto se ha estimado un total de 14 a 15 resaltos que se estar\u00edan construyendo en el presente a\u00f1o, una vez que tengamos el certificado de acuerdo pasaremos al concejo para ver con la Direcci\u00f3n de Finanzas la cantidad presupuestaria que signifique la llamada a licitaci\u00f3n para la construcci\u00f3n\u201d, indic\u00f3.<br \/>\n&#8211; Pero estos son los lugares priorizados<br \/>\n&#8211; S\u00ed, priorizados por el concejo, es decir aprob\u00e1ndose los recursos, en esos lugares se van a instalar, yo creo que antes de septiembre perfectamente podr\u00edan realizarse, va a depender de la cantidad presupuestaria para poder concretarlo.<br \/>\nEn definitiva ahora solo queda esperar los recursos econ\u00f3micos para llevar a delante estas instalaciones.<br \/>\nEste a\u00f1o ingresaron alrededor de treinta solicitudes de lomos de toro a la municipalidad de San Felipe, instalaciones que son bastante demandadas por los vecinos, pero resistidas por la mayor\u00eda de los automovilistas.<\/p>\n","protected":false},"excerpt":{"rendered":"<p>Concejo Municipal aprueba priorizaci\u00f3n de lugares para instalaci\u00f3n de pol\u00e9micos resaltos. El martes de la semana pasada el Concejo Municipal de San Felipe aprob\u00f3 la priorizaci\u00f3n de lugares para la instalaci\u00f3n de&#8230;<\/p>\n","protected":false},"author":1,"featured_media":86909,"comment_status":"open","ping_status":"open","sticky":false,"template":"","format":"standard","meta":{"advanced_seo_description":"","jetpack_seo_html_title":"","jetpack_seo_noindex":false,"_jetpack_memberships_contains_paid_content":false,"footnotes":""},"categories":[1],"tags":[],"class_list":["post-86908","post","type-post","status-publish","format-standard","has-post-thumbnail","hentry","category-cronica"],"jetpack_featured_media_url":"https:\/\/i0.wp.com\/eltrabajo.cl\/portal\/wp-content\/uploads\/2018\/06\/Lomo-de-toro.jpg?fit=580%2C400&ssl=1","jetpack_sharing_enabled":true,"jetpack_likes_enabled":true,"jetpack-related-posts":[],"_links":{"self":[{"href":"https:\/\/eltrabajo.cl\/portal\/wp-json\/wp\/v2\/posts\/86908","targetHints":{"allow":["GET"]}}],"collection":[{"href":"https:\/\/eltrabajo.cl\/portal\/wp-json\/wp\/v2\/posts"}],"about":[{"href":"https:\/\/eltrabajo.cl\/portal\/wp-json\/wp\/v2\/types\/post"}],"author":[{"embeddable":true,"href":"https:\/\/eltrabajo.cl\/portal\/wp-json\/wp\/v2\/users\/1"}],"replies":[{"embeddable":true,"href":"https:\/\/eltrabajo.cl\/portal\/wp-json\/wp\/v2\/comments?post=86908"}],"version-history":[{"count":0,"href":"https:\/\/eltrabajo.cl\/portal\/wp-json\/wp\/v2\/posts\/86908\/revisions"}],"wp:featuredmedia":[{"embeddable":true,"href":"https:\/\/eltrabajo.cl\/portal\/wp-json\/wp\/v2\/media\/86909"}],"wp:attachment":[{"href":"https:\/\/eltrabajo.cl\/portal\/wp-json\/wp\/v2\/media?parent=86908"}],"wp:term":[{"taxonomy":"category","embeddable":true,"href":"https:\/\/eltrabajo.cl\/portal\/wp-json\/wp\/v2\/categories?post=86908"},{"taxonomy":"post_tag","embeddable":true,"href":"https:\/\/eltrabajo.cl\/portal\/wp-json\/wp\/v2\/tags?post=86908"}],"curies":[{"name":"wp","href":"https:\/\/api.w.org\/{rel}","templated":true}]}}