{"id":86919,"date":"2018-06-19T05:02:08","date_gmt":"2018-06-19T09:02:08","guid":{"rendered":"http:\/\/www.eltrabajo.cl\/2017\/?p=86919"},"modified":"2018-06-19T05:02:08","modified_gmt":"2018-06-19T09:02:08","slug":"en-violenta-rina-antisocial-resulto-herido-en-la-cabeza-en-villa-250-anos","status":"publish","type":"post","link":"https:\/\/eltrabajo.cl\/portal\/en-violenta-rina-antisocial-resulto-herido-en-la-cabeza-en-villa-250-anos\/","title":{"rendered":"En violenta ri\u00f1a antisocial result\u00f3 herido en la cabeza en Villa 250 A\u00f1os"},"content":{"rendered":"<figure id=\"attachment_86920\" aria-describedby=\"caption-attachment-86920\" style=\"width: 580px\" class=\"wp-caption alignnone\"><img data-recalc-dims=\"1\" loading=\"lazy\" decoding=\"async\" class=\"size-full wp-image-86920\" src=\"https:\/\/i0.wp.com\/www.eltrabajo.cl\/portal\/wp-content\/uploads\/2018\/06\/VILLA-250-A%C3%91OS-1.jpg?resize=580%2C399\" alt=\"El hecho ocurri\u00f3 en las inmediaciones de la Villa 250 A\u00f1os de San Felipe, pasado el mediod\u00eda de ayer lunes. (Foto Archivo).\" width=\"580\" height=\"399\" srcset=\"https:\/\/i0.wp.com\/eltrabajo.cl\/portal\/wp-content\/uploads\/2018\/06\/VILLA-250-A%C3%91OS-1.jpg?w=580&amp;ssl=1 580w, https:\/\/i0.wp.com\/eltrabajo.cl\/portal\/wp-content\/uploads\/2018\/06\/VILLA-250-A%C3%91OS-1.jpg?resize=200%2C138&amp;ssl=1 200w, https:\/\/i0.wp.com\/eltrabajo.cl\/portal\/wp-content\/uploads\/2018\/06\/VILLA-250-A%C3%91OS-1.jpg?resize=300%2C206&amp;ssl=1 300w, https:\/\/i0.wp.com\/eltrabajo.cl\/portal\/wp-content\/uploads\/2018\/06\/VILLA-250-A%C3%91OS-1.jpg?resize=218%2C150&amp;ssl=1 218w, https:\/\/i0.wp.com\/eltrabajo.cl\/portal\/wp-content\/uploads\/2018\/06\/VILLA-250-A%C3%91OS-1.jpg?resize=400%2C275&amp;ssl=1 400w\" sizes=\"auto, (max-width: 580px) 100vw, 580px\" \/><figcaption id=\"caption-attachment-86920\" class=\"wp-caption-text\">El hecho ocurri\u00f3 en las inmediaciones de la Villa 250 A\u00f1os de San Felipe, pasado el mediod\u00eda de ayer lunes. (Foto Archivo).<\/figcaption><\/figure>\n<ul>\n<li><strong><span style=\"color: #ff0000;\">Agresor lo habr\u00eda golpeado con un arma de fuego:<\/span>\u00a0El paciente de 23 a\u00f1os de edad fue derivado hasta el servicio de urgencias del Hospital San Camilo con lesiones de consideraci\u00f3n. Carabineros descubri\u00f3 que el lesionado mantiene una orden de detenci\u00f3n pendiente emanada del Tribunal de Garant\u00eda de San Felipe.<\/strong><\/li>\n<\/ul>\n<p>Con lesiones de consideraci\u00f3n result\u00f3 un antisocial de 23 a\u00f1os de edad luego de protagonizar una violenta ri\u00f1a al interior de la Villa 250 A\u00f1os de San Felipe, siendo atacado por su contrincante que lo habr\u00eda golpeado en la cabeza con un arma de fuego, debiendo ser trasladado a urgencias del Hospital San Camilo de esta ciudad.<br \/>\nLos hechos habr\u00edan ocurrido pasado el mediod\u00eda de ayer lunes, luego que v\u00edctima y victimario se habr\u00edan trenzado a golpes, aparentemente por un ajuste de cuentas.<br \/>\nDurante el enfrentamiento el agresor habr\u00eda extra\u00eddo de entre sus vestimentas un arma de fuego para amedrentar a la v\u00edctima, la cual utiliz\u00f3 finalmente poara golpearlo en la cabeza.<br \/>\nAunque en primera instancia se denunci\u00f3 a las autoridades una persona herida a bala, personal del Samu Aconcagua se traslad\u00f3 hasta el sitio del suceso, encontrando a la v\u00edctima lesionada en la cabeza, debiendo ser trasladado hasta dicho centro hospitalario.<br \/>\nCarabineros adopt\u00f3 el procedimiento de denuncia, individualizando al paciente con las iniciales R.D.E.N. de 23 a\u00f1os de edad, quien detall\u00f3 el confuso incidente ocurrido momentos antes, indicando haber sido agredido a golpes con el armamento de fuego, donde se descartar\u00eda lesiones atribuible a disparos.<br \/>\nEl paciente, quien cuenta con un amplio prontuario policial desde que era menor de edad, mantiene vigente una orden de detenci\u00f3n pendiente oficiada por el Juzgado de Garant\u00eda de San Felipe, por causas pendientes con la justicia.<br \/>\nHasta el cierre de esta edici\u00f3n, el lesionado permanec\u00eda en el Hospital San Camilo para ser sometido a ex\u00e1menes m\u00e9dicos para determinar la evoluci\u00f3n de su estado de salud.<br \/>\n<strong>Pablo Salinas Sald\u00edas<\/strong><\/p>\n","protected":false},"excerpt":{"rendered":"<p>Agresor lo habr\u00eda golpeado con un arma de fuego:\u00a0El paciente de 23 a\u00f1os de edad fue derivado hasta el servicio de urgencias del Hospital San Camilo con lesiones de consideraci\u00f3n. Carabineros descubri\u00f3&#8230;<\/p>\n","protected":false},"author":1,"featured_media":86920,"comment_status":"open","ping_status":"open","sticky":false,"template":"","format":"standard","meta":{"advanced_seo_description":"","jetpack_seo_html_title":"","jetpack_seo_noindex":false,"_jetpack_memberships_contains_paid_content":false,"footnotes":""},"categories":[21],"tags":[],"class_list":["post-86919","post","type-post","status-publish","format-standard","has-post-thumbnail","hentry","category-policial"],"jetpack_featured_media_url":"https:\/\/i0.wp.com\/eltrabajo.cl\/portal\/wp-content\/uploads\/2018\/06\/VILLA-250-A%C3%91OS-1.jpg?fit=580%2C399&ssl=1","jetpack_sharing_enabled":true,"jetpack_likes_enabled":true,"jetpack-related-posts":[],"_links":{"self":[{"href":"https:\/\/eltrabajo.cl\/portal\/wp-json\/wp\/v2\/posts\/86919","targetHints":{"allow":["GET"]}}],"collection":[{"href":"https:\/\/eltrabajo.cl\/portal\/wp-json\/wp\/v2\/posts"}],"about":[{"href":"https:\/\/eltrabajo.cl\/portal\/wp-json\/wp\/v2\/types\/post"}],"author":[{"embeddable":true,"href":"https:\/\/eltrabajo.cl\/portal\/wp-json\/wp\/v2\/users\/1"}],"replies":[{"embeddable":true,"href":"https:\/\/eltrabajo.cl\/portal\/wp-json\/wp\/v2\/comments?post=86919"}],"version-history":[{"count":0,"href":"https:\/\/eltrabajo.cl\/portal\/wp-json\/wp\/v2\/posts\/86919\/revisions"}],"wp:featuredmedia":[{"embeddable":true,"href":"https:\/\/eltrabajo.cl\/portal\/wp-json\/wp\/v2\/media\/86920"}],"wp:attachment":[{"href":"https:\/\/eltrabajo.cl\/portal\/wp-json\/wp\/v2\/media?parent=86919"}],"wp:term":[{"taxonomy":"category","embeddable":true,"href":"https:\/\/eltrabajo.cl\/portal\/wp-json\/wp\/v2\/categories?post=86919"},{"taxonomy":"post_tag","embeddable":true,"href":"https:\/\/eltrabajo.cl\/portal\/wp-json\/wp\/v2\/tags?post=86919"}],"curies":[{"name":"wp","href":"https:\/\/api.w.org\/{rel}","templated":true}]}}