{"id":86922,"date":"2018-06-19T05:03:33","date_gmt":"2018-06-19T09:03:33","guid":{"rendered":"http:\/\/www.eltrabajo.cl\/2017\/?p=86922"},"modified":"2018-06-19T05:03:33","modified_gmt":"2018-06-19T09:03:33","slug":"obrero-muere-aplastado-tras-derrumbe-de-tierra-en-obra-en-rinconada","status":"publish","type":"post","link":"https:\/\/eltrabajo.cl\/portal\/obrero-muere-aplastado-tras-derrumbe-de-tierra-en-obra-en-rinconada\/","title":{"rendered":"Obrero muere aplastado tras derrumbe de tierra en obra en Rinconada"},"content":{"rendered":"<figure id=\"attachment_86923\" aria-describedby=\"caption-attachment-86923\" style=\"width: 580px\" class=\"wp-caption alignnone\"><img data-recalc-dims=\"1\" loading=\"lazy\" decoding=\"async\" class=\"size-full wp-image-86923\" src=\"https:\/\/i0.wp.com\/www.eltrabajo.cl\/portal\/wp-content\/uploads\/2018\/06\/derrumbe.jpg?resize=580%2C399\" alt=\"Personal de Carabineros, Bomberos y el Samu se constituyeron el sitio del suceso.\" width=\"580\" height=\"399\" srcset=\"https:\/\/i0.wp.com\/eltrabajo.cl\/portal\/wp-content\/uploads\/2018\/06\/derrumbe.jpg?w=580&amp;ssl=1 580w, https:\/\/i0.wp.com\/eltrabajo.cl\/portal\/wp-content\/uploads\/2018\/06\/derrumbe.jpg?resize=200%2C138&amp;ssl=1 200w, https:\/\/i0.wp.com\/eltrabajo.cl\/portal\/wp-content\/uploads\/2018\/06\/derrumbe.jpg?resize=300%2C206&amp;ssl=1 300w, https:\/\/i0.wp.com\/eltrabajo.cl\/portal\/wp-content\/uploads\/2018\/06\/derrumbe.jpg?resize=218%2C150&amp;ssl=1 218w, https:\/\/i0.wp.com\/eltrabajo.cl\/portal\/wp-content\/uploads\/2018\/06\/derrumbe.jpg?resize=400%2C275&amp;ssl=1 400w\" sizes=\"auto, (max-width: 580px) 100vw, 580px\" \/><figcaption id=\"caption-attachment-86923\" class=\"wp-caption-text\">Personal de Carabineros, Bomberos y el Samu se constituyeron el sitio del suceso.<\/figcaption><\/figure>\n<p><strong>RINCONADA.-<\/strong> Un hombre de alrededor de 45 a\u00f1os de edad, identificado preliminarmente como Ricardo Lavados, muri\u00f3 la tarde de ayer lunes al producirse un derrumbe de tierra en las obras de construcci\u00f3n de un condominio en que se encontraba trabajando en la comuna de Rinconada.<br \/>\nEl hecho se registr\u00f3 alrededor de las 16 horas en el sector de calle Nueva de Rinconada, donde se realizan movimientos de tierra para la construcci\u00f3n del condominio loteo Tierra Andina.<br \/>\nPor causas que se investigan, el trabajador se encontraba al interior de una excavaci\u00f3n, momento en que se produjo el derrumbe.<br \/>\nPersonal de la Unidad de Rescate del Cuerpo de Bomberos de Rinconada concurri\u00f3 al lugar para rescatar el cuerpo del malogrado trabajador.<br \/>\nInformado el fiscal de turno orden\u00f3 la concurrencia de la Brigada de Homicidios de la PDI de Los Andes para esclarecer las circunstancias de este accidente laboral.<br \/>\nRicardo Lavados registraba domicilio en la comuna de Calle Larga.<\/p>\n<figure id=\"attachment_86924\" aria-describedby=\"caption-attachment-86924\" style=\"width: 580px\" class=\"wp-caption alignnone\"><img data-recalc-dims=\"1\" loading=\"lazy\" decoding=\"async\" class=\"size-full wp-image-86924\" src=\"https:\/\/i0.wp.com\/www.eltrabajo.cl\/portal\/wp-content\/uploads\/2018\/06\/derrumbre-retiran-cuerpo.jpg?resize=580%2C399\" alt=\"El cuerpo sin vida del malogrado trabajador fue retirado alrededor de las 17,45 horas de ayer.\" width=\"580\" height=\"399\" srcset=\"https:\/\/i0.wp.com\/eltrabajo.cl\/portal\/wp-content\/uploads\/2018\/06\/derrumbre-retiran-cuerpo.jpg?w=580&amp;ssl=1 580w, https:\/\/i0.wp.com\/eltrabajo.cl\/portal\/wp-content\/uploads\/2018\/06\/derrumbre-retiran-cuerpo.jpg?resize=200%2C138&amp;ssl=1 200w, https:\/\/i0.wp.com\/eltrabajo.cl\/portal\/wp-content\/uploads\/2018\/06\/derrumbre-retiran-cuerpo.jpg?resize=300%2C206&amp;ssl=1 300w, https:\/\/i0.wp.com\/eltrabajo.cl\/portal\/wp-content\/uploads\/2018\/06\/derrumbre-retiran-cuerpo.jpg?resize=218%2C150&amp;ssl=1 218w, https:\/\/i0.wp.com\/eltrabajo.cl\/portal\/wp-content\/uploads\/2018\/06\/derrumbre-retiran-cuerpo.jpg?resize=400%2C275&amp;ssl=1 400w\" sizes=\"auto, (max-width: 580px) 100vw, 580px\" \/><figcaption id=\"caption-attachment-86924\" class=\"wp-caption-text\">El cuerpo sin vida del malogrado trabajador fue retirado alrededor de las 17,45 horas de ayer.<\/figcaption><\/figure>\n","protected":false},"excerpt":{"rendered":"<p>RINCONADA.- Un hombre de alrededor de 45 a\u00f1os de edad, identificado preliminarmente como Ricardo Lavados, muri\u00f3 la tarde de ayer lunes al producirse un derrumbe de tierra en las obras de construcci\u00f3n&#8230;<\/p>\n","protected":false},"author":1,"featured_media":86924,"comment_status":"open","ping_status":"open","sticky":false,"template":"","format":"standard","meta":{"advanced_seo_description":"","jetpack_seo_html_title":"","jetpack_seo_noindex":false,"_jetpack_memberships_contains_paid_content":false,"footnotes":""},"categories":[21],"tags":[],"class_list":["post-86922","post","type-post","status-publish","format-standard","has-post-thumbnail","hentry","category-policial"],"jetpack_featured_media_url":"https:\/\/i0.wp.com\/eltrabajo.cl\/portal\/wp-content\/uploads\/2018\/06\/derrumbre-retiran-cuerpo.jpg?fit=580%2C399&ssl=1","jetpack_sharing_enabled":true,"jetpack_likes_enabled":true,"jetpack-related-posts":[],"_links":{"self":[{"href":"https:\/\/eltrabajo.cl\/portal\/wp-json\/wp\/v2\/posts\/86922","targetHints":{"allow":["GET"]}}],"collection":[{"href":"https:\/\/eltrabajo.cl\/portal\/wp-json\/wp\/v2\/posts"}],"about":[{"href":"https:\/\/eltrabajo.cl\/portal\/wp-json\/wp\/v2\/types\/post"}],"author":[{"embeddable":true,"href":"https:\/\/eltrabajo.cl\/portal\/wp-json\/wp\/v2\/users\/1"}],"replies":[{"embeddable":true,"href":"https:\/\/eltrabajo.cl\/portal\/wp-json\/wp\/v2\/comments?post=86922"}],"version-history":[{"count":0,"href":"https:\/\/eltrabajo.cl\/portal\/wp-json\/wp\/v2\/posts\/86922\/revisions"}],"wp:featuredmedia":[{"embeddable":true,"href":"https:\/\/eltrabajo.cl\/portal\/wp-json\/wp\/v2\/media\/86924"}],"wp:attachment":[{"href":"https:\/\/eltrabajo.cl\/portal\/wp-json\/wp\/v2\/media?parent=86922"}],"wp:term":[{"taxonomy":"category","embeddable":true,"href":"https:\/\/eltrabajo.cl\/portal\/wp-json\/wp\/v2\/categories?post=86922"},{"taxonomy":"post_tag","embeddable":true,"href":"https:\/\/eltrabajo.cl\/portal\/wp-json\/wp\/v2\/tags?post=86922"}],"curies":[{"name":"wp","href":"https:\/\/api.w.org\/{rel}","templated":true}]}}