{"id":86926,"date":"2018-06-19T05:04:30","date_gmt":"2018-06-19T09:04:30","guid":{"rendered":"http:\/\/www.eltrabajo.cl\/2017\/?p=86926"},"modified":"2018-06-19T05:04:30","modified_gmt":"2018-06-19T09:04:30","slug":"nino-de-2-anos-muere-al-ser-atropellado-por-vehiculo-en-sector-el-asiento","status":"publish","type":"post","link":"https:\/\/eltrabajo.cl\/portal\/nino-de-2-anos-muere-al-ser-atropellado-por-vehiculo-en-sector-el-asiento\/","title":{"rendered":"Ni\u00f1o de 2 a\u00f1os muere al ser atropellado por veh\u00edculo en sector El Asiento"},"content":{"rendered":"<figure id=\"attachment_86927\" aria-describedby=\"caption-attachment-86927\" style=\"width: 580px\" class=\"wp-caption alignnone\"><img data-recalc-dims=\"1\" loading=\"lazy\" decoding=\"async\" class=\"size-full wp-image-86927\" src=\"https:\/\/i0.wp.com\/www.eltrabajo.cl\/portal\/wp-content\/uploads\/2018\/06\/Mateo-Pi%C3%B1ones-Cuevas.jpg?resize=580%2C399\" alt=\"Una familia result\u00f3 devastada por el dolor de perder a su peque\u00f1o hijo de solo 2 a\u00f1os de edad, Mateo Pi\u00f1ones Cuevas, quien fue atropellado en el sector El Asiento este domingo.\" width=\"580\" height=\"399\" srcset=\"https:\/\/i0.wp.com\/eltrabajo.cl\/portal\/wp-content\/uploads\/2018\/06\/Mateo-Pi%C3%B1ones-Cuevas.jpg?w=580&amp;ssl=1 580w, https:\/\/i0.wp.com\/eltrabajo.cl\/portal\/wp-content\/uploads\/2018\/06\/Mateo-Pi%C3%B1ones-Cuevas.jpg?resize=200%2C138&amp;ssl=1 200w, https:\/\/i0.wp.com\/eltrabajo.cl\/portal\/wp-content\/uploads\/2018\/06\/Mateo-Pi%C3%B1ones-Cuevas.jpg?resize=300%2C206&amp;ssl=1 300w, https:\/\/i0.wp.com\/eltrabajo.cl\/portal\/wp-content\/uploads\/2018\/06\/Mateo-Pi%C3%B1ones-Cuevas.jpg?resize=218%2C150&amp;ssl=1 218w, https:\/\/i0.wp.com\/eltrabajo.cl\/portal\/wp-content\/uploads\/2018\/06\/Mateo-Pi%C3%B1ones-Cuevas.jpg?resize=400%2C275&amp;ssl=1 400w\" sizes=\"auto, (max-width: 580px) 100vw, 580px\" \/><figcaption id=\"caption-attachment-86927\" class=\"wp-caption-text\">Una familia result\u00f3 devastada por el dolor de perder a su peque\u00f1o hijo de solo 2 a\u00f1os de edad, Mateo Pi\u00f1ones Cuevas, quien fue atropellado en el sector El Asiento este domingo.<\/figcaption><\/figure>\n<ul>\n<li><strong><span style=\"color: #ff0000;\">Deceso se confirm\u00f3 la madrugada de ayer lunes en Hospital San Camilo:<\/span>\u00a0Seg\u00fan las declaraciones a Carabineros, el menor habr\u00eda cruzado hacia la calle siendo impactado por el costado derecho de un autom\u00f3vil en movimiento, golpe\u00e1ndose violentamente su cabeza.<\/strong><\/li>\n<\/ul>\n<p>Enorme consternaci\u00f3n entre sus familiares gener\u00f3 el lamentable fallecimiento de un menor de solo 2 a\u00f1os de edad identificado, como <strong>Mateo Pi\u00f1ones Cuevas<\/strong>, luego de permanecer internado en la UCI del Hospital San Camilo tras ser atropellado por el costado de un veh\u00edculo que circulaba por una arteria del sector El Asiento de San Felipe, confirm\u00e1ndose su deceso horas m\u00e1s tarde.<br \/>\nDe acuerdo a la informaci\u00f3n proporcionada por Carabineros, el accidente habr\u00eda ocurrido pasadas las 15:00 horas de este domingo, en circunstancias en que la conductora de un veh\u00edculo circulaba por la v\u00eda p\u00fablica de dicho sector cuando sorpresivamente un menor habr\u00eda cruzado la calle por entre medio de unos autom\u00f3viles estacionados, golpe\u00e1ndose su cabeza contra la puerta del costado derecho del veh\u00edculo en movimiento.<br \/>\nTras el fuerte impacto se requiri\u00f3 de inmediato la presencia del Samu Aconcagua para brindar los primeros auxilios al peque\u00f1o que result\u00f3 policontuso, siendo trasladado hasta urgencias del Hospital San Camilo en estado de gravedad.<br \/>\nEl peque\u00f1o paciente fue asistido por los m\u00e9dicos de turno, quedando en observaci\u00f3n en la Unidad de Cuidados Intensivos de Pediatr\u00eda, sin embargo alrededor de las 05:00 de la madrugada, el ni\u00f1o falleci\u00f3 producto de una hemorragia interna tras el violento golpe en su cabeza.<br \/>\nCabe se\u00f1alar que al momento del accidente, Carabineros adopt\u00f3 el procedimiento en el sitio del suceso, deteniendo a la conductora que prest\u00f3 colaboraci\u00f3n durante el incidente, descart\u00e1ndose la presencia de alcohol en su sangre, manteniendo la documentaci\u00f3n de su veh\u00edculo al d\u00eda. Por instrucci\u00f3n del Fiscal de turno, la involucrada en este hecho qued\u00f3 en libertad a la espera de ser citada a comparecer al Ministerio P\u00fablico.<br \/>\nEl menor registra domicilio en la Poblaci\u00f3n Enc\u00f3n de San Felipe y hasta el medio d\u00eda de hoy martes 19 de junio su cuerpo a\u00fan no hab\u00eda sido entregado a sus familiares para ser velado. (CORRECCI\u00d3N A INFORMACI\u00d3N ORIGINAL)<br \/>\n<strong>Pablo Salinas Sald\u00edas<\/strong><\/p>\n","protected":false},"excerpt":{"rendered":"<p>Deceso se confirm\u00f3 la madrugada de ayer lunes en Hospital San Camilo:\u00a0Seg\u00fan las declaraciones a Carabineros, el menor habr\u00eda cruzado hacia la calle siendo impactado por el costado derecho de un autom\u00f3vil&#8230;<\/p>\n","protected":false},"author":1,"featured_media":86927,"comment_status":"open","ping_status":"open","sticky":false,"template":"","format":"standard","meta":{"advanced_seo_description":"","jetpack_seo_html_title":"","jetpack_seo_noindex":false,"_jetpack_memberships_contains_paid_content":false,"footnotes":""},"categories":[21],"tags":[],"class_list":["post-86926","post","type-post","status-publish","format-standard","has-post-thumbnail","hentry","category-policial"],"jetpack_featured_media_url":"https:\/\/i0.wp.com\/eltrabajo.cl\/portal\/wp-content\/uploads\/2018\/06\/Mateo-Pi%C3%B1ones-Cuevas.jpg?fit=580%2C399&ssl=1","jetpack_sharing_enabled":true,"jetpack_likes_enabled":true,"jetpack-related-posts":[],"_links":{"self":[{"href":"https:\/\/eltrabajo.cl\/portal\/wp-json\/wp\/v2\/posts\/86926","targetHints":{"allow":["GET"]}}],"collection":[{"href":"https:\/\/eltrabajo.cl\/portal\/wp-json\/wp\/v2\/posts"}],"about":[{"href":"https:\/\/eltrabajo.cl\/portal\/wp-json\/wp\/v2\/types\/post"}],"author":[{"embeddable":true,"href":"https:\/\/eltrabajo.cl\/portal\/wp-json\/wp\/v2\/users\/1"}],"replies":[{"embeddable":true,"href":"https:\/\/eltrabajo.cl\/portal\/wp-json\/wp\/v2\/comments?post=86926"}],"version-history":[{"count":0,"href":"https:\/\/eltrabajo.cl\/portal\/wp-json\/wp\/v2\/posts\/86926\/revisions"}],"wp:featuredmedia":[{"embeddable":true,"href":"https:\/\/eltrabajo.cl\/portal\/wp-json\/wp\/v2\/media\/86927"}],"wp:attachment":[{"href":"https:\/\/eltrabajo.cl\/portal\/wp-json\/wp\/v2\/media?parent=86926"}],"wp:term":[{"taxonomy":"category","embeddable":true,"href":"https:\/\/eltrabajo.cl\/portal\/wp-json\/wp\/v2\/categories?post=86926"},{"taxonomy":"post_tag","embeddable":true,"href":"https:\/\/eltrabajo.cl\/portal\/wp-json\/wp\/v2\/tags?post=86926"}],"curies":[{"name":"wp","href":"https:\/\/api.w.org\/{rel}","templated":true}]}}