{"id":86937,"date":"2018-06-20T05:00:27","date_gmt":"2018-06-20T09:00:27","guid":{"rendered":"http:\/\/www.eltrabajo.cl\/2017\/?p=86937"},"modified":"2018-06-20T05:00:27","modified_gmt":"2018-06-20T09:00:27","slug":"dirigente-vecinal-de-san-felipe-es-la-nueva-presidenta-nacional-del-cosoc","status":"publish","type":"post","link":"https:\/\/eltrabajo.cl\/portal\/dirigente-vecinal-de-san-felipe-es-la-nueva-presidenta-nacional-del-cosoc\/","title":{"rendered":"Dirigente vecinal de San Felipe es la nueva presidenta nacional del Cosoc"},"content":{"rendered":"<figure id=\"attachment_86938\" aria-describedby=\"caption-attachment-86938\" style=\"width: 580px\" class=\"wp-caption alignnone\"><img data-recalc-dims=\"1\" loading=\"lazy\" decoding=\"async\" class=\"size-full wp-image-86938\" src=\"https:\/\/i0.wp.com\/www.eltrabajo.cl\/portal\/wp-content\/uploads\/2018\/06\/COSOC.jpg?resize=580%2C399\" alt=\"Yennifer Ortega (segunda de izquierda a derecha) es la presidenta nacional del Cosoc. \" width=\"580\" height=\"399\" srcset=\"https:\/\/i0.wp.com\/eltrabajo.cl\/portal\/wp-content\/uploads\/2018\/06\/COSOC.jpg?w=580&amp;ssl=1 580w, https:\/\/i0.wp.com\/eltrabajo.cl\/portal\/wp-content\/uploads\/2018\/06\/COSOC.jpg?resize=200%2C138&amp;ssl=1 200w, https:\/\/i0.wp.com\/eltrabajo.cl\/portal\/wp-content\/uploads\/2018\/06\/COSOC.jpg?resize=300%2C206&amp;ssl=1 300w, https:\/\/i0.wp.com\/eltrabajo.cl\/portal\/wp-content\/uploads\/2018\/06\/COSOC.jpg?resize=218%2C150&amp;ssl=1 218w, https:\/\/i0.wp.com\/eltrabajo.cl\/portal\/wp-content\/uploads\/2018\/06\/COSOC.jpg?resize=400%2C275&amp;ssl=1 400w\" sizes=\"auto, (max-width: 580px) 100vw, 580px\" \/><figcaption id=\"caption-attachment-86938\" class=\"wp-caption-text\">Yennifer Ortega (segunda de izquierda a derecha) es la presidenta nacional del Cosoc.<\/figcaption><\/figure>\n<ul>\n<li><span style=\"color: #ff0000;\"><strong>Consejo de la Sociedad Civil:<\/strong><\/span><\/li>\n<\/ul>\n<p>La dirigente de San Felipe Yennifer Carolina Ortega Urbina, Presidenta de la Junta de Vecinos Portal Aconcagua, es la nueva presidenta nacional del Consejo de la Sociedad Civil (Cosoc) de la Subsecretar\u00eda de Prevenci\u00f3n del Delito dependiente del Ministerio del Interior.20<br \/>\nLa presidenta dijo que la importancia de este Cosoc es que es el primero que se realiza, el cual est\u00e1 representado por varias organizaciones a nivel nacional, siendo ella elegida como m\u00e1xima autoridad del pa\u00eds. En total son cinco dirigentes las que est\u00e1n representando a la provincia de San Felipe.<br \/>\n\u00abMi idea como presidenta del Cosoc es descentralizar todas las problem\u00e1ticas que tienen que ver con la seguridad a nivel nacional, porque realmente Santiago no es Chile y todas las realidades no son las mismas\u00bb, indic\u00f3 la presidenta.<br \/>\n&#8211; \u00bfCu\u00e1l es la importancia que tienen estos Consejos del cual usted es la presidenta?<br \/>\n&#8211; La importancia es que vamos a tener injerencia, este es un consejo consultivo en el cual vamos a tener la opini\u00f3n en distintas tem\u00e1ticas que tengan que ver con seguridad, reitero, a nivel nacional; tambi\u00e9n nos vamos a enterar de proyecto para distintas organizaciones que van a saber a trav\u00e9s de nosotros, proyectos a los cuales puedan postular, la idea es ir retroalimentando la provincia.<br \/>\nCuentan que est\u00e1n relacionados con la Subsecretar\u00eda de Prevenci\u00f3n del Delito, donde hay distintas organizaciones de varias regiones, pero la mayor\u00eda de Santiago, \u00abpor eso estamos sorprendidos, porque varias organizaciones de Santiago nos ayudaron a obtener la presidencia, eso es importante, porque si bien es cierto este es un consejo que se est\u00e1 realizando por primera vez, estamos todos en pos de aprender, pero nunca se vio una representaci\u00f3n de la provincia a nivel nacional, ese es el peso que realmente debemos tomar, la idea es que tengan una reuni\u00f3n mensual\u00bb.<br \/>\nCont\u00f3 que tambi\u00e9n hay representantes de la Villa El Se\u00f1orial, como \u00c9rika \u00c1lvarez, Marianela Rocco de la Junta de Vecinos Parras\u00eda, Mar\u00eda Lorena Pizarro Jim\u00e9nez de la Junta de Vecinos Calle Vergara, quien les va a cooperar en la parte rural, quienes no se sienten respaldados, menos se sienten considerados.<br \/>\nEl Consejo de la Sociedad Civil (Cosoc) es un mecanismo de participaci\u00f3n consultivo y aut\u00f3nomo creado a partir de la Ley 20.500, sobre Asociaciones y Participaci\u00f3n Ciudadana en la Gesti\u00f3n P\u00fablica dependiente de la Subsecretar\u00eda de Prevenci\u00f3n del Delito que dirige Katherine Martorell.<\/p>\n","protected":false},"excerpt":{"rendered":"<p>Consejo de la Sociedad Civil: La dirigente de San Felipe Yennifer Carolina Ortega Urbina, Presidenta de la Junta de Vecinos Portal Aconcagua, es la nueva presidenta nacional del Consejo de la Sociedad&#8230;<\/p>\n","protected":false},"author":1,"featured_media":86938,"comment_status":"open","ping_status":"open","sticky":false,"template":"","format":"standard","meta":{"advanced_seo_description":"","jetpack_seo_html_title":"","jetpack_seo_noindex":false,"_jetpack_memberships_contains_paid_content":false,"footnotes":""},"categories":[1],"tags":[],"class_list":["post-86937","post","type-post","status-publish","format-standard","has-post-thumbnail","hentry","category-cronica"],"jetpack_featured_media_url":"https:\/\/i0.wp.com\/eltrabajo.cl\/portal\/wp-content\/uploads\/2018\/06\/COSOC.jpg?fit=580%2C399&ssl=1","jetpack_sharing_enabled":true,"jetpack_likes_enabled":true,"jetpack-related-posts":[],"_links":{"self":[{"href":"https:\/\/eltrabajo.cl\/portal\/wp-json\/wp\/v2\/posts\/86937","targetHints":{"allow":["GET"]}}],"collection":[{"href":"https:\/\/eltrabajo.cl\/portal\/wp-json\/wp\/v2\/posts"}],"about":[{"href":"https:\/\/eltrabajo.cl\/portal\/wp-json\/wp\/v2\/types\/post"}],"author":[{"embeddable":true,"href":"https:\/\/eltrabajo.cl\/portal\/wp-json\/wp\/v2\/users\/1"}],"replies":[{"embeddable":true,"href":"https:\/\/eltrabajo.cl\/portal\/wp-json\/wp\/v2\/comments?post=86937"}],"version-history":[{"count":0,"href":"https:\/\/eltrabajo.cl\/portal\/wp-json\/wp\/v2\/posts\/86937\/revisions"}],"wp:featuredmedia":[{"embeddable":true,"href":"https:\/\/eltrabajo.cl\/portal\/wp-json\/wp\/v2\/media\/86938"}],"wp:attachment":[{"href":"https:\/\/eltrabajo.cl\/portal\/wp-json\/wp\/v2\/media?parent=86937"}],"wp:term":[{"taxonomy":"category","embeddable":true,"href":"https:\/\/eltrabajo.cl\/portal\/wp-json\/wp\/v2\/categories?post=86937"},{"taxonomy":"post_tag","embeddable":true,"href":"https:\/\/eltrabajo.cl\/portal\/wp-json\/wp\/v2\/tags?post=86937"}],"curies":[{"name":"wp","href":"https:\/\/api.w.org\/{rel}","templated":true}]}}