{"id":86943,"date":"2018-06-20T05:02:50","date_gmt":"2018-06-20T09:02:50","guid":{"rendered":"http:\/\/www.eltrabajo.cl\/2017\/?p=86943"},"modified":"2018-06-20T05:02:50","modified_gmt":"2018-06-20T09:02:50","slug":"capturan-a-presunto-autor-del-crimen-de-adolescente-en-calle-prat","status":"publish","type":"post","link":"https:\/\/eltrabajo.cl\/portal\/capturan-a-presunto-autor-del-crimen-de-adolescente-en-calle-prat\/","title":{"rendered":"Capturan a presunto autor del crimen de adolescente en calle Prat"},"content":{"rendered":"<figure id=\"attachment_86944\" aria-describedby=\"caption-attachment-86944\" style=\"width: 580px\" class=\"wp-caption alignnone\"><img data-recalc-dims=\"1\" loading=\"lazy\" decoding=\"async\" class=\"size-full wp-image-86944\" src=\"https:\/\/i0.wp.com\/www.eltrabajo.cl\/portal\/wp-content\/uploads\/2018\/06\/crimen-guido-cabello.jpg?resize=580%2C398\" alt=\"Guido Cabello L\u00f3pez falleci\u00f3 v\u00edctima de dos pu\u00f1aladas en su cuerpo este s\u00e1bado en calle Prat de San Felipe.\" width=\"580\" height=\"398\" srcset=\"https:\/\/i0.wp.com\/eltrabajo.cl\/portal\/wp-content\/uploads\/2018\/06\/crimen-guido-cabello.jpg?w=580&amp;ssl=1 580w, https:\/\/i0.wp.com\/eltrabajo.cl\/portal\/wp-content\/uploads\/2018\/06\/crimen-guido-cabello.jpg?resize=200%2C137&amp;ssl=1 200w, https:\/\/i0.wp.com\/eltrabajo.cl\/portal\/wp-content\/uploads\/2018\/06\/crimen-guido-cabello.jpg?resize=300%2C206&amp;ssl=1 300w, https:\/\/i0.wp.com\/eltrabajo.cl\/portal\/wp-content\/uploads\/2018\/06\/crimen-guido-cabello.jpg?resize=219%2C150&amp;ssl=1 219w, https:\/\/i0.wp.com\/eltrabajo.cl\/portal\/wp-content\/uploads\/2018\/06\/crimen-guido-cabello.jpg?resize=400%2C274&amp;ssl=1 400w\" sizes=\"auto, (max-width: 580px) 100vw, 580px\" \/><figcaption id=\"caption-attachment-86944\" class=\"wp-caption-text\">Guido Cabello L\u00f3pez falleci\u00f3 v\u00edctima de dos pu\u00f1aladas en su cuerpo este s\u00e1bado en calle Prat de San Felipe.<\/figcaption><\/figure>\n<ul>\n<li><strong><span style=\"color: #ff0000;\">Walter Campos Villalobos, de 18 a\u00f1os, ser\u00e1 formalizado por homicidio calificado de<\/span>\u00a0<span style=\"color: #ff0000;\">Guido Cabello L\u00f3pez<\/span>, fallecido la tarde noche de este s\u00e1bado producto de dos pu\u00f1aladas en el t\u00f3rax, presentando una herida defensiva en la palma de su mano. Polic\u00eda de Investigaciones detuvo al presunto autor del asesinato para enfrentar el d\u00eda de hoy a la justicia.<\/strong><\/li>\n<\/ul>\n<p><strong>Walter Sebasti\u00e1n Campos Villalobos<\/strong>, de 18 a\u00f1os de edad, fue detenido pasadas las 18:00 horas de ayer martes por la Polic\u00eda de Investigaciones como presunto autor material del crimen del adolescente de 17 a\u00f1os de edad identificado tanto por la PDI como por la Fiscal\u00eda como <strong>Guido Cabello L\u00f3pez<\/strong>, fallecido este s\u00e1bado en calle Prat de San Felipe.<br \/>\nTras las diligencias policiales mediante la revisi\u00f3n de los registros de c\u00e1maras de vigilancia y el testimonio de testigos de contexto, la polic\u00eda civil logr\u00f3 dar con el paradero del presunto agresor, quien registra domicilio en la comuna de Santa Mar\u00eda.<br \/>\nLa Fiscal\u00eda mantendr\u00eda los antecedentes necesarios para determinar la participaci\u00f3n de esta persona en el hecho ocurrido que cost\u00f3 la vida del adolescente.<br \/>\nSobre la din\u00e1mica de los sucesos, se conoci\u00f3 que momentos antes del homicidio, la v\u00edctima, en compa\u00f1\u00eda de otros dos sujetos, fueron fiscalizados por Carabineros tras protagonizar una ri\u00f1a en pleno centro de San Felipe, la que se habr\u00eda iniciado en las cercan\u00edas de un cibercaf\u00e9 ubicado en la avenida Yungay, seg\u00fan fuentes extraoficiales, continuando la discusi\u00f3n en el trayecto hacia el centro de San Felipe hasta ser fiscalizados en el centro.<br \/>\nRecordemos que el adolescente, tras haber sido atacado con el arma blanca, corri\u00f3 algunos metros para pedir ayuda hasta desplomarse en las afueras de la empresa Movistar en calle Prat, entre Traslavi\u00f1a y Navarro, siendo asistido por transe\u00fantes y posteriormente por personal Samu que constat\u00f3 el deceso del muchacho en la v\u00eda p\u00fablica.<br \/>\nEn este sentido, la tesis del asalto qued\u00f3 r\u00e1pidamente descartada debido a que el occiso manten\u00eda en su poder un tel\u00e9fono celular, lo que unido a la ri\u00f1a registrada momentos antes apuntaba claramente a que el m\u00f3vil del homicidio se encontrar\u00eda en el contexto de la pendencia anterior entre v\u00edctima y victimario.<br \/>\nCampos Villalobos, tras ser detenido ayer martes, fue trasladado hasta el cuartel policial de la PDI para continuar con las diligencias, para ser derivado el d\u00eda de hoy mi\u00e9rcoles hasta el Juzgado de Garant\u00eda de San Felipe.<br \/>\nDurante la audiencia de control de detenci\u00f3n, la Fiscal\u00eda detallar\u00e1 los antecedentes recabados hasta el momento para imputar el delito como un homicidio calificado, donde el Juez de Garant\u00eda determinar\u00e1 las cautelares para el acusado sobre este crimen que conmocion\u00f3 a la comunidad.<br \/>\n<strong>Pablo Salinas Sald\u00edas<\/strong><\/p>\n<figure id=\"attachment_86945\" aria-describedby=\"caption-attachment-86945\" style=\"width: 580px\" class=\"wp-caption alignnone\"><img data-recalc-dims=\"1\" loading=\"lazy\" decoding=\"async\" class=\"size-full wp-image-86945\" src=\"https:\/\/i0.wp.com\/www.eltrabajo.cl\/portal\/wp-content\/uploads\/2018\/06\/crimen-SITIO-DEL-SUCESO1.jpg?resize=580%2C399\" alt=\"Personal del Samu constat\u00f3 el fallecimiento del muchacho en la v\u00eda p\u00fablica.\" width=\"580\" height=\"399\" srcset=\"https:\/\/i0.wp.com\/eltrabajo.cl\/portal\/wp-content\/uploads\/2018\/06\/crimen-SITIO-DEL-SUCESO1.jpg?w=580&amp;ssl=1 580w, https:\/\/i0.wp.com\/eltrabajo.cl\/portal\/wp-content\/uploads\/2018\/06\/crimen-SITIO-DEL-SUCESO1.jpg?resize=200%2C138&amp;ssl=1 200w, https:\/\/i0.wp.com\/eltrabajo.cl\/portal\/wp-content\/uploads\/2018\/06\/crimen-SITIO-DEL-SUCESO1.jpg?resize=300%2C206&amp;ssl=1 300w, https:\/\/i0.wp.com\/eltrabajo.cl\/portal\/wp-content\/uploads\/2018\/06\/crimen-SITIO-DEL-SUCESO1.jpg?resize=218%2C150&amp;ssl=1 218w, https:\/\/i0.wp.com\/eltrabajo.cl\/portal\/wp-content\/uploads\/2018\/06\/crimen-SITIO-DEL-SUCESO1.jpg?resize=400%2C275&amp;ssl=1 400w\" sizes=\"auto, (max-width: 580px) 100vw, 580px\" \/><figcaption id=\"caption-attachment-86945\" class=\"wp-caption-text\">Personal del Samu constat\u00f3 el fallecimiento del muchacho en la v\u00eda p\u00fablica.<\/figcaption><\/figure>\n<figure id=\"attachment_86946\" aria-describedby=\"caption-attachment-86946\" style=\"width: 580px\" class=\"wp-caption alignnone\"><img data-recalc-dims=\"1\" loading=\"lazy\" decoding=\"async\" class=\"size-full wp-image-86946\" src=\"https:\/\/i0.wp.com\/www.eltrabajo.cl\/portal\/wp-content\/uploads\/2018\/06\/crimen-SITIO-DEL-SUCESO2.jpg?resize=580%2C399\" alt=\"Conmoci\u00f3n caus\u00f3 la muerte del adolescente en pleno centro de San Felipe la tarde noche de este s\u00e1bado.\" width=\"580\" height=\"399\" srcset=\"https:\/\/i0.wp.com\/eltrabajo.cl\/portal\/wp-content\/uploads\/2018\/06\/crimen-SITIO-DEL-SUCESO2.jpg?w=580&amp;ssl=1 580w, https:\/\/i0.wp.com\/eltrabajo.cl\/portal\/wp-content\/uploads\/2018\/06\/crimen-SITIO-DEL-SUCESO2.jpg?resize=200%2C138&amp;ssl=1 200w, https:\/\/i0.wp.com\/eltrabajo.cl\/portal\/wp-content\/uploads\/2018\/06\/crimen-SITIO-DEL-SUCESO2.jpg?resize=300%2C206&amp;ssl=1 300w, https:\/\/i0.wp.com\/eltrabajo.cl\/portal\/wp-content\/uploads\/2018\/06\/crimen-SITIO-DEL-SUCESO2.jpg?resize=218%2C150&amp;ssl=1 218w, https:\/\/i0.wp.com\/eltrabajo.cl\/portal\/wp-content\/uploads\/2018\/06\/crimen-SITIO-DEL-SUCESO2.jpg?resize=400%2C275&amp;ssl=1 400w\" sizes=\"auto, (max-width: 580px) 100vw, 580px\" \/><figcaption id=\"caption-attachment-86946\" class=\"wp-caption-text\">Conmoci\u00f3n caus\u00f3 la muerte del adolescente en pleno centro de San Felipe la tarde noche de este s\u00e1bado.<\/figcaption><\/figure>\n<figure id=\"attachment_86947\" aria-describedby=\"caption-attachment-86947\" style=\"width: 579px\" class=\"wp-caption alignnone\"><img data-recalc-dims=\"1\" loading=\"lazy\" decoding=\"async\" class=\"size-full wp-image-86947\" src=\"https:\/\/i0.wp.com\/www.eltrabajo.cl\/portal\/wp-content\/uploads\/2018\/06\/crimen-Walter-Campos-Villalobos-e1529545056482.jpg?resize=579%2C865\" alt=\"Walter Sebasti\u00e1n Campos Villalobos (18) ser\u00e1 hoy formalizado por Homicidio Calificado de Guido Cabello L\u00f3pez, cuya muerte a escasos metros de la plaza de San Felipe, a eso de las 20 horas la v\u00edspera del d\u00eda del padre, con un centro repleto de p\u00fablico comprando, estremeci\u00f3 al valle de Aconcagua.\" width=\"579\" height=\"865\" srcset=\"https:\/\/i0.wp.com\/eltrabajo.cl\/portal\/wp-content\/uploads\/2018\/06\/crimen-Walter-Campos-Villalobos-e1529545056482.jpg?w=579&amp;ssl=1 579w, https:\/\/i0.wp.com\/eltrabajo.cl\/portal\/wp-content\/uploads\/2018\/06\/crimen-Walter-Campos-Villalobos-e1529545056482.jpg?resize=100%2C150&amp;ssl=1 100w, https:\/\/i0.wp.com\/eltrabajo.cl\/portal\/wp-content\/uploads\/2018\/06\/crimen-Walter-Campos-Villalobos-e1529545056482.jpg?resize=201%2C300&amp;ssl=1 201w, https:\/\/i0.wp.com\/eltrabajo.cl\/portal\/wp-content\/uploads\/2018\/06\/crimen-Walter-Campos-Villalobos-e1529545056482.jpg?resize=400%2C598&amp;ssl=1 400w\" sizes=\"auto, (max-width: 579px) 100vw, 579px\" \/><figcaption id=\"caption-attachment-86947\" class=\"wp-caption-text\">Walter Sebasti\u00e1n Campos Villalobos (18) ser\u00e1 hoy formalizado por Homicidio Calificado de Guido Cabello L\u00f3pez, cuya muerte a escasos metros de la plaza de San Felipe, a eso de las 20 horas la v\u00edspera del d\u00eda del padre, con un centro repleto de p\u00fablico comprando, estremeci\u00f3 al valle de Aconcagua.<\/figcaption><\/figure>\n","protected":false},"excerpt":{"rendered":"<p>Walter Campos Villalobos, de 18 a\u00f1os, ser\u00e1 formalizado por homicidio calificado de\u00a0Guido Cabello L\u00f3pez, fallecido la tarde noche de este s\u00e1bado producto de dos pu\u00f1aladas en el t\u00f3rax, presentando una herida defensiva&#8230;<\/p>\n","protected":false},"author":1,"featured_media":86948,"comment_status":"open","ping_status":"open","sticky":false,"template":"","format":"standard","meta":{"advanced_seo_description":"","jetpack_seo_html_title":"","jetpack_seo_noindex":false,"_jetpack_memberships_contains_paid_content":false,"footnotes":""},"categories":[21],"tags":[],"class_list":["post-86943","post","type-post","status-publish","format-standard","has-post-thumbnail","hentry","category-policial"],"jetpack_featured_media_url":"https:\/\/i0.wp.com\/eltrabajo.cl\/portal\/wp-content\/uploads\/2018\/06\/Walter-Campos-Villalobos.jpg?fit=580%2C399&ssl=1","jetpack_sharing_enabled":true,"jetpack_likes_enabled":true,"jetpack-related-posts":[],"_links":{"self":[{"href":"https:\/\/eltrabajo.cl\/portal\/wp-json\/wp\/v2\/posts\/86943","targetHints":{"allow":["GET"]}}],"collection":[{"href":"https:\/\/eltrabajo.cl\/portal\/wp-json\/wp\/v2\/posts"}],"about":[{"href":"https:\/\/eltrabajo.cl\/portal\/wp-json\/wp\/v2\/types\/post"}],"author":[{"embeddable":true,"href":"https:\/\/eltrabajo.cl\/portal\/wp-json\/wp\/v2\/users\/1"}],"replies":[{"embeddable":true,"href":"https:\/\/eltrabajo.cl\/portal\/wp-json\/wp\/v2\/comments?post=86943"}],"version-history":[{"count":0,"href":"https:\/\/eltrabajo.cl\/portal\/wp-json\/wp\/v2\/posts\/86943\/revisions"}],"wp:featuredmedia":[{"embeddable":true,"href":"https:\/\/eltrabajo.cl\/portal\/wp-json\/wp\/v2\/media\/86948"}],"wp:attachment":[{"href":"https:\/\/eltrabajo.cl\/portal\/wp-json\/wp\/v2\/media?parent=86943"}],"wp:term":[{"taxonomy":"category","embeddable":true,"href":"https:\/\/eltrabajo.cl\/portal\/wp-json\/wp\/v2\/categories?post=86943"},{"taxonomy":"post_tag","embeddable":true,"href":"https:\/\/eltrabajo.cl\/portal\/wp-json\/wp\/v2\/tags?post=86943"}],"curies":[{"name":"wp","href":"https:\/\/api.w.org\/{rel}","templated":true}]}}