{"id":86952,"date":"2018-06-21T05:00:54","date_gmt":"2018-06-21T09:00:54","guid":{"rendered":"http:\/\/www.eltrabajo.cl\/2017\/?p=86952"},"modified":"2018-06-21T05:00:54","modified_gmt":"2018-06-21T09:00:54","slug":"el-domingo-comienza-el-torneo-2018-de-la-asociacion-de-san-felipe","status":"publish","type":"post","link":"https:\/\/eltrabajo.cl\/portal\/el-domingo-comienza-el-torneo-2018-de-la-asociacion-de-san-felipe\/","title":{"rendered":"El domingo comienza el torneo 2018 de la Asociaci\u00f3n de San Felipe"},"content":{"rendered":"<figure id=\"attachment_86953\" aria-describedby=\"caption-attachment-86953\" style=\"width: 580px\" class=\"wp-caption alignnone\"><img data-recalc-dims=\"1\" loading=\"lazy\" decoding=\"async\" class=\"size-full wp-image-86953\" src=\"https:\/\/i0.wp.com\/www.eltrabajo.cl\/portal\/wp-content\/uploads\/2018\/06\/futbol-amateur.jpg?resize=580%2C400\" alt=\"Ya es oficial que el domingo comenzar\u00e1 una nueva temporada para el f\u00fatbol amateur de San Felipe.\" width=\"580\" height=\"400\" srcset=\"https:\/\/i0.wp.com\/eltrabajo.cl\/portal\/wp-content\/uploads\/2018\/06\/futbol-amateur.jpg?w=580&amp;ssl=1 580w, https:\/\/i0.wp.com\/eltrabajo.cl\/portal\/wp-content\/uploads\/2018\/06\/futbol-amateur.jpg?resize=200%2C138&amp;ssl=1 200w, https:\/\/i0.wp.com\/eltrabajo.cl\/portal\/wp-content\/uploads\/2018\/06\/futbol-amateur.jpg?resize=300%2C207&amp;ssl=1 300w, https:\/\/i0.wp.com\/eltrabajo.cl\/portal\/wp-content\/uploads\/2018\/06\/futbol-amateur.jpg?resize=218%2C150&amp;ssl=1 218w, https:\/\/i0.wp.com\/eltrabajo.cl\/portal\/wp-content\/uploads\/2018\/06\/futbol-amateur.jpg?resize=400%2C276&amp;ssl=1 400w\" sizes=\"auto, (max-width: 580px) 100vw, 580px\" \/><figcaption id=\"caption-attachment-86953\" class=\"wp-caption-text\">Ya es oficial que el domingo comenzar\u00e1 una nueva temporada para el f\u00fatbol amateur de San Felipe.<\/figcaption><\/figure>\n<p>Luego de dejar atr\u00e1s una serie de inconvenientes que por momentos dificultaron y retrasaron m\u00e1s de la cuenta el esperado inicio de la competencia, el timonel de la Asociaci\u00f3n de Rugby de San Felipe, Ra\u00fal Reinoso, confirm\u00f3 que este domingo comenzar\u00e1 el torneo correspondiente a este a\u00f1o de la Asociaci\u00f3n de F\u00fatbol Amateur de San Felipe.<br \/>\nComo una forma de homenaje y recuerdo a quien fuera la secretaria hist\u00f3rica del balompi\u00e9 aficionado sanfelipe\u00f1o, es que la naciente competencia llevar\u00e1 el nombre de la recientemente fallecida Celia Jeria Chail\u00e1n (QEPD): \u201cCon orgullo, pero tambi\u00e9n con dolor, el campeonato se llamar\u00e1 Celia Jeria; hubo un acuerdo total en que fuera as\u00ed. Es la forma en que la recordaremos\u201d, dijo el directivo a El Trabajo Deportivo.<br \/>\nReinoso avis\u00f3 tambi\u00e9n que ya estaba todo en l\u00ednea y perfectamente reglamentado para comenzar este domingo: \u201cYa se hicieron todas las gestiones y tr\u00e1mites para que as\u00ed ocurra; hasta ayer (martes) estaba todo en regla y solo restaban detalles por solucionar, como lo son el pago de tributos, pero no habr\u00e1 ning\u00fan problema para comenzar\u201d, afirm\u00f3 el titular de la Asociaci\u00f3n de F\u00fatbol de la \u2018ciudad fuerte y feliz\u2019.<br \/>\nLas principales caracter\u00edsticas que tendr\u00e1 el certamen que arrancar\u00e1 este domingo, es que ser\u00e1 de dos ruedas, tras las cuales el campe\u00f3n y sub campe\u00f3n de la primera serie clasificar\u00e1n de forma directa a la Copa de Campeones, mientras que los equipos que terminen: tercero, cuarto, quinto y sexto en la tabla de posiciones, deber\u00e1n jugar una eliminatoria simple de la cual saldr\u00e1 el tercer clasificado que ir\u00e1 a la fase previa del principal torneo de clubes de la regi\u00f3n.<br \/>\nLos encargados de impartir justicia en las canchas sanfelipe\u00f1as ser\u00e1n los referees de la Asociaci\u00f3n de \u00c1rbitros de San Felipe que es encabezada por el hist\u00f3rico Lautaro Hermosilla. \u201cLlegamos a buen pie y nos colaborar\u00e1n en una parte del torneo, para nosotros es muy importante que Lautaro (Hermosilla) est\u00e9 a cargo ya que \u00e9l trabaja con ternas y eso es muy importante\u201d, inform\u00f3 Reinoso.<\/p>\n","protected":false},"excerpt":{"rendered":"<p>Luego de dejar atr\u00e1s una serie de inconvenientes que por momentos dificultaron y retrasaron m\u00e1s de la cuenta el esperado inicio de la competencia, el timonel de la Asociaci\u00f3n de Rugby de&#8230;<\/p>\n","protected":false},"author":1,"featured_media":86953,"comment_status":"open","ping_status":"open","sticky":false,"template":"","format":"standard","meta":{"advanced_seo_description":"","jetpack_seo_html_title":"","jetpack_seo_noindex":false,"_jetpack_memberships_contains_paid_content":false,"footnotes":""},"categories":[19],"tags":[],"class_list":["post-86952","post","type-post","status-publish","format-standard","has-post-thumbnail","hentry","category-deportes"],"jetpack_featured_media_url":"https:\/\/i0.wp.com\/eltrabajo.cl\/portal\/wp-content\/uploads\/2018\/06\/futbol-amateur.jpg?fit=580%2C400&ssl=1","jetpack_sharing_enabled":true,"jetpack_likes_enabled":true,"jetpack-related-posts":[],"_links":{"self":[{"href":"https:\/\/eltrabajo.cl\/portal\/wp-json\/wp\/v2\/posts\/86952","targetHints":{"allow":["GET"]}}],"collection":[{"href":"https:\/\/eltrabajo.cl\/portal\/wp-json\/wp\/v2\/posts"}],"about":[{"href":"https:\/\/eltrabajo.cl\/portal\/wp-json\/wp\/v2\/types\/post"}],"author":[{"embeddable":true,"href":"https:\/\/eltrabajo.cl\/portal\/wp-json\/wp\/v2\/users\/1"}],"replies":[{"embeddable":true,"href":"https:\/\/eltrabajo.cl\/portal\/wp-json\/wp\/v2\/comments?post=86952"}],"version-history":[{"count":0,"href":"https:\/\/eltrabajo.cl\/portal\/wp-json\/wp\/v2\/posts\/86952\/revisions"}],"wp:featuredmedia":[{"embeddable":true,"href":"https:\/\/eltrabajo.cl\/portal\/wp-json\/wp\/v2\/media\/86953"}],"wp:attachment":[{"href":"https:\/\/eltrabajo.cl\/portal\/wp-json\/wp\/v2\/media?parent=86952"}],"wp:term":[{"taxonomy":"category","embeddable":true,"href":"https:\/\/eltrabajo.cl\/portal\/wp-json\/wp\/v2\/categories?post=86952"},{"taxonomy":"post_tag","embeddable":true,"href":"https:\/\/eltrabajo.cl\/portal\/wp-json\/wp\/v2\/tags?post=86952"}],"curies":[{"name":"wp","href":"https:\/\/api.w.org\/{rel}","templated":true}]}}