{"id":86955,"date":"2018-06-21T05:01:07","date_gmt":"2018-06-21T09:01:07","guid":{"rendered":"http:\/\/www.eltrabajo.cl\/2017\/?p=86955"},"modified":"2018-06-21T05:01:07","modified_gmt":"2018-06-21T09:01:07","slug":"estudiantes-uv-san-felipe-deciden-manana-si-continua-toma-del-campus","status":"publish","type":"post","link":"https:\/\/eltrabajo.cl\/portal\/estudiantes-uv-san-felipe-deciden-manana-si-continua-toma-del-campus\/","title":{"rendered":"Estudiantes UV San Felipe deciden ma\u00f1ana si contin\u00faa toma del Campus"},"content":{"rendered":"<figure id=\"attachment_86956\" aria-describedby=\"caption-attachment-86956\" style=\"width: 580px\" class=\"wp-caption alignnone\"><img data-recalc-dims=\"1\" loading=\"lazy\" decoding=\"async\" class=\"size-full wp-image-86956\" src=\"https:\/\/i0.wp.com\/www.eltrabajo.cl\/portal\/wp-content\/uploads\/2018\/06\/Toma1-1.jpg?resize=580%2C399\" alt=\"Paula Cabrera junto a otra compa\u00f1era durante la toma. \" width=\"580\" height=\"399\" srcset=\"https:\/\/i0.wp.com\/eltrabajo.cl\/portal\/wp-content\/uploads\/2018\/06\/Toma1-1.jpg?w=580&amp;ssl=1 580w, https:\/\/i0.wp.com\/eltrabajo.cl\/portal\/wp-content\/uploads\/2018\/06\/Toma1-1.jpg?resize=200%2C138&amp;ssl=1 200w, https:\/\/i0.wp.com\/eltrabajo.cl\/portal\/wp-content\/uploads\/2018\/06\/Toma1-1.jpg?resize=300%2C206&amp;ssl=1 300w, https:\/\/i0.wp.com\/eltrabajo.cl\/portal\/wp-content\/uploads\/2018\/06\/Toma1-1.jpg?resize=218%2C150&amp;ssl=1 218w, https:\/\/i0.wp.com\/eltrabajo.cl\/portal\/wp-content\/uploads\/2018\/06\/Toma1-1.jpg?resize=400%2C275&amp;ssl=1 400w\" sizes=\"auto, (max-width: 580px) 100vw, 580px\" \/><figcaption id=\"caption-attachment-86956\" class=\"wp-caption-text\">Paula Cabrera junto a otra compa\u00f1era durante la toma.<\/figcaption><\/figure>\n<ul>\n<li><span style=\"color: #ff0000;\"><strong>Por acoso sexual:<\/strong> <\/span><\/li>\n<\/ul>\n<p>Pese a que siguen en toma ma\u00f1ana viernes se va a decidir si contin\u00faan o no con esta manifestaci\u00f3n las alumnas de la Universidad de Valpara\u00edso.<br \/>\nEste martes realizaron una asamblea en el campus teniendo una amplia participaci\u00f3n estudiantil, \u201c\u00e9ramos 200 a 300 personas dentro de la actividad, una asamblea triestamental, donde participaron nuestros funcionarios, docentes de nuestra universidad, donde como estudiantes decidimos continuar con la movilizaci\u00f3n con nuestro edificio bajo toma entendiendo que hemos estado en conversaciones con las autoridades de la universidad, hoy d\u00eda sentimos que no tenemos las garant\u00edas y la seguridad necesaria para deponer la movilizaci\u00f3n por ende llegar a buen puerto con los acuerdos que hemos estado tomando, as\u00ed tambi\u00e9n ten\u00edamos reparos en los espacios institucionales donde se iban a tomar las decisiones respecto a las metodolog\u00edas de c\u00f3mo \u00edbamos a estar trabajando respecto del Protocolo de G\u00e9nero y de las distintas demandas que tenemos, y entonces hoy d\u00eda nos vimos en la necesidad de continuar con la movilizaci\u00f3n y esta va a volver a ser reevaluada el d\u00eda viernes de esta semana\u201d, se\u00f1alo Paula Cabrera, vocera de los estudiantes.<br \/>\nEs decir, pareciera que las autoridades no han querido resolver sus problemas, \u201chemos visto un cambio en la voluntad de la autoridad desde la primera reuni\u00f3n que nosotros tuvimos, una voluntad mucho mayor para solucionar el conflicto, se mostraron mucho m\u00e1s receptivas pero a\u00fan as\u00ed nosotros sentimos que no ten\u00edamos plazos fijos de c\u00f3mo se iba a solucionar el conflicto, no hab\u00eda seguridad de cuales iban a ser las metodolog\u00edas, en qu\u00e9 momento nosotros \u00edbamos a tener nuestro conflicto en camino, en v\u00eda de solucionarlo y eso nos genera una inseguridad muy grande entendiendo que deponer la movilizaci\u00f3n hoy d\u00eda significar\u00eda que no podr\u00edamos seguir fiscalizando de como se lleva a cabo la implementaci\u00f3n de lo que hoy d\u00eda estamos pidiendo\u201d.<br \/>\n&#8211; \u00bfC\u00f3mo se termina esta toma?<br \/>\n&#8211; Nosotros hoy en d\u00eda estamos teniendo un trabajo triestamental junto con nuestros docentes, nuestros funcionarios y la tarea que tenemos ahora es reproducir, generar un plan de trabajo desde el campus que nos permita demostrarles a las autoridades que Valpara\u00edso no es la \u00fanica ciudad, no es la \u00fanica sede de nuestra Universidad, que San Felipe es una sede importante, nosotros ya tenemos voluntad de decidir, que las medidas que se tomen a nivel central tienen que llegar a nuestra sede, tenemos que vernos incluidos frente a los planes y mejoras que universidad est\u00e1 realizando en funci\u00f3n de g\u00e9nero y por eso mismo creemos que el camino que estamos tomando es el de llegar a la pr\u00f3xima reuni\u00f3n con nuestras autoridades, con una propuesta de lo que realmente nosotros queremos y lo queremos con fechas, plazos y son estas las personas que denominamos encargados de llevarlo a cabo, hoy nosotros vamos a ir con una postura m\u00e1s propositiva frente a nuestras autoridades buscando solucionar el conflicto.<br \/>\n&#8211; \u00bfEn qu\u00e9 consiste esa actitud propositiva frente al conflicto?<br \/>\n&#8211; En llegar con propuestas de como nosotros queremos solucionar el conflicto de nuestro campus.<br \/>\n&#8211; \u00bfC\u00f3mo lo quieren solucionar?<br \/>\n&#8211; En ese sentido nosotros entendemos que para poder llegar a conclusiones que sean realmente representativas del campus, necesitamos trabajar con todos los entes de nuestra comunidad universitaria y es por eso que el d\u00eda de ma\u00f1ana (hoy) vamos a tener una jornada de discusi\u00f3n en conjunto con los docentes, para escuchar cu\u00e1les son las ideas que ellos tienen para solucionar este conflicto.<br \/>\nReitera que siguen moviliz\u00e1ndose por desarrollar un protocolo contra el acoso y abuso sexual, porque tiene falencias hasta el d\u00eda de hoy la universidad se abri\u00f3 a la posibilidad de reevaluarlo e incluir nuevos puntos en \u00e9l, pero no se nos dio ninguna seguridad en qu\u00e9 fecha va a suceder ni c\u00f3mo vamos a participar ah\u00ed.<br \/>\nAl finalizar, dijo que esta toma se termina con acuerdos mucho m\u00e1s robustos con el cual se sientan protegidos, tener resguardos frente a situaciones que han estado viviendo en sus campos cl\u00ednicos y que se han conocido ahora a trav\u00e9s de la prensa, por eso han seguido moviliz\u00e1ndose.<br \/>\nEn ese contexto decir el viernes en la ma\u00f1ana la sede del Campus San Felipe de la Universidad de Valpara\u00edso amaneci\u00f3 tomada.<\/p>\n","protected":false},"excerpt":{"rendered":"<p>Por acoso sexual: Pese a que siguen en toma ma\u00f1ana viernes se va a decidir si contin\u00faan o no con esta manifestaci\u00f3n las alumnas de la Universidad de Valpara\u00edso. Este martes realizaron&#8230;<\/p>\n","protected":false},"author":1,"featured_media":86956,"comment_status":"open","ping_status":"open","sticky":false,"template":"","format":"standard","meta":{"advanced_seo_description":"","jetpack_seo_html_title":"","jetpack_seo_noindex":false,"_jetpack_memberships_contains_paid_content":false,"footnotes":""},"categories":[1],"tags":[],"class_list":["post-86955","post","type-post","status-publish","format-standard","has-post-thumbnail","hentry","category-cronica"],"jetpack_featured_media_url":"https:\/\/i0.wp.com\/eltrabajo.cl\/portal\/wp-content\/uploads\/2018\/06\/Toma1-1.jpg?fit=580%2C399&ssl=1","jetpack_sharing_enabled":true,"jetpack_likes_enabled":true,"jetpack-related-posts":[],"_links":{"self":[{"href":"https:\/\/eltrabajo.cl\/portal\/wp-json\/wp\/v2\/posts\/86955","targetHints":{"allow":["GET"]}}],"collection":[{"href":"https:\/\/eltrabajo.cl\/portal\/wp-json\/wp\/v2\/posts"}],"about":[{"href":"https:\/\/eltrabajo.cl\/portal\/wp-json\/wp\/v2\/types\/post"}],"author":[{"embeddable":true,"href":"https:\/\/eltrabajo.cl\/portal\/wp-json\/wp\/v2\/users\/1"}],"replies":[{"embeddable":true,"href":"https:\/\/eltrabajo.cl\/portal\/wp-json\/wp\/v2\/comments?post=86955"}],"version-history":[{"count":0,"href":"https:\/\/eltrabajo.cl\/portal\/wp-json\/wp\/v2\/posts\/86955\/revisions"}],"wp:featuredmedia":[{"embeddable":true,"href":"https:\/\/eltrabajo.cl\/portal\/wp-json\/wp\/v2\/media\/86956"}],"wp:attachment":[{"href":"https:\/\/eltrabajo.cl\/portal\/wp-json\/wp\/v2\/media?parent=86955"}],"wp:term":[{"taxonomy":"category","embeddable":true,"href":"https:\/\/eltrabajo.cl\/portal\/wp-json\/wp\/v2\/categories?post=86955"},{"taxonomy":"post_tag","embeddable":true,"href":"https:\/\/eltrabajo.cl\/portal\/wp-json\/wp\/v2\/tags?post=86955"}],"curies":[{"name":"wp","href":"https:\/\/api.w.org\/{rel}","templated":true}]}}