{"id":86962,"date":"2018-06-21T05:03:13","date_gmt":"2018-06-21T09:03:13","guid":{"rendered":"http:\/\/www.eltrabajo.cl\/2017\/?p=86962"},"modified":"2018-06-21T05:03:13","modified_gmt":"2018-06-21T09:03:13","slug":"fiscalia-detallo-paso-a-paso-sucesos-del-asesinato-de-guido-cabello-lopez","status":"publish","type":"post","link":"https:\/\/eltrabajo.cl\/portal\/fiscalia-detallo-paso-a-paso-sucesos-del-asesinato-de-guido-cabello-lopez\/","title":{"rendered":"Fiscal\u00eda detall\u00f3 paso a paso sucesos del asesinato de Guido Cabello L\u00f3pez"},"content":{"rendered":"<figure id=\"attachment_86964\" aria-describedby=\"caption-attachment-86964\" style=\"width: 580px\" class=\"wp-caption alignnone\"><img data-recalc-dims=\"1\" loading=\"lazy\" decoding=\"async\" class=\"size-full wp-image-86964\" src=\"https:\/\/i0.wp.com\/www.eltrabajo.cl\/portal\/wp-content\/uploads\/2018\/06\/WALTER-CAMPOS-VILLALOBOS.jpg?resize=580%2C399\" alt=\"La Brigada de Homicidios de la PDI Los Andes captur\u00f3 al imputado por homicidio calificado en Santa Mar\u00eda.\" width=\"580\" height=\"399\" srcset=\"https:\/\/i0.wp.com\/eltrabajo.cl\/portal\/wp-content\/uploads\/2018\/06\/WALTER-CAMPOS-VILLALOBOS.jpg?w=580&amp;ssl=1 580w, https:\/\/i0.wp.com\/eltrabajo.cl\/portal\/wp-content\/uploads\/2018\/06\/WALTER-CAMPOS-VILLALOBOS.jpg?resize=200%2C138&amp;ssl=1 200w, https:\/\/i0.wp.com\/eltrabajo.cl\/portal\/wp-content\/uploads\/2018\/06\/WALTER-CAMPOS-VILLALOBOS.jpg?resize=300%2C206&amp;ssl=1 300w, https:\/\/i0.wp.com\/eltrabajo.cl\/portal\/wp-content\/uploads\/2018\/06\/WALTER-CAMPOS-VILLALOBOS.jpg?resize=218%2C150&amp;ssl=1 218w, https:\/\/i0.wp.com\/eltrabajo.cl\/portal\/wp-content\/uploads\/2018\/06\/WALTER-CAMPOS-VILLALOBOS.jpg?resize=400%2C275&amp;ssl=1 400w\" sizes=\"auto, (max-width: 580px) 100vw, 580px\" \/><figcaption id=\"caption-attachment-86964\" class=\"wp-caption-text\">La Brigada de Homicidios de la PDI Los Andes captur\u00f3 al imputado por homicidio calificado en Santa Mar\u00eda.<\/figcaption><\/figure>\n<ul>\n<li><span style=\"color: #ff0000;\"><strong>Presunto homicida que tendi\u00f3 trampa por drogas a adolescente arriesga 20 a\u00f1os de c\u00e1rcel <\/strong><\/span><\/li>\n<li><span style=\"color: #000000;\"><strong>Walter Sebasti\u00e1n Campos Villalobos fue formalizado ayer en Tribunales, quedando en prisi\u00f3n preventiva por homicidio calificado con alevos\u00eda del menor de 17 a\u00f1os, apu\u00f1alado dos veces en el t\u00f3rax, en Navarro entre Prat y Santo Domingo en San Felipe.<\/strong><\/span><\/li>\n<\/ul>\n<p>Bajo la cautelar de prisi\u00f3n preventiva qued\u00f3 el d\u00eda de ayer, tras ser formalizado en el Juzgado de Garant\u00eda de San Felipe, el imputado <strong>Walter Sebasti\u00e1n Campos Villalobos<\/strong>, de 18 a\u00f1os de edad, acusado de ser el autor material del homicidio calificado con alevos\u00eda de <strong>Guido Cabello L\u00f3pez<\/strong> (17), quien perdi\u00f3 la vida al anochecer del pasado s\u00e1bado 16 de junio en calle Prat de San Felipe, tras recibir dos profundas pu\u00f1aladas en el t\u00f3rax durante una emboscada perpetrada a unos metros del lugar.<br \/>\nLa Fiscal\u00eda dio a conocer en forma detallada la cadena de sucesos que terminaron en el crimen, donde se vieron involucradas terceras personas y el que fue previamente planificado por un grupo de j\u00f3venes, quienes inicialmente se habr\u00edan confabulado para proporcionar una golpiza a la v\u00edctima, pero que deriv\u00f3 finalmente en un asesinato por parte del actual imputado.<\/p>\n<p><span style=\"color: #ff0000;\"><strong>TOMANDO Y FUMANDO<\/strong><\/span><br \/>\nTodos los sucesos que terminaron con la muerte de Guido Cabello se inician muy temprano, a eso del medio d\u00eda en la plazuela de la Villa San Camilo, m\u00e1s bien en los potreros que est\u00e1n al sur de la villa. En ese lugar se re\u00fanen tres sujetos identificados como <strong>\u2018F\u2019<\/strong>, <strong>\u2018M\u2019<\/strong> y el <strong>\u2018D\u2019<\/strong>, a quienes se les unir\u00eda posteriormente el detenido, Walter Sebasti\u00e1n Campos Villalobos, m\u00e1s conocido como \u2018El Abuelo, con el objetivo de fumar marihuana y beber cervezas. Posteriormente \u2018D\u2019 comienza a llamar a proveedores de drogas para intercambiar marihuana por unas cadenas, por lo cual y tras probar con diversos \u2018dealer\u2019 o proveedores, D y M se dirigen a realizar el trueque donde un tal <strong>\u2018Maikol\u2019<\/strong>, quedando F y El Abuelo esperando en la villa.<br \/>\nEn el intertanto, al parecer la transacci\u00f3n fracas\u00f3, porque D y M se desplazaron entonces hacia el Mercado de calle Prat, a juntarse con Guido, quien tendr\u00eda el contacto para la transacci\u00f3n, la cual tambi\u00e9n falla ya que en el mercado se origina un altercado entre Guido y los j\u00f3venes porque Guido se habr\u00eda quedado con las cadenas y los sujetos entonces se quedan con el celular de la v\u00edctima, hecho que fue corroborado por testigos alrededor de las 19:00 horas del s\u00e1bado.<br \/>\nPosteriormente los tres j\u00f3venes se trasladan hacia calle Salinas esquina Prat, donde nuevamente se origina una ri\u00f1a de mayor intensidad entre Guido Cabello, y el otro adolescente \u2018D\u2019, siendo fiscalizados por Carabineros. En esa oportunidad se habr\u00edan devuelto las especies, es decir cadenas y celular habr\u00edan retornado a sus respectivos due\u00f1os.<br \/>\nAs\u00ed al menos lo inform\u00f3 el Fiscal Alejandro Bustos, quien se\u00f1al\u00f3 que seg\u00fan el registro de las c\u00e1maras, \u2018M\u2019 le habr\u00eda sustra\u00eddo el celular a Guido para hacerse pago de las cadenas que manten\u00eda Guido en su poder, hecho que se revirti\u00f3 tras la concurrencia de Carabineros, regres\u00e1ndose ambos cada especie que les correspond\u00edan, \u201craz\u00f3n por la cual se ve en el video a \u2018M\u2019 con sus cadenas y habido en el sitio del suceso a Guido con su tel\u00e9fono celular\u201d, afirm\u00f3 el persecutor.<\/p>\n<p><span style=\"color: #ff0000;\"><strong>&#8216;EL ABUELO&#8217;<\/strong><\/span><br \/>\nPoco antes de que todo esto pasara, El Abuelo, que esperaba junto a F en la Villa San Camilo, llama al M por tel\u00e9fono para saber su ubicaci\u00f3n, quien le responde que se dirige al centro a juntarse con el Guido. El imputado, entonces, junto al F se dirigen tambi\u00e9n hacia el centro. En el trayecto, asegura uno de los involucrados, El Abuelo (Sebasti\u00e1n) recibe el llamado de un tel\u00e9fono que termina en 40, pensando que era D le responde, pero del otro lado le contesta supuestamente Guido, quien le habr\u00eda se\u00f1alado: \u201cSoy el Guido, al D le pegu\u00e9 y nos separaron los pacos\u201d. El Abuelo entonces le pregunta si sabe d\u00f3nde est\u00e1n D y M, y Guido le responde que no. Ambos sujetos contin\u00faan caminando hasta que repentinamente M llama al Abuelo, por lo que de inmediato le pregunta d\u00f3nde est\u00e1n, a lo que M le responde \u201cAc\u00e1 en el mercado. Me agarr\u00e9 a pelear con un huev\u00f3n que me quer\u00eda \u2018cogotear\u2019 la cadena\u201d. Entonces quedan de acuerdo en juntarse en las cercan\u00edas del Liceo Roberto Humeres, donde esperar\u00edan al M quien lleg\u00f3 al anochecer y se juntan finalmente en Traslavi\u00f1a con Condell. Ah\u00ed el M les se\u00f1ala: \u201cEste \u2018culiao\u2019 se pas\u00f3 las pel\u00edculas conmigo. Quer\u00eda pegarme\u201d.<\/p>\n<p><span style=\"color: #ff0000;\"><strong>PLAN FATAL<\/strong><\/span><br \/>\nTodo lo ocurrido hasta aqu\u00ed no fue pasado por alto por los j\u00f3venes, inici\u00e1ndose la planificaci\u00f3n de una trampa en menos de una hora luego de haber estado juntos, pelear y separarse en el centro de San Felipe.<br \/>\nEn resumen, \u2018M\u2019 junto a Sebasti\u00e1n (El Abuelo) y F, comienzan a preparar una golpiza en venganza, cit\u00e1ndose en las afueras del Liceo Roberto Humeres en calle Santo Domingo.<br \/>\n\u2018El Abuelo\u2019 sin conocer a la v\u00edctima, habr\u00eda efectuado una llamada telef\u00f3nica al m\u00f3vil de Guido para concertar la fatal reuni\u00f3n, con el pretexto de comprar drogas. Al no presentarse Guido, lo llama por segunda vez, contestando esta llamada la polola de la v\u00edctima, quien en su testimonio refiri\u00f3 que un tal \u2018Sebasti\u00e1n\u2019 (imputado) solicitaba entrevistarse con su pololo a un costado de la distribuidora \u2018Kiko\u2019 ubicada en calle Navarro esquina Prat de San Felipe.<br \/>\nEl Fiscal del caso refiere a que el acto de alevos\u00eda de los involucrados en el crimen es que act\u00faan a traici\u00f3n y sobre seguro, tendi\u00e9ndole una trampa, llegando a Prat con Navarro a las 20:00 horas para esperar a la v\u00edctima, apostados en diferentes lugares, seg\u00fan detalla el registro de las c\u00e1maras de la distribuidora que los sit\u00faa en el lugar del crimen.<br \/>\n\u201cLo citan a un determinado lugar para que \u00e9l concurra, aparentemente para una transacci\u00f3n de drogas, y ah\u00ed lo est\u00e1n esperando tres sujetos, se le acerca uno de manera bastante amable, como para concretar la transacci\u00f3n concertada, lo trasladan unos metros por Navarro en direcci\u00f3n a Santo Domingo y ah\u00ed es donde intervienen otros dos sujetos, comenzando a golpearlo entre los tres\u201d.<br \/>\nLa brutal paliza, seg\u00fan el registro, se origin\u00f3 a las 20:14 minutos, hasta ah\u00ed se concretar\u00eda la planificaci\u00f3n del ajuste de cuentas, sin embargo el imputado Walter Campos (El Abuelo) manten\u00eda entre sus vestimentas una cortaplumas plegable, utilizando esta arma blanca para acrecentar el dolo hacia la v\u00edctima, excedi\u00e9ndose de lo que ya se hab\u00eda planeado.<\/p>\n<p><span style=\"color: #ff0000;\"><strong>LA MUERTE<\/strong><\/span><br \/>\nEn este escenario, Campos apu\u00f1al\u00f3 a Guido en dos ocasiones en el pecho, confirm\u00e1ndose posteriormente lesiones de una profundidad de 10 cent\u00edmetros y una herida defensiva en la palma de su mano. Mientras los atacantes huyen del lugar, el joven adolescente desangr\u00e1ndose, logr\u00f3 dirigirse hacia calle Prat hasta desplomarse en las afueras de la empresa Movistar, falleciendo a los pocos minutos pese a la llegada del Samu Aconcagua que infructuosamente intent\u00f3 reanimarlo.<br \/>\nEl Fiscal explic\u00f3 que pese a existir un solo imputado, quien habr\u00eda cometido el crimen, la participaci\u00f3n de los otros dos involucrados podr\u00eda enfrentarlos a la justicia de acuerdo a las investigaciones que est\u00e1n en curso: \u201cHasta ahora, con los antecedentes que tenemos, podemos considerar como autor ejecutor de los hechos solamente a Walter Campos\u201d.<br \/>\nLa polic\u00eda concret\u00f3 la detenci\u00f3n del acusado la tarde de este martes en su domicilio en la comuna de Santa Mar\u00eda, oportunidad en la cual se levant\u00f3 como evidencia un arma blanca que ser\u00e1 sometida a peritajes para establecer si corresponde al arma homicida.<br \/>\nEl tribunal fij\u00f3 un plazo de 120 d\u00edas de investigaci\u00f3n y hasta el momento el imputado no ha prestado declaraci\u00f3n sobre este crimen, ejerciendo su derecho a guardar silencio. Tras su formalizaci\u00f3n podr\u00eda arriesgar penas que parten desde los 15 a\u00f1os y un d\u00eda a presidio perpetuo simple. No obstante el imputado mantiene una atenuante de intachable conducta anterior, vislumbr\u00e1ndose penas que podr\u00edan alcanzar los 20 a\u00f1os de c\u00e1rcel.<br \/>\n<strong>Pablo Salinas Sald\u00edas<\/strong><\/p>\n<figure id=\"attachment_86963\" aria-describedby=\"caption-attachment-86963\" style=\"width: 580px\" class=\"wp-caption alignnone\"><img data-recalc-dims=\"1\" loading=\"lazy\" decoding=\"async\" class=\"size-full wp-image-86963\" src=\"https:\/\/i0.wp.com\/www.eltrabajo.cl\/portal\/wp-content\/uploads\/2018\/06\/guido-cabello.jpg?resize=580%2C398\" alt=\"El adolescente de 17 a\u00f1os de edad, Guido Cabello L\u00f3pez, falleci\u00f3 este s\u00e1bado 16 de junio, v\u00edctima de dos pu\u00f1aladas.\" width=\"580\" height=\"398\" srcset=\"https:\/\/i0.wp.com\/eltrabajo.cl\/portal\/wp-content\/uploads\/2018\/06\/guido-cabello.jpg?w=580&amp;ssl=1 580w, https:\/\/i0.wp.com\/eltrabajo.cl\/portal\/wp-content\/uploads\/2018\/06\/guido-cabello.jpg?resize=200%2C137&amp;ssl=1 200w, https:\/\/i0.wp.com\/eltrabajo.cl\/portal\/wp-content\/uploads\/2018\/06\/guido-cabello.jpg?resize=300%2C206&amp;ssl=1 300w, https:\/\/i0.wp.com\/eltrabajo.cl\/portal\/wp-content\/uploads\/2018\/06\/guido-cabello.jpg?resize=219%2C150&amp;ssl=1 219w, https:\/\/i0.wp.com\/eltrabajo.cl\/portal\/wp-content\/uploads\/2018\/06\/guido-cabello.jpg?resize=400%2C274&amp;ssl=1 400w\" sizes=\"auto, (max-width: 580px) 100vw, 580px\" \/><figcaption id=\"caption-attachment-86963\" class=\"wp-caption-text\">El adolescente de 17 a\u00f1os de edad, Guido Cabello L\u00f3pez, falleci\u00f3 este s\u00e1bado 16 de junio, v\u00edctima de dos pu\u00f1aladas.<\/figcaption><\/figure>\n<figure id=\"attachment_86965\" aria-describedby=\"caption-attachment-86965\" style=\"width: 580px\" class=\"wp-caption alignnone\"><img data-recalc-dims=\"1\" loading=\"lazy\" decoding=\"async\" class=\"size-full wp-image-86965\" src=\"https:\/\/i0.wp.com\/www.eltrabajo.cl\/portal\/wp-content\/uploads\/2018\/06\/WALTER-HOMICIDA-2.jpg?resize=580%2C400\" alt=\"La Brigada de Homicidios de la PDI Los Andes captur\u00f3 al imputado por homicidio calificado en Santa Mar\u00eda.\" width=\"580\" height=\"400\" srcset=\"https:\/\/i0.wp.com\/eltrabajo.cl\/portal\/wp-content\/uploads\/2018\/06\/WALTER-HOMICIDA-2.jpg?w=580&amp;ssl=1 580w, https:\/\/i0.wp.com\/eltrabajo.cl\/portal\/wp-content\/uploads\/2018\/06\/WALTER-HOMICIDA-2.jpg?resize=200%2C138&amp;ssl=1 200w, https:\/\/i0.wp.com\/eltrabajo.cl\/portal\/wp-content\/uploads\/2018\/06\/WALTER-HOMICIDA-2.jpg?resize=300%2C207&amp;ssl=1 300w, https:\/\/i0.wp.com\/eltrabajo.cl\/portal\/wp-content\/uploads\/2018\/06\/WALTER-HOMICIDA-2.jpg?resize=218%2C150&amp;ssl=1 218w, https:\/\/i0.wp.com\/eltrabajo.cl\/portal\/wp-content\/uploads\/2018\/06\/WALTER-HOMICIDA-2.jpg?resize=400%2C276&amp;ssl=1 400w\" sizes=\"auto, (max-width: 580px) 100vw, 580px\" \/><figcaption id=\"caption-attachment-86965\" class=\"wp-caption-text\">La Brigada de Homicidios de la PDI Los Andes captur\u00f3 al imputado por homicidio calificado en Santa Mar\u00eda.<\/figcaption><\/figure>\n<figure id=\"attachment_86966\" aria-describedby=\"caption-attachment-86966\" style=\"width: 580px\" class=\"wp-caption alignnone\"><img data-recalc-dims=\"1\" loading=\"lazy\" decoding=\"async\" class=\"size-full wp-image-86966\" src=\"https:\/\/i0.wp.com\/www.eltrabajo.cl\/portal\/wp-content\/uploads\/2018\/06\/WALTER-TRIBUNAL.jpg?resize=580%2C400\" alt=\"El acusado fue formalizado la ma\u00f1ana de ayer en el Juzgado de Garant\u00eda de San Felipe.\" width=\"580\" height=\"400\" srcset=\"https:\/\/i0.wp.com\/eltrabajo.cl\/portal\/wp-content\/uploads\/2018\/06\/WALTER-TRIBUNAL.jpg?w=580&amp;ssl=1 580w, https:\/\/i0.wp.com\/eltrabajo.cl\/portal\/wp-content\/uploads\/2018\/06\/WALTER-TRIBUNAL.jpg?resize=200%2C138&amp;ssl=1 200w, https:\/\/i0.wp.com\/eltrabajo.cl\/portal\/wp-content\/uploads\/2018\/06\/WALTER-TRIBUNAL.jpg?resize=300%2C207&amp;ssl=1 300w, https:\/\/i0.wp.com\/eltrabajo.cl\/portal\/wp-content\/uploads\/2018\/06\/WALTER-TRIBUNAL.jpg?resize=218%2C150&amp;ssl=1 218w, https:\/\/i0.wp.com\/eltrabajo.cl\/portal\/wp-content\/uploads\/2018\/06\/WALTER-TRIBUNAL.jpg?resize=400%2C276&amp;ssl=1 400w\" sizes=\"auto, (max-width: 580px) 100vw, 580px\" \/><figcaption id=\"caption-attachment-86966\" class=\"wp-caption-text\">El acusado fue formalizado la ma\u00f1ana de ayer en el Juzgado de Garant\u00eda de San Felipe.<\/figcaption><\/figure>\n<figure id=\"attachment_86967\" aria-describedby=\"caption-attachment-86967\" style=\"width: 579px\" class=\"wp-caption alignnone\"><img data-recalc-dims=\"1\" loading=\"lazy\" decoding=\"async\" class=\"size-full wp-image-86967\" src=\"https:\/\/i0.wp.com\/www.eltrabajo.cl\/portal\/wp-content\/uploads\/2018\/06\/crimen-Walter-Campos-Villalobos-1.jpg?resize=579%2C865\" alt=\"Walter Sebasti\u00e1n Campos Villalobos 18), \u00fanico imputado por el crimen.\" width=\"579\" height=\"865\" srcset=\"https:\/\/i0.wp.com\/eltrabajo.cl\/portal\/wp-content\/uploads\/2018\/06\/crimen-Walter-Campos-Villalobos-1.jpg?w=579&amp;ssl=1 579w, https:\/\/i0.wp.com\/eltrabajo.cl\/portal\/wp-content\/uploads\/2018\/06\/crimen-Walter-Campos-Villalobos-1.jpg?resize=100%2C150&amp;ssl=1 100w, https:\/\/i0.wp.com\/eltrabajo.cl\/portal\/wp-content\/uploads\/2018\/06\/crimen-Walter-Campos-Villalobos-1.jpg?resize=201%2C300&amp;ssl=1 201w, https:\/\/i0.wp.com\/eltrabajo.cl\/portal\/wp-content\/uploads\/2018\/06\/crimen-Walter-Campos-Villalobos-1.jpg?resize=400%2C598&amp;ssl=1 400w\" sizes=\"auto, (max-width: 579px) 100vw, 579px\" \/><figcaption id=\"caption-attachment-86967\" class=\"wp-caption-text\">Walter Sebasti\u00e1n Campos Villalobos 18), \u00fanico imputado por el crimen.<\/figcaption><\/figure>\n","protected":false},"excerpt":{"rendered":"<p>Presunto homicida que tendi\u00f3 trampa por drogas a adolescente arriesga 20 a\u00f1os de c\u00e1rcel Walter Sebasti\u00e1n Campos Villalobos fue formalizado ayer en Tribunales, quedando en prisi\u00f3n preventiva por homicidio calificado con alevos\u00eda&#8230;<\/p>\n","protected":false},"author":1,"featured_media":86964,"comment_status":"open","ping_status":"open","sticky":false,"template":"","format":"standard","meta":{"advanced_seo_description":"","jetpack_seo_html_title":"","jetpack_seo_noindex":false,"_jetpack_memberships_contains_paid_content":false,"footnotes":""},"categories":[21],"tags":[],"class_list":["post-86962","post","type-post","status-publish","format-standard","has-post-thumbnail","hentry","category-policial"],"jetpack_featured_media_url":"https:\/\/i0.wp.com\/eltrabajo.cl\/portal\/wp-content\/uploads\/2018\/06\/WALTER-CAMPOS-VILLALOBOS.jpg?fit=580%2C399&ssl=1","jetpack_sharing_enabled":true,"jetpack_likes_enabled":true,"jetpack-related-posts":[],"_links":{"self":[{"href":"https:\/\/eltrabajo.cl\/portal\/wp-json\/wp\/v2\/posts\/86962","targetHints":{"allow":["GET"]}}],"collection":[{"href":"https:\/\/eltrabajo.cl\/portal\/wp-json\/wp\/v2\/posts"}],"about":[{"href":"https:\/\/eltrabajo.cl\/portal\/wp-json\/wp\/v2\/types\/post"}],"author":[{"embeddable":true,"href":"https:\/\/eltrabajo.cl\/portal\/wp-json\/wp\/v2\/users\/1"}],"replies":[{"embeddable":true,"href":"https:\/\/eltrabajo.cl\/portal\/wp-json\/wp\/v2\/comments?post=86962"}],"version-history":[{"count":0,"href":"https:\/\/eltrabajo.cl\/portal\/wp-json\/wp\/v2\/posts\/86962\/revisions"}],"wp:featuredmedia":[{"embeddable":true,"href":"https:\/\/eltrabajo.cl\/portal\/wp-json\/wp\/v2\/media\/86964"}],"wp:attachment":[{"href":"https:\/\/eltrabajo.cl\/portal\/wp-json\/wp\/v2\/media?parent=86962"}],"wp:term":[{"taxonomy":"category","embeddable":true,"href":"https:\/\/eltrabajo.cl\/portal\/wp-json\/wp\/v2\/categories?post=86962"},{"taxonomy":"post_tag","embeddable":true,"href":"https:\/\/eltrabajo.cl\/portal\/wp-json\/wp\/v2\/tags?post=86962"}],"curies":[{"name":"wp","href":"https:\/\/api.w.org\/{rel}","templated":true}]}}