{"id":86977,"date":"2018-06-22T05:01:15","date_gmt":"2018-06-22T09:01:15","guid":{"rendered":"http:\/\/www.eltrabajo.cl\/2017\/?p=86977"},"modified":"2018-06-22T05:01:15","modified_gmt":"2018-06-22T09:01:15","slug":"christian-lovrincevich-pisa-el-acelerador-y-pone-objetivos-para-los-refuerzos-albirrojos","status":"publish","type":"post","link":"https:\/\/eltrabajo.cl\/portal\/christian-lovrincevich-pisa-el-acelerador-y-pone-objetivos-para-los-refuerzos-albirrojos\/","title":{"rendered":"Christian Lovrincevich pisa el acelerador y pone objetivos para los refuerzos albirrojos"},"content":{"rendered":"<figure id=\"attachment_86978\" aria-describedby=\"caption-attachment-86978\" style=\"width: 580px\" class=\"wp-caption alignnone\"><img data-recalc-dims=\"1\" loading=\"lazy\" decoding=\"async\" class=\"size-full wp-image-86978\" src=\"https:\/\/i0.wp.com\/www.eltrabajo.cl\/portal\/wp-content\/uploads\/2018\/06\/lovrincevich.jpg?resize=580%2C399\" alt=\"Desde esta semana Christian Lovrincevich cuenta con la colaboraci\u00f3n de Ariel Paolorossi en la conducci\u00f3n t\u00e9cnica del Un\u00ed Un\u00ed.\" width=\"580\" height=\"399\" srcset=\"https:\/\/i0.wp.com\/eltrabajo.cl\/portal\/wp-content\/uploads\/2018\/06\/lovrincevich.jpg?w=580&amp;ssl=1 580w, https:\/\/i0.wp.com\/eltrabajo.cl\/portal\/wp-content\/uploads\/2018\/06\/lovrincevich.jpg?resize=200%2C138&amp;ssl=1 200w, https:\/\/i0.wp.com\/eltrabajo.cl\/portal\/wp-content\/uploads\/2018\/06\/lovrincevich.jpg?resize=300%2C206&amp;ssl=1 300w, https:\/\/i0.wp.com\/eltrabajo.cl\/portal\/wp-content\/uploads\/2018\/06\/lovrincevich.jpg?resize=218%2C150&amp;ssl=1 218w, https:\/\/i0.wp.com\/eltrabajo.cl\/portal\/wp-content\/uploads\/2018\/06\/lovrincevich.jpg?resize=400%2C275&amp;ssl=1 400w\" sizes=\"auto, (max-width: 580px) 100vw, 580px\" \/><figcaption id=\"caption-attachment-86978\" class=\"wp-caption-text\">Desde esta semana Christian Lovrincevich cuenta con la colaboraci\u00f3n de Ariel Paolorossi en la conducci\u00f3n t\u00e9cnica del Un\u00ed Un\u00ed.<\/figcaption><\/figure>\n<p>Ayer se cumpli\u00f3 una semana exacta desde que arranc\u00f3 la Intertemporada de Uni\u00f3n San Felipe. Durante este corto periodo de tiempo se han dado novedades importantes, ya que se supo que el volante Mathias Crocco dej\u00f3 el plantel para ceder su cupo a Sebasti\u00e1n Riquelme y Franco Caballero, los hasta ahora \u00fanicos dos refuerzos que presenta la planilla sanfelipe\u00f1a.<br \/>\nOtra novedad interesante fue el arribo del t\u00e9cnico Ariel Paolorossi, el que despu\u00e9s de un largo y productivo recorrido por el f\u00fatbol formativo y profesional llega nuevamente a Uni\u00f3n San Felipe, con la misi\u00f3n de darle un plus extra al club.<br \/>\nRespecto a los nuevos rostros, el entrenador Christian Lovrincevich ray\u00f3 la cancha ya que, en el caso de los jugadores, dej\u00f3 muy claro cu\u00e1les ser\u00e1n las exigencias para Riquelme y Caballero. \u201cLos refuerzos deben aportar; pero s\u00ed, habr\u00e1 que tener claro que el futbolista extranjero que juegue en San Felipe, debe representar un salto de calidad y un compromiso extra. Se puede dar que por un tema de partido o forma de afrontarlo alguno de ellos deba quedar en el banco de suplentes, pero lo concreto es que deben marcar diferencias\u201d, afirm\u00f3 de manera muy clara, dejando tarea a los jugadores reci\u00e9n llegados.<br \/>\nEn cuanto a Ariel Paolorossi, su nuevo asistente de campo, el conductor t\u00e9cnico unionista se\u00f1al\u00f3 con mucho entusiasmo: \u201cEs un amigo y un gran profesional. Nos conocemos hace m\u00e1s de 20 a\u00f1os en distintos proyectos, as\u00ed que es una alegr\u00eda enorme el poder contar con \u00e9l, porque su llegada representa un salto de calidad para nuestro cuerpo t\u00e9cnico y el club\u201d.<br \/>\nEn un encuentro con los medios de prensa locales, el adiestrador argentino inform\u00f3 que la pr\u00f3xima semana su equipo jugar\u00e1 sus primeros dos partidos amistosos de Intertemporada, con rivales a\u00fan por definir.<\/p>\n","protected":false},"excerpt":{"rendered":"<p>Ayer se cumpli\u00f3 una semana exacta desde que arranc\u00f3 la Intertemporada de Uni\u00f3n San Felipe. Durante este corto periodo de tiempo se han dado novedades importantes, ya que se supo que el&#8230;<\/p>\n","protected":false},"author":1,"featured_media":86978,"comment_status":"open","ping_status":"open","sticky":false,"template":"","format":"standard","meta":{"advanced_seo_description":"","jetpack_seo_html_title":"","jetpack_seo_noindex":false,"_jetpack_memberships_contains_paid_content":false,"footnotes":""},"categories":[19],"tags":[],"class_list":["post-86977","post","type-post","status-publish","format-standard","has-post-thumbnail","hentry","category-deportes"],"jetpack_featured_media_url":"https:\/\/i0.wp.com\/eltrabajo.cl\/portal\/wp-content\/uploads\/2018\/06\/lovrincevich.jpg?fit=580%2C399&ssl=1","jetpack_sharing_enabled":true,"jetpack_likes_enabled":true,"jetpack-related-posts":[],"_links":{"self":[{"href":"https:\/\/eltrabajo.cl\/portal\/wp-json\/wp\/v2\/posts\/86977","targetHints":{"allow":["GET"]}}],"collection":[{"href":"https:\/\/eltrabajo.cl\/portal\/wp-json\/wp\/v2\/posts"}],"about":[{"href":"https:\/\/eltrabajo.cl\/portal\/wp-json\/wp\/v2\/types\/post"}],"author":[{"embeddable":true,"href":"https:\/\/eltrabajo.cl\/portal\/wp-json\/wp\/v2\/users\/1"}],"replies":[{"embeddable":true,"href":"https:\/\/eltrabajo.cl\/portal\/wp-json\/wp\/v2\/comments?post=86977"}],"version-history":[{"count":0,"href":"https:\/\/eltrabajo.cl\/portal\/wp-json\/wp\/v2\/posts\/86977\/revisions"}],"wp:featuredmedia":[{"embeddable":true,"href":"https:\/\/eltrabajo.cl\/portal\/wp-json\/wp\/v2\/media\/86978"}],"wp:attachment":[{"href":"https:\/\/eltrabajo.cl\/portal\/wp-json\/wp\/v2\/media?parent=86977"}],"wp:term":[{"taxonomy":"category","embeddable":true,"href":"https:\/\/eltrabajo.cl\/portal\/wp-json\/wp\/v2\/categories?post=86977"},{"taxonomy":"post_tag","embeddable":true,"href":"https:\/\/eltrabajo.cl\/portal\/wp-json\/wp\/v2\/tags?post=86977"}],"curies":[{"name":"wp","href":"https:\/\/api.w.org\/{rel}","templated":true}]}}