{"id":86980,"date":"2018-06-22T05:02:14","date_gmt":"2018-06-22T09:02:14","guid":{"rendered":"http:\/\/www.eltrabajo.cl\/2017\/?p=86980"},"modified":"2018-06-22T05:02:14","modified_gmt":"2018-06-22T09:02:14","slug":"el-domingo-se-realizara-la-quinta-version-del-encuentro-cestero-don-vite","status":"publish","type":"post","link":"https:\/\/eltrabajo.cl\/portal\/el-domingo-se-realizara-la-quinta-version-del-encuentro-cestero-don-vite\/","title":{"rendered":"El domingo se realizar\u00e1 la quinta versi\u00f3n del encuentro cestero \u2018Don Vite\u2019"},"content":{"rendered":"<figure id=\"attachment_86981\" aria-describedby=\"caption-attachment-86981\" style=\"width: 580px\" class=\"wp-caption alignnone\"><img data-recalc-dims=\"1\" loading=\"lazy\" decoding=\"async\" class=\"size-full wp-image-86981\" src=\"https:\/\/i0.wp.com\/www.eltrabajo.cl\/portal\/wp-content\/uploads\/2018\/06\/samuel-tapia.jpg?resize=580%2C395\" alt=\"Pasado ma\u00f1ana se realizar\u00e1 el quinto encuentro \u2018Don Vite\u2019 con el cual el b\u00e1squet aconcag\u00fcino recuerda a Samuel Tapia Guerrero.\" width=\"580\" height=\"395\" srcset=\"https:\/\/i0.wp.com\/eltrabajo.cl\/portal\/wp-content\/uploads\/2018\/06\/samuel-tapia.jpg?w=580&amp;ssl=1 580w, https:\/\/i0.wp.com\/eltrabajo.cl\/portal\/wp-content\/uploads\/2018\/06\/samuel-tapia.jpg?resize=200%2C136&amp;ssl=1 200w, https:\/\/i0.wp.com\/eltrabajo.cl\/portal\/wp-content\/uploads\/2018\/06\/samuel-tapia.jpg?resize=300%2C204&amp;ssl=1 300w, https:\/\/i0.wp.com\/eltrabajo.cl\/portal\/wp-content\/uploads\/2018\/06\/samuel-tapia.jpg?resize=220%2C150&amp;ssl=1 220w, https:\/\/i0.wp.com\/eltrabajo.cl\/portal\/wp-content\/uploads\/2018\/06\/samuel-tapia.jpg?resize=400%2C272&amp;ssl=1 400w\" sizes=\"auto, (max-width: 580px) 100vw, 580px\" \/><figcaption id=\"caption-attachment-86981\" class=\"wp-caption-text\">Pasado ma\u00f1ana se realizar\u00e1 el quinto encuentro \u2018Don Vite\u2019 con el cual el b\u00e1squet aconcag\u00fcino recuerda a Samuel Tapia Guerrero.<\/figcaption><\/figure>\n<p>Ya han pasado cinco a\u00f1os desde que Samuel Tapia Guerrero parti\u00f3 a la eternidad. El recordado ex directivo, jugador y t\u00e9cnico, dej\u00f3 una huella imborrable en el deporte de los cestos, tanto que, al poco tiempo de su partida, la Sala de Uso M\u00faltiple pas\u00f3 a llamarse gimnasio Samuel Tapia.<br \/>\nEste domingo, en el coliseo ubicado en las intersecciones de Tocornal con El\u00edas Juri, se realizar\u00e1 el quinto encuentro conmemorativo \u2018Don Vite\u2019, instancia en la cual la gran familia de los cestos aconcag\u00fcina, rendir\u00e1 un homenaje al recordado referente del deporte de esta extensa zona de la Quinta Regi\u00f3n.<br \/>\nEn definitiva, ocho ser\u00e1n los quintetos que animar\u00e1n una velada que promete ser muy entretenida, y cuya primera chicharra se har\u00e1 sentir a las diez y media de la ma\u00f1ana, para prolongarse por varias horas, ya que los jugadores rendir\u00e1n tributo a \u2018Don Vite\u2019 como a \u00e9l le gustaba: Jugando b\u00e1squetbol\u2026.<\/p>\n<p>Programaci\u00f3n, desde las 10:30 horas en adelante<br \/>\nCanguros \u2013 San Esteban; Sonic \u2013 Rinconada de Los Andes; F\u00e9nix \u2013 Belloto; Frutexport \u2013 San Felipe Basket.<\/p>\n","protected":false},"excerpt":{"rendered":"<p>Ya han pasado cinco a\u00f1os desde que Samuel Tapia Guerrero parti\u00f3 a la eternidad. El recordado ex directivo, jugador y t\u00e9cnico, dej\u00f3 una huella imborrable en el deporte de los cestos, tanto&#8230;<\/p>\n","protected":false},"author":1,"featured_media":86981,"comment_status":"open","ping_status":"open","sticky":false,"template":"","format":"standard","meta":{"advanced_seo_description":"","jetpack_seo_html_title":"","jetpack_seo_noindex":false,"_jetpack_memberships_contains_paid_content":false,"footnotes":""},"categories":[19],"tags":[],"class_list":["post-86980","post","type-post","status-publish","format-standard","has-post-thumbnail","hentry","category-deportes"],"jetpack_featured_media_url":"https:\/\/i0.wp.com\/eltrabajo.cl\/portal\/wp-content\/uploads\/2018\/06\/samuel-tapia.jpg?fit=580%2C395&ssl=1","jetpack_sharing_enabled":true,"jetpack_likes_enabled":true,"jetpack-related-posts":[],"_links":{"self":[{"href":"https:\/\/eltrabajo.cl\/portal\/wp-json\/wp\/v2\/posts\/86980","targetHints":{"allow":["GET"]}}],"collection":[{"href":"https:\/\/eltrabajo.cl\/portal\/wp-json\/wp\/v2\/posts"}],"about":[{"href":"https:\/\/eltrabajo.cl\/portal\/wp-json\/wp\/v2\/types\/post"}],"author":[{"embeddable":true,"href":"https:\/\/eltrabajo.cl\/portal\/wp-json\/wp\/v2\/users\/1"}],"replies":[{"embeddable":true,"href":"https:\/\/eltrabajo.cl\/portal\/wp-json\/wp\/v2\/comments?post=86980"}],"version-history":[{"count":0,"href":"https:\/\/eltrabajo.cl\/portal\/wp-json\/wp\/v2\/posts\/86980\/revisions"}],"wp:featuredmedia":[{"embeddable":true,"href":"https:\/\/eltrabajo.cl\/portal\/wp-json\/wp\/v2\/media\/86981"}],"wp:attachment":[{"href":"https:\/\/eltrabajo.cl\/portal\/wp-json\/wp\/v2\/media?parent=86980"}],"wp:term":[{"taxonomy":"category","embeddable":true,"href":"https:\/\/eltrabajo.cl\/portal\/wp-json\/wp\/v2\/categories?post=86980"},{"taxonomy":"post_tag","embeddable":true,"href":"https:\/\/eltrabajo.cl\/portal\/wp-json\/wp\/v2\/tags?post=86980"}],"curies":[{"name":"wp","href":"https:\/\/api.w.org\/{rel}","templated":true}]}}