{"id":86983,"date":"2018-06-22T05:03:21","date_gmt":"2018-06-22T09:03:21","guid":{"rendered":"http:\/\/www.eltrabajo.cl\/2017\/?p=86983"},"modified":"2018-06-22T05:03:21","modified_gmt":"2018-06-22T09:03:21","slug":"capturado-bajo-un-colchon-cuando-robaba-en-casa-donde-vive-su-ex-pareja","status":"publish","type":"post","link":"https:\/\/eltrabajo.cl\/portal\/capturado-bajo-un-colchon-cuando-robaba-en-casa-donde-vive-su-ex-pareja\/","title":{"rendered":"Capturado bajo un colch\u00f3n cuando robaba en casa donde vive su ex pareja"},"content":{"rendered":"<figure id=\"attachment_86984\" aria-describedby=\"caption-attachment-86984\" style=\"width: 580px\" class=\"wp-caption alignnone\"><img data-recalc-dims=\"1\" loading=\"lazy\" decoding=\"async\" class=\"size-full wp-image-86984\" src=\"https:\/\/i0.wp.com\/www.eltrabajo.cl\/portal\/wp-content\/uploads\/2018\/06\/robo-casa-Llay-Llay.jpg?resize=580%2C400\" alt=\"Carabineros incaut\u00f3 las especies que pretend\u00eda robar el imputado desde un domicilio de la poblaci\u00f3n Eliecer Estay en la comuna de Llay Llay.\" width=\"580\" height=\"400\" srcset=\"https:\/\/i0.wp.com\/eltrabajo.cl\/portal\/wp-content\/uploads\/2018\/06\/robo-casa-Llay-Llay.jpg?w=580&amp;ssl=1 580w, https:\/\/i0.wp.com\/eltrabajo.cl\/portal\/wp-content\/uploads\/2018\/06\/robo-casa-Llay-Llay.jpg?resize=200%2C138&amp;ssl=1 200w, https:\/\/i0.wp.com\/eltrabajo.cl\/portal\/wp-content\/uploads\/2018\/06\/robo-casa-Llay-Llay.jpg?resize=300%2C207&amp;ssl=1 300w, https:\/\/i0.wp.com\/eltrabajo.cl\/portal\/wp-content\/uploads\/2018\/06\/robo-casa-Llay-Llay.jpg?resize=218%2C150&amp;ssl=1 218w, https:\/\/i0.wp.com\/eltrabajo.cl\/portal\/wp-content\/uploads\/2018\/06\/robo-casa-Llay-Llay.jpg?resize=400%2C276&amp;ssl=1 400w\" sizes=\"auto, (max-width: 580px) 100vw, 580px\" \/><figcaption id=\"caption-attachment-86984\" class=\"wp-caption-text\">Carabineros incaut\u00f3 las especies que pretend\u00eda robar el imputado desde un domicilio de la poblaci\u00f3n Eliecer Estay en la comuna de Llay Llay.<\/figcaption><\/figure>\n<ul>\n<li><strong><span style=\"color: #ff0000;\">Imputado qued\u00f3 en prisi\u00f3n preventiva por orden del Tribunal:\u00a0<\/span>La Fiscal\u00eda lo formaliz\u00f3 por Robo en lugar habitado y Amenazas en contra de la v\u00edctima, argumentando adem\u00e1s que quebrant\u00f3 una medida judicial de Prohibici\u00f3n de acercarse a su exconviviente.<\/strong><\/li>\n<\/ul>\n<p>Carabineros de la Subcomisar\u00eda de Llay Llay captur\u00f3 a un sujeto al interior de un domicilio de Poblaci\u00f3n Eliecer Estay de esa comuna, tras descubrirse que hab\u00eda ingresado a robar especies a la casa donde vive actualmente su ex pareja, quien habr\u00eda sido amenazada por el acusado con un cuchillo.<br \/>\nEl relato de la v\u00edctima sostendr\u00eda que momentos antes observ\u00f3 a un desconocido merodeando la vivienda de propiedad de su actual pareja. En esos momentos alert\u00f3 de los hechos a Carabineros, solicitando la presencia de personal policial que concurri\u00f3 al lugar y se entrevist\u00f3 con la afectada.<br \/>\nSeg\u00fan su declaraci\u00f3n, detalla que al regresar al domicilio se encontr\u00f3 de frente con su expareja, quien cargaba una mochila con diversas mercader\u00edas, manteniendo entre sus manos un cuchillo con el cual la amenaz\u00f3.<br \/>\nLa v\u00edctima consternada huy\u00f3 de inmediato hacia la v\u00eda p\u00fablica, en donde se encontraba a\u00fan los funcionarios de Carabineros, indic\u00e1ndoles que su ex pareja hab\u00eda ingresado en forma clandestina para robar especies.<br \/>\nLos carabineros, al ingresar al inmueble encontraron la mochila con las mercader\u00edas y distintas herramientas de propiedad del due\u00f1o de casa, logrando capturar al ladr\u00f3n, quien se hab\u00eda ocultado bajo un colch\u00f3n, manteniendo en su poder el cuchillo con el que habr\u00eda intimidado a su ex conviviente.<br \/>\nSeg\u00fan las diligencias policiales, el sujeto, para acceder hasta la vivienda, habr\u00eda realizado un forado en la techumbre, permiti\u00e9ndole ingresar hasta el domicilio.<br \/>\nEl imputado fue identificado con las iniciales S.P.C.D., quien registra siete detenciones por violencia intrafamiliar y agresiones, siendo derivado hasta el Juzgado de Garant\u00eda de San Felipe donde fue formalizado por el fiscal Alejandro Bustos Ibarra por el delito de Robo en lugar habitado y Amenazas.<br \/>\nDurante la audiencia de formalizaci\u00f3n de cargos, la Fiscal\u00eda argument\u00f3 que el imputado quebrant\u00f3 la medida judicial de Prohibici\u00f3n de acercarse a la v\u00edctima, solicitando a este tribunal la medida cautelar de Prisi\u00f3n Preventiva por representar un peligro para la v\u00edctima y el resto de la sociedad.<br \/>\n<strong>Pablo Salinas Sald\u00edas<\/strong><\/p>\n","protected":false},"excerpt":{"rendered":"<p>Imputado qued\u00f3 en prisi\u00f3n preventiva por orden del Tribunal:\u00a0La Fiscal\u00eda lo formaliz\u00f3 por Robo en lugar habitado y Amenazas en contra de la v\u00edctima, argumentando adem\u00e1s que quebrant\u00f3 una medida judicial de&#8230;<\/p>\n","protected":false},"author":1,"featured_media":86984,"comment_status":"open","ping_status":"open","sticky":false,"template":"","format":"standard","meta":{"advanced_seo_description":"","jetpack_seo_html_title":"","jetpack_seo_noindex":false,"_jetpack_memberships_contains_paid_content":false,"footnotes":""},"categories":[21],"tags":[],"class_list":["post-86983","post","type-post","status-publish","format-standard","has-post-thumbnail","hentry","category-policial"],"jetpack_featured_media_url":"https:\/\/i0.wp.com\/eltrabajo.cl\/portal\/wp-content\/uploads\/2018\/06\/robo-casa-Llay-Llay.jpg?fit=580%2C400&ssl=1","jetpack_sharing_enabled":true,"jetpack_likes_enabled":true,"jetpack-related-posts":[],"_links":{"self":[{"href":"https:\/\/eltrabajo.cl\/portal\/wp-json\/wp\/v2\/posts\/86983","targetHints":{"allow":["GET"]}}],"collection":[{"href":"https:\/\/eltrabajo.cl\/portal\/wp-json\/wp\/v2\/posts"}],"about":[{"href":"https:\/\/eltrabajo.cl\/portal\/wp-json\/wp\/v2\/types\/post"}],"author":[{"embeddable":true,"href":"https:\/\/eltrabajo.cl\/portal\/wp-json\/wp\/v2\/users\/1"}],"replies":[{"embeddable":true,"href":"https:\/\/eltrabajo.cl\/portal\/wp-json\/wp\/v2\/comments?post=86983"}],"version-history":[{"count":0,"href":"https:\/\/eltrabajo.cl\/portal\/wp-json\/wp\/v2\/posts\/86983\/revisions"}],"wp:featuredmedia":[{"embeddable":true,"href":"https:\/\/eltrabajo.cl\/portal\/wp-json\/wp\/v2\/media\/86984"}],"wp:attachment":[{"href":"https:\/\/eltrabajo.cl\/portal\/wp-json\/wp\/v2\/media?parent=86983"}],"wp:term":[{"taxonomy":"category","embeddable":true,"href":"https:\/\/eltrabajo.cl\/portal\/wp-json\/wp\/v2\/categories?post=86983"},{"taxonomy":"post_tag","embeddable":true,"href":"https:\/\/eltrabajo.cl\/portal\/wp-json\/wp\/v2\/tags?post=86983"}],"curies":[{"name":"wp","href":"https:\/\/api.w.org\/{rel}","templated":true}]}}