{"id":86986,"date":"2018-06-22T05:04:52","date_gmt":"2018-06-22T09:04:52","guid":{"rendered":"http:\/\/www.eltrabajo.cl\/2017\/?p=86986"},"modified":"2018-06-22T05:04:52","modified_gmt":"2018-06-22T09:04:52","slug":"tres-delincuentes-irrumpen-en-vivienda-mientras-su-propietario-dormia","status":"publish","type":"post","link":"https:\/\/eltrabajo.cl\/portal\/tres-delincuentes-irrumpen-en-vivienda-mientras-su-propietario-dormia\/","title":{"rendered":"Tres delincuentes irrumpen en vivienda mientras su propietario dorm\u00eda"},"content":{"rendered":"<figure id=\"attachment_86987\" aria-describedby=\"caption-attachment-86987\" style=\"width: 580px\" class=\"wp-caption alignnone\"><img data-recalc-dims=\"1\" loading=\"lazy\" decoding=\"async\" class=\"size-full wp-image-86987\" src=\"https:\/\/i0.wp.com\/www.eltrabajo.cl\/portal\/wp-content\/uploads\/2018\/06\/DETENIDO-ROBO-SANTA-MARIA.jpg?resize=580%2C398\" alt=\"El imputado de 51 a\u00f1os de edad cuenta con amplio prontuario delictual, siendo detenido por Carabineros de la Tenencia de Santa Mar\u00eda por robo en lugar habitado.\" width=\"580\" height=\"398\" srcset=\"https:\/\/i0.wp.com\/eltrabajo.cl\/portal\/wp-content\/uploads\/2018\/06\/DETENIDO-ROBO-SANTA-MARIA.jpg?w=580&amp;ssl=1 580w, https:\/\/i0.wp.com\/eltrabajo.cl\/portal\/wp-content\/uploads\/2018\/06\/DETENIDO-ROBO-SANTA-MARIA.jpg?resize=200%2C137&amp;ssl=1 200w, https:\/\/i0.wp.com\/eltrabajo.cl\/portal\/wp-content\/uploads\/2018\/06\/DETENIDO-ROBO-SANTA-MARIA.jpg?resize=300%2C206&amp;ssl=1 300w, https:\/\/i0.wp.com\/eltrabajo.cl\/portal\/wp-content\/uploads\/2018\/06\/DETENIDO-ROBO-SANTA-MARIA.jpg?resize=219%2C150&amp;ssl=1 219w, https:\/\/i0.wp.com\/eltrabajo.cl\/portal\/wp-content\/uploads\/2018\/06\/DETENIDO-ROBO-SANTA-MARIA.jpg?resize=400%2C274&amp;ssl=1 400w\" sizes=\"auto, (max-width: 580px) 100vw, 580px\" \/><figcaption id=\"caption-attachment-86987\" class=\"wp-caption-text\">El imputado de 51 a\u00f1os de edad cuenta con amplio prontuario delictual, siendo detenido por Carabineros de la Tenencia de Santa Mar\u00eda por robo en lugar habitado.<\/figcaption><\/figure>\n<ul>\n<li><strong><span style=\"color: #ff0000;\">Carabineros de Santa Mar\u00eda captura a uno de ellos:\u00a0<\/span>V\u00edctima despert\u00f3 por los ruidos producidos por los antisociales que pretend\u00edan apoderarse de sus especies. La polic\u00eda uniformada, al concurrir al lugar, logr\u00f3 reducir a uno de ellos, recuperando un tel\u00e9fono celular y un parlante.<\/strong><\/li>\n<\/ul>\n<p>Un delincuente de 51 a\u00f1os de edad fue detenido como uno de los tres autores del delito de robo de especies desde el interior de una vivienda ubicada en calle Mendocita de la comuna de Santa Mar\u00eda, hecho ocurrido la madrugada de ayer jueves y que fue descubierto por el propietario del inmueble que a esa hora dorm\u00eda y que despert\u00f3 sobresaltado por los ruidos provocados por los delincuentes.<br \/>\nCarabineros de la Tenencia de Santa Mar\u00eda concurri\u00f3 hasta el sitio del suceso luego del llamado telef\u00f3nico de auxilio efectuado por el due\u00f1o de casa, alrededor de la una de la madrugada, quien indic\u00f3 que tres sujetos desconocidos se encontraban dentro de su inmueble, a quienes hab\u00eda descubierto debido a los ruidos generados que lo despertaron, quienes se encontraban en la parte posterior de la casa.<br \/>\nEl testimonio del afectado continu\u00f3 proporcionando la descripci\u00f3n f\u00edsica y vestimentas de uno de ellos, quienes se habr\u00edan apoderado de algunas especies, temiendo enfrentarlos debido a la superioridad num\u00e9rica.<br \/>\nA los pocos minutos Carabineros, al arribar hasta el domicilio, habr\u00eda observado a un sujeto salir desde la reja del antejard\u00edn del domicilio, quien al advertir la presencia policial huy\u00f3 a gran velocidad, siendo retenido a los pocos metros.<br \/>\nEste sujeto, al ser fiscalizado, manten\u00eda entre sus vestimentas un tel\u00e9fono celular y un parlante bajo el brazo. La v\u00edctima, al acercarse hasta la patrulla de Carabineros, reconoci\u00f3 las especies como de su propiedad.<br \/>\nEl imputado fue identificado como Javier V.E., de 51 a\u00f1os de edad, domiciliado en la comuna de Putaendo, quien cuenta con 13 detenciones por delitos de robo, entre otros, quedando a disposici\u00f3n de la Fiscal\u00eda por robo en lugar habitado.<br \/>\n<strong>Pablo Salinas Sald\u00edas<\/strong><\/p>\n","protected":false},"excerpt":{"rendered":"<p>Carabineros de Santa Mar\u00eda captura a uno de ellos:\u00a0V\u00edctima despert\u00f3 por los ruidos producidos por los antisociales que pretend\u00edan apoderarse de sus especies. La polic\u00eda uniformada, al concurrir al lugar, logr\u00f3 reducir&#8230;<\/p>\n","protected":false},"author":1,"featured_media":86987,"comment_status":"open","ping_status":"open","sticky":false,"template":"","format":"standard","meta":{"advanced_seo_description":"","jetpack_seo_html_title":"","jetpack_seo_noindex":false,"_jetpack_memberships_contains_paid_content":false,"footnotes":""},"categories":[21],"tags":[],"class_list":["post-86986","post","type-post","status-publish","format-standard","has-post-thumbnail","hentry","category-policial"],"jetpack_featured_media_url":"https:\/\/i0.wp.com\/eltrabajo.cl\/portal\/wp-content\/uploads\/2018\/06\/DETENIDO-ROBO-SANTA-MARIA.jpg?fit=580%2C398&ssl=1","jetpack_sharing_enabled":true,"jetpack_likes_enabled":true,"jetpack-related-posts":[],"_links":{"self":[{"href":"https:\/\/eltrabajo.cl\/portal\/wp-json\/wp\/v2\/posts\/86986","targetHints":{"allow":["GET"]}}],"collection":[{"href":"https:\/\/eltrabajo.cl\/portal\/wp-json\/wp\/v2\/posts"}],"about":[{"href":"https:\/\/eltrabajo.cl\/portal\/wp-json\/wp\/v2\/types\/post"}],"author":[{"embeddable":true,"href":"https:\/\/eltrabajo.cl\/portal\/wp-json\/wp\/v2\/users\/1"}],"replies":[{"embeddable":true,"href":"https:\/\/eltrabajo.cl\/portal\/wp-json\/wp\/v2\/comments?post=86986"}],"version-history":[{"count":0,"href":"https:\/\/eltrabajo.cl\/portal\/wp-json\/wp\/v2\/posts\/86986\/revisions"}],"wp:featuredmedia":[{"embeddable":true,"href":"https:\/\/eltrabajo.cl\/portal\/wp-json\/wp\/v2\/media\/86987"}],"wp:attachment":[{"href":"https:\/\/eltrabajo.cl\/portal\/wp-json\/wp\/v2\/media?parent=86986"}],"wp:term":[{"taxonomy":"category","embeddable":true,"href":"https:\/\/eltrabajo.cl\/portal\/wp-json\/wp\/v2\/categories?post=86986"},{"taxonomy":"post_tag","embeddable":true,"href":"https:\/\/eltrabajo.cl\/portal\/wp-json\/wp\/v2\/tags?post=86986"}],"curies":[{"name":"wp","href":"https:\/\/api.w.org\/{rel}","templated":true}]}}