{"id":86989,"date":"2018-06-22T05:05:15","date_gmt":"2018-06-22T09:05:15","guid":{"rendered":"http:\/\/www.eltrabajo.cl\/2017\/?p=86989"},"modified":"2018-06-22T05:05:15","modified_gmt":"2018-06-22T09:05:15","slug":"familiares-denuncian-a-profesor-por-acoso-sexual-contra-alumna-de-14-anos","status":"publish","type":"post","link":"https:\/\/eltrabajo.cl\/portal\/familiares-denuncian-a-profesor-por-acoso-sexual-contra-alumna-de-14-anos\/","title":{"rendered":"Familiares denuncian a profesor por acoso sexual contra alumna de 14 a\u00f1os"},"content":{"rendered":"<figure id=\"attachment_86990\" aria-describedby=\"caption-attachment-86990\" style=\"width: 580px\" class=\"wp-caption alignnone\"><img data-recalc-dims=\"1\" loading=\"lazy\" decoding=\"async\" class=\"size-full wp-image-86990\" src=\"https:\/\/i0.wp.com\/www.eltrabajo.cl\/portal\/wp-content\/uploads\/2018\/06\/Liceo-Marin-Fritis.jpg?resize=580%2C400\" alt=\"Frontis del Liceo Manuel Mar\u00edn Fritis de Putaendo, en cuyo interior se habr\u00eda desarrollado la situaci\u00f3n que dio pie a la denuncia por acoso sexual.\" width=\"580\" height=\"400\" srcset=\"https:\/\/i0.wp.com\/eltrabajo.cl\/portal\/wp-content\/uploads\/2018\/06\/Liceo-Marin-Fritis.jpg?w=580&amp;ssl=1 580w, https:\/\/i0.wp.com\/eltrabajo.cl\/portal\/wp-content\/uploads\/2018\/06\/Liceo-Marin-Fritis.jpg?resize=200%2C138&amp;ssl=1 200w, https:\/\/i0.wp.com\/eltrabajo.cl\/portal\/wp-content\/uploads\/2018\/06\/Liceo-Marin-Fritis.jpg?resize=300%2C207&amp;ssl=1 300w, https:\/\/i0.wp.com\/eltrabajo.cl\/portal\/wp-content\/uploads\/2018\/06\/Liceo-Marin-Fritis.jpg?resize=218%2C150&amp;ssl=1 218w, https:\/\/i0.wp.com\/eltrabajo.cl\/portal\/wp-content\/uploads\/2018\/06\/Liceo-Marin-Fritis.jpg?resize=400%2C276&amp;ssl=1 400w\" sizes=\"auto, (max-width: 580px) 100vw, 580px\" \/><figcaption id=\"caption-attachment-86990\" class=\"wp-caption-text\">Frontis del Liceo Manuel Mar\u00edn Fritis de Putaendo, en cuyo interior se habr\u00eda desarrollado la situaci\u00f3n que dio pie a la denuncia por acoso sexual.<\/figcaption><\/figure>\n<ul>\n<li><span style=\"color: #ff0000;\"><strong>Liceo Manuel Mar\u00edn Fritis de Putaendo:\u00a0Docente le habr\u00eda acariciado el rostro y el cabello e invitado a juntarse despu\u00e9s de clases.<\/strong><\/span><\/li>\n<\/ul>\n<p>Este lunes en la tarde, en la Tenencia de Carabineros de Putaendo, se recibi\u00f3 una denuncia por parte de los padres de una menor de 14 a\u00f1os, estudiante del Liceo Manuel Mar\u00edn Fritis, en contra de un profesor de ese establecimiento por acoso sexual.<br \/>\nAs\u00ed lo confirm\u00f3 a nuestro medio el Jefe de Tenencia de Carabineros de esa comuna, Teniente Marcelo Gonz\u00e1lez: \u00abS\u00ed, el lunes reci\u00e9n pasado, en horas de la tarde, recibimos esta denuncia de una menor de 14 a\u00f1os, la cual habr\u00eda sido v\u00edctima de un acoso sexual por parte de un profesor durante la jornada escolar, por lo cual se remitieron los antecedentes a la fiscal\u00eda de San Felipe para que se inicie una investigaci\u00f3n al respecto\u00bb, indic\u00f3 el oficial.<br \/>\n<strong>&#8211; Teniente \u00bfcu\u00e1les son las circunstancias del hecho?<\/strong><br \/>\n&#8211; Al finalizar la clase, la alumna se acerca al profesor para realizarle algunas consultas, ya estando los dos solos en la sala de clases, el profesor comienza a insinuarle ciertas cosas, como por ejemplo que se junten despu\u00e9s de clases los dos y hacer unas caricias en su rostro y en su cabello, esto en el fondo gatill\u00f3 que la menor saliera llorando de la sala de clases y posteriormente finaliz\u00f3 en la denuncia formal a Carabineros.<br \/>\n<strong>&#8211; \u00bfLa menor le cuenta a alg\u00fan familiar para hacer la denuncia?<\/strong><br \/>\n&#8211; Claro, ella le cuenta a sus pap\u00e1s, una vez que sale de clases y ambos se acercan a Carabineros a hacer la denuncia.<br \/>\n<strong>&#8211; \u00bfEl hecho ocurre dentro de la sala de clases?, porque apareci\u00f3 en un medio digital que fue en una c\u00e9ntrica calle de Putaendo donde hab\u00edan quedado de acuerdo en reunirse.<\/strong><br \/>\n&#8211; Claro, eso fue lo que el profesor le hab\u00eda manifestado a la alumna, pero eso finalmente no se concret\u00f3. La alumna inmediatamente despu\u00e9s de salir de clases, de salir del colegio, le cuenta a sus pap\u00e1s lo sucedido, esta junta despu\u00e9s del horario de clases no se concreta, a lo menos eso es que se narr\u00f3 en la denuncia.<br \/>\n<strong>&#8211; Teniente, en ese sentido, \u00bfestuvo bien la menor en contarles a sus padres, hacer la denuncia de inmediato?<\/strong><br \/>\n&#8211; S\u00ed, por supuesto, los pap\u00e1s en este caso juegan un papel clave, en generar la confianza necesaria con sus hijos, ense\u00f1arles correctamente, ense\u00f1arles cu\u00e1les son los l\u00edmites que deben tener los profesores con ellos, y naturalmente ante un hecho de estas caracter\u00edsticas, alertar de forma inmediata a Carabineros o la polic\u00eda para dar cuenta en forma inmediata a la fiscal\u00eda, y tambi\u00e9n para informar al establecimiento sobre lo que est\u00e1 sucediendo con determinado docente. El actuar de la menor fue el correcto, el indicado, y claramente ac\u00e1 se evit\u00f3 una situaci\u00f3n mayor hacia la menor.<br \/>\n<strong>&#8211; \u00bfEn este caso solo fue denuncia, no se detuvo al profesor?<\/strong><br \/>\n&#8211; No, en este caso solamente se dio cuenta a la fiscal\u00eda mediante una denuncia para que se inicie la investigaci\u00f3n, no hubo detenido en este procedimiento.<br \/>\n<strong>&#8211; \u00bfPor qu\u00e9 no hubo detenido?<\/strong><br \/>\n&#8211; Una porque el profesor ya no se encontraba en el establecimiento al momento en que se hizo la denuncia, una vez que Carabineros se dirigi\u00f3 al establecimiento precisamente para entrevistarse con el profesor, pero como le dec\u00eda, ya no se encontraba, y como se sabe Carabineros tiene ciertas horas para proceder a la detenci\u00f3n; ese fue el inconveniente que hubo, pero lo importante es que el denunciado est\u00e1 plenamente identificado y si es que se llegase a comprobar la veracidad de lo que est\u00e1 ocurriendo, por lo menos ya se sabe qui\u00e9n es e incluso donde trabaja, que es el colegio.<br \/>\n<strong>&#8211; \u00bfEl liceo Manuel Mar\u00edn Fritis tengo entendido?<\/strong><br \/>\n&#8211; Claro.<br \/>\n<strong>&#8211; Teniente esta denuncia est\u00e1 tipificada \u00bfc\u00f3mo acoso sexual o abuso sexual?<\/strong><br \/>\n&#8211; En primera instancia ser\u00eda un acoso sexual, pero en el transcurso de la investigaci\u00f3n puede reformularse, pero en primera instancia ser\u00eda un acoso sexual.<br \/>\nLa edad del profesor es de 26 a\u00f1os aproximadamente.<br \/>\nDe acuerdo a fuentes extraoficiales, el propio profesor denunciado le comunic\u00f3 el mismo d\u00eda al Director del Liceo Manuel Mar\u00edn Fritis que estaba siendo acusado de acoso sexual por parte de una estudiante. De acuerdo a los protocolos con los que cuenta el establecimiento para este tipo de casos, se inici\u00f3 una investigaci\u00f3n interna para determinar la veracidad de la acusaci\u00f3n, mientras que la estudiante est\u00e1 siendo apoyada por el equipo psicosocial del liceo. En tanto, el profesor aludido se encuentra con permiso administrativo.<br \/>\nDe confirmarse la informaci\u00f3n denunciada por la estudiante, el establecimiento deber\u00e1 realizar la denuncia ante el Ministerio P\u00fablico.<\/p>\n","protected":false},"excerpt":{"rendered":"<p>Liceo Manuel Mar\u00edn Fritis de Putaendo:\u00a0Docente le habr\u00eda acariciado el rostro y el cabello e invitado a juntarse despu\u00e9s de clases. Este lunes en la tarde, en la Tenencia de Carabineros de&#8230;<\/p>\n","protected":false},"author":1,"featured_media":86990,"comment_status":"open","ping_status":"open","sticky":false,"template":"","format":"standard","meta":{"advanced_seo_description":"","jetpack_seo_html_title":"","jetpack_seo_noindex":false,"_jetpack_memberships_contains_paid_content":false,"footnotes":""},"categories":[21],"tags":[],"class_list":["post-86989","post","type-post","status-publish","format-standard","has-post-thumbnail","hentry","category-policial"],"jetpack_featured_media_url":"https:\/\/i0.wp.com\/eltrabajo.cl\/portal\/wp-content\/uploads\/2018\/06\/Liceo-Marin-Fritis.jpg?fit=580%2C400&ssl=1","jetpack_sharing_enabled":true,"jetpack_likes_enabled":true,"jetpack-related-posts":[],"_links":{"self":[{"href":"https:\/\/eltrabajo.cl\/portal\/wp-json\/wp\/v2\/posts\/86989","targetHints":{"allow":["GET"]}}],"collection":[{"href":"https:\/\/eltrabajo.cl\/portal\/wp-json\/wp\/v2\/posts"}],"about":[{"href":"https:\/\/eltrabajo.cl\/portal\/wp-json\/wp\/v2\/types\/post"}],"author":[{"embeddable":true,"href":"https:\/\/eltrabajo.cl\/portal\/wp-json\/wp\/v2\/users\/1"}],"replies":[{"embeddable":true,"href":"https:\/\/eltrabajo.cl\/portal\/wp-json\/wp\/v2\/comments?post=86989"}],"version-history":[{"count":0,"href":"https:\/\/eltrabajo.cl\/portal\/wp-json\/wp\/v2\/posts\/86989\/revisions"}],"wp:featuredmedia":[{"embeddable":true,"href":"https:\/\/eltrabajo.cl\/portal\/wp-json\/wp\/v2\/media\/86990"}],"wp:attachment":[{"href":"https:\/\/eltrabajo.cl\/portal\/wp-json\/wp\/v2\/media?parent=86989"}],"wp:term":[{"taxonomy":"category","embeddable":true,"href":"https:\/\/eltrabajo.cl\/portal\/wp-json\/wp\/v2\/categories?post=86989"},{"taxonomy":"post_tag","embeddable":true,"href":"https:\/\/eltrabajo.cl\/portal\/wp-json\/wp\/v2\/tags?post=86989"}],"curies":[{"name":"wp","href":"https:\/\/api.w.org\/{rel}","templated":true}]}}