{"id":86997,"date":"2018-06-25T05:01:45","date_gmt":"2018-06-25T09:01:45","guid":{"rendered":"http:\/\/www.eltrabajo.cl\/2017\/?p=86997"},"modified":"2018-06-25T05:01:45","modified_gmt":"2018-06-25T09:01:45","slug":"son-ya-cuatro-sacerdotes-de-san-felipe-condenados-por-abuso-sexual","status":"publish","type":"post","link":"https:\/\/eltrabajo.cl\/portal\/son-ya-cuatro-sacerdotes-de-san-felipe-condenados-por-abuso-sexual\/","title":{"rendered":"Son ya cuatro sacerdotes de San Felipe condenados por Abuso sexual"},"content":{"rendered":"<figure id=\"attachment_86998\" aria-describedby=\"caption-attachment-86998\" style=\"width: 580px\" class=\"wp-caption alignnone\"><img data-recalc-dims=\"1\" loading=\"lazy\" decoding=\"async\" class=\"size-full wp-image-86998\" src=\"https:\/\/i0.wp.com\/www.eltrabajo.cl\/portal\/wp-content\/uploads\/2018\/06\/Condenados_Cristian-Contreras.jpg?resize=580%2C399\" alt=\"Monse\u00f1or Cristian Contreras Molina, el 19 de julio de 2002, S.S.\u00a0Juan Pablo II\u00a0lo design\u00f3 VII Obispo de\u00a0San Felipe de Aconcagua, tomando posesi\u00f3n de la Di\u00f3cesis el 25 de agosto.\" width=\"580\" height=\"399\" srcset=\"https:\/\/i0.wp.com\/eltrabajo.cl\/portal\/wp-content\/uploads\/2018\/06\/Condenados_Cristian-Contreras.jpg?w=580&amp;ssl=1 580w, https:\/\/i0.wp.com\/eltrabajo.cl\/portal\/wp-content\/uploads\/2018\/06\/Condenados_Cristian-Contreras.jpg?resize=200%2C138&amp;ssl=1 200w, https:\/\/i0.wp.com\/eltrabajo.cl\/portal\/wp-content\/uploads\/2018\/06\/Condenados_Cristian-Contreras.jpg?resize=300%2C206&amp;ssl=1 300w, https:\/\/i0.wp.com\/eltrabajo.cl\/portal\/wp-content\/uploads\/2018\/06\/Condenados_Cristian-Contreras.jpg?resize=218%2C150&amp;ssl=1 218w, https:\/\/i0.wp.com\/eltrabajo.cl\/portal\/wp-content\/uploads\/2018\/06\/Condenados_Cristian-Contreras.jpg?resize=400%2C275&amp;ssl=1 400w\" sizes=\"auto, (max-width: 580px) 100vw, 580px\" \/><figcaption id=\"caption-attachment-86998\" class=\"wp-caption-text\">Monse\u00f1or Cristian Contreras Molina, el 19 de julio de 2002, S.S.\u00a0Juan Pablo II\u00a0lo design\u00f3 VII Obispo de\u00a0San Felipe de Aconcagua, tomando posesi\u00f3n de la Di\u00f3cesis el 25 de agosto.<\/figcaption><\/figure>\n<ul>\n<li><span style=\"color: #ff0000;\"><strong>Tanto por la justicia civil y la can\u00f3nica:<\/strong><\/span><\/li>\n<\/ul>\n<p>D\u00edas atr\u00e1s apareci\u00f3 en un medio nacional la lista de los sacerdotes condenados por abusos contra menores, en esa lista que fue entregada por la conferencia episcopal de Chile aparecen cuatro sacerdotes que ejercieron en la di\u00f3cesis de San Felipe; Ren\u00e9 Benavides, Francisco Valenzuela Sanhueza, Juan Carlos Orellana Acu\u00f1a y Julio Ra\u00fal Inostroza Caro, todos condenados por la Iglesia y por la Justicia. .<br \/>\nEn conversaci\u00f3n con nuestro medio el obispo de San Felipe, Monse\u00f1or Cristian Contreras Molina, detall\u00f3 cada caso de los sacerdotes, indicando que la lista a la cual hace menci\u00f3n el medio y que habr\u00eda salido de la conferencia episcopal la envi\u00f3 \u00e9l, \u00abbueno, yo lo he dicho, es m\u00e1s de alguna oportunidad y no me complica repetirlo, que desgraciadamente nosotros aqu\u00ed tuvimos varios casos de sacerdotes acusados y que de acuerdo al protocolo de la Iglesia se sigui\u00f3 tal cual\u00bb, se\u00f1al\u00f3.<br \/>\nA continuaci\u00f3n detall\u00f3 cada caso; Ren\u00e9 Benavides, sacerdote encadenado en esta di\u00f3cesis, su caso se vio solamente en el \u00e1mbito can\u00f3nico, por la tanto la Iglesia lo expuls\u00f3 de su estado clerical en diciembre del 2013.<br \/>\nEn el caso de Francisco Valenzuela Sanhueza, tambi\u00e9n encadenado a esta di\u00f3cesis, su caso fue visto en el \u00e1mbito can\u00f3nico y en el civil, donde fue acusado de abuso de una menor, la sanci\u00f3n fue cumplida en el \u00e1mbito can\u00f3nico, fue expulsado del ministerio y en \u00e1mbito civil todos sabemos que ya lleva como ocho a\u00f1os cumpliendo una pena de 15 a\u00f1os en la c\u00e1rcel de San Felipe.<br \/>\nDespu\u00e9s el caso de Juan Carlos Orellana Acu\u00f1a, sacerdote de esta di\u00f3cesis, su caso fue llevado al \u00e1mbito civil y el can\u00f3nico, el delito por el cual se le sancion\u00f3 fue Abuso Sexual Impropio y eventualmente Estupro en contra de una menor de 17 a\u00f1os, la chica estaba por cumplir 18 a\u00f1os, era alumna del colegio. Recibida la denuncia el Obispo inici\u00f3 una investigaci\u00f3n previa, removi\u00e9ndolo de la parroquia y suspendi\u00e9ndolo del ministerio, \u00abtengo el decreto donde se hizo toda esa tramitaci\u00f3n, por recomendaci\u00f3n de la Congregaci\u00f3n para la doctrina de la Fe a la cual se acude cuando se trata del abuso de un menor, a m\u00ed me instruyeron para que realizara un proceso penal administrativo, ese proceso termin\u00f3 con la aplicaci\u00f3n de medidas medicinales por tres a\u00f1os, dentro de ellas \u00e9l deb\u00eda estar tres a\u00f1os viviendo con otros sacerdotes, no ejerciendo el ministerio sacerdotal sin ning\u00fan encargo pastoral, es decir sin ser p\u00e1rroco ni vicario, no tener contacto con menores, no confesar a menores, tener una Misa diaria privada o dando apoyo a alguna residencia de adultos mayores, en t\u00e9rminos civiles fue declarado culpable y condenado a cuatro a\u00f1os de c\u00e1rcel con pena remitida por Abuso Sexual Impropio, eso es lo que pas\u00f3 con \u00e9l, aqu\u00ed debo decir que hubo sanci\u00f3n de parte de la justicia civil y tambi\u00e9n de la iglesia\u00bb, indic\u00f3 Contreras.<br \/>\nEl cuanto al caso Julio Ra\u00fal Inostroza Caro, tambi\u00e9n encadenado en esta di\u00f3cesis, \u00abeste sacerdote solamente fue juzgado por la Iglesia, digo esto porque si viene alguien a plantearme una acusaci\u00f3n yo le voy a decir que tomo nota de esto y en cuanto a lo que se refiere a la iglesia, de inmediato voy a proceder a investigar los hechos y si esos hechos me parecen veros\u00edmil voy a hacer una investigaci\u00f3n mucho m\u00e1s profunda, pero de inmediato lo voy a remover del cargo que tiene o lo voy a suspender a objeto que la investigaci\u00f3n sea transparente, eso se hizo en la denuncia del Padre Inostroza, se procedi\u00f3 a esa investigaci\u00f3n, yo lo remov\u00ed de la Parroquia Andacollo, lo suspend\u00ed del ministerio, a que se le dice a la persona que viene a plantear una acusaci\u00f3n mire usted est\u00e1 en su derecho y yo quiero que lo haga, vaya de inmediato a la fiscal\u00eda y eso es as\u00ed, yo le voy a aconsejar que vaya a la fiscal\u00eda, porque debiera y hay que hacerlo, en el caso del sacerdote Inostroza se le sancion\u00f3 por Abusos Deshonestos y las medidas fueron por tres a\u00f1os se cumplieron, ahora que pas\u00f3 con este sacerdote cuando ocurri\u00f3 esto estaba por cumplir 75 a\u00f1os, al cumplir las medidas que se le impusieron que las cumpli\u00f3 viviendo en su casa que no est\u00e1 en San Felipe, al final \u00e9l no regres\u00f3 m\u00e1s y en este instante no est\u00e1 ejerciendo el ministerio\u00bb.<br \/>\n<strong>&#8211; Monse\u00f1or se dijo por parte de una periodista de un medio nacional, que dos personas hab\u00edan solicitado entrevista con monse\u00f1or Scicluna para dar a conocer dos nuevos casos de abuso por parte de sacerdotes de esta di\u00f3cesis \u00bfqu\u00e9 sabe de eso?<\/strong><br \/>\n&#8211; En absoluto no, en relaci\u00f3n con lo que usted me pregunta, que es bastante serio, no tengo ninguna, ninguna informaci\u00f3n al respecto, bueno est\u00e1n apareciendo tantas cosas hoy d\u00eda en los medios que hay que estar siempre muy atento y se ocurriere algo, ya le dije cuales son los pasos a seguir.<br \/>\n<strong>&#8211; Es decir, \u00bfen ese sentido usted aconseja a la v\u00edctima concurrir al Ministerio P\u00fablico?<\/strong><br \/>\n&#8211; Siempre a toda vista se le aconseja, se le pide y yo dir\u00eda que se le obliga, porque hoy d\u00eda se trata de que ning\u00fan caso, ninguno quede impune, los procesos tienen que seguir un cauce normal y r\u00e1pido para hacer la justicia lo m\u00e1s pronto posible.<br \/>\n<strong>&#8211; Monse\u00f1or \u00bfqu\u00e9 ha pasado con usted luego que pusiera su cargo a disposici\u00f3n del Papa Francisco, ha tenido alguna respuesta, porque se han ido tres obispos, Duarte, Caro y Barros? <\/strong><br \/>\n&#8211; Estoy como todos los obispos de Chile, si me pregunta a m\u00ed, reitero lo que he dicho, estoy en San Felipe por muchos a\u00f1os yo dir\u00eda con el cari\u00f1o de mucha gente, el pueblo de Dios el pueblo sencillo est\u00e1 muy cerca del Obispo y yo muy cerca de ellos, yo me siento muy contento de atravesar la plaza de San Felipe y que los lavadores de auto digan \u2018adi\u00f3s, chao Padre Cristian\u2019, eso es como sentirme sacerdote, pastor y no solamente ellos, yo creo que desde que soy Obispo de San Felipe y lo dije, cuando asum\u00ed quer\u00eda ser un pastor de todos y para todos, nadie podr\u00eda decir que este obispo es elitista, es decir, que tiene un grupo seleccionado a quien visita y donde se refugia, yo creo que mi refugio est\u00e1 en Dios, esa es mi vocaci\u00f3n y mi refugio, aunque parezca para algunos populista, mi refugio es el de los pobres, porque con ellos puedo compartir, tranquilamente una taza de t\u00e9 y en esa taza de t\u00e9 compartir sus dolores y esperanzas.<\/p>\n","protected":false},"excerpt":{"rendered":"<p>Tanto por la justicia civil y la can\u00f3nica: D\u00edas atr\u00e1s apareci\u00f3 en un medio nacional la lista de los sacerdotes condenados por abusos contra menores, en esa lista que fue entregada por&#8230;<\/p>\n","protected":false},"author":1,"featured_media":86998,"comment_status":"open","ping_status":"open","sticky":false,"template":"","format":"standard","meta":{"advanced_seo_description":"","jetpack_seo_html_title":"","jetpack_seo_noindex":false,"_jetpack_memberships_contains_paid_content":false,"footnotes":""},"categories":[1],"tags":[],"class_list":["post-86997","post","type-post","status-publish","format-standard","has-post-thumbnail","hentry","category-cronica"],"jetpack_featured_media_url":"https:\/\/i0.wp.com\/eltrabajo.cl\/portal\/wp-content\/uploads\/2018\/06\/Condenados_Cristian-Contreras.jpg?fit=580%2C399&ssl=1","jetpack_sharing_enabled":true,"jetpack_likes_enabled":true,"jetpack-related-posts":[],"_links":{"self":[{"href":"https:\/\/eltrabajo.cl\/portal\/wp-json\/wp\/v2\/posts\/86997","targetHints":{"allow":["GET"]}}],"collection":[{"href":"https:\/\/eltrabajo.cl\/portal\/wp-json\/wp\/v2\/posts"}],"about":[{"href":"https:\/\/eltrabajo.cl\/portal\/wp-json\/wp\/v2\/types\/post"}],"author":[{"embeddable":true,"href":"https:\/\/eltrabajo.cl\/portal\/wp-json\/wp\/v2\/users\/1"}],"replies":[{"embeddable":true,"href":"https:\/\/eltrabajo.cl\/portal\/wp-json\/wp\/v2\/comments?post=86997"}],"version-history":[{"count":0,"href":"https:\/\/eltrabajo.cl\/portal\/wp-json\/wp\/v2\/posts\/86997\/revisions"}],"wp:featuredmedia":[{"embeddable":true,"href":"https:\/\/eltrabajo.cl\/portal\/wp-json\/wp\/v2\/media\/86998"}],"wp:attachment":[{"href":"https:\/\/eltrabajo.cl\/portal\/wp-json\/wp\/v2\/media?parent=86997"}],"wp:term":[{"taxonomy":"category","embeddable":true,"href":"https:\/\/eltrabajo.cl\/portal\/wp-json\/wp\/v2\/categories?post=86997"},{"taxonomy":"post_tag","embeddable":true,"href":"https:\/\/eltrabajo.cl\/portal\/wp-json\/wp\/v2\/tags?post=86997"}],"curies":[{"name":"wp","href":"https:\/\/api.w.org\/{rel}","templated":true}]}}