{"id":87009,"date":"2018-06-26T05:00:54","date_gmt":"2018-06-26T09:00:54","guid":{"rendered":"http:\/\/www.eltrabajo.cl\/2017\/?p=87009"},"modified":"2018-06-26T05:00:54","modified_gmt":"2018-06-26T09:00:54","slug":"anuncian-11-nuevas-camaras-de-televigilancia-para-el-centro-de-la-comuna","status":"publish","type":"post","link":"https:\/\/eltrabajo.cl\/portal\/anuncian-11-nuevas-camaras-de-televigilancia-para-el-centro-de-la-comuna\/","title":{"rendered":"Anuncian 11 nuevas c\u00e1maras de televigilancia para el centro de la comuna"},"content":{"rendered":"<figure id=\"attachment_87011\" aria-describedby=\"caption-attachment-87011\" style=\"width: 579px\" class=\"wp-caption alignnone\"><img data-recalc-dims=\"1\" loading=\"lazy\" decoding=\"async\" class=\"size-full wp-image-87011\" src=\"https:\/\/i0.wp.com\/www.eltrabajo.cl\/portal\/wp-content\/uploads\/2018\/06\/c%C3%A1maras-de-televigilacion.jpg?resize=579%2C443\" alt=\"En la imagen se puede apreciar el emplazamiento que tendr\u00e1n las nuevas c\u00e1maras.\" width=\"579\" height=\"443\" srcset=\"https:\/\/i0.wp.com\/eltrabajo.cl\/portal\/wp-content\/uploads\/2018\/06\/c%C3%A1maras-de-televigilacion.jpg?w=579&amp;ssl=1 579w, https:\/\/i0.wp.com\/eltrabajo.cl\/portal\/wp-content\/uploads\/2018\/06\/c%C3%A1maras-de-televigilacion.jpg?resize=196%2C150&amp;ssl=1 196w, https:\/\/i0.wp.com\/eltrabajo.cl\/portal\/wp-content\/uploads\/2018\/06\/c%C3%A1maras-de-televigilacion.jpg?resize=300%2C230&amp;ssl=1 300w, https:\/\/i0.wp.com\/eltrabajo.cl\/portal\/wp-content\/uploads\/2018\/06\/c%C3%A1maras-de-televigilacion.jpg?resize=400%2C306&amp;ssl=1 400w\" sizes=\"auto, (max-width: 579px) 100vw, 579px\" \/><figcaption id=\"caption-attachment-87011\" class=\"wp-caption-text\">En la imagen se puede apreciar el emplazamiento que tendr\u00e1n las nuevas c\u00e1maras.<\/figcaption><\/figure>\n<ul>\n<li><span style=\"color: #ff0000;\"><strong>Dispositivos, que alcanzan m\u00e1s de $191 millones, vendr\u00e1n a reforzar el trabajo que ya se realiza con las ocho que actualmente funcionan en diversas arterias.<\/strong><\/span><\/li>\n<\/ul>\n<p>Once nuevas c\u00e1maras de seguridad ser\u00e1n instaladas en el centro de San Felipe, las que vendr\u00e1n a reforzar el trabajo policial y se unir\u00e1n a las ocho ya existentes. As\u00ed lo confirm\u00f3 este lunes, el alcalde Patricio Freire, quien se reuni\u00f3 con el gobernador Claudio Rodr\u00edguez y el mayor H\u00e9ctor Soto, comisario de Carabineros, para informarles sobre los lugares donde se ubicar\u00e1n estos dispositivos que significar\u00e1n un importante avance en la pol\u00edtica de seguridad p\u00fablica que ha implementado la actual administraci\u00f3n municipal.<br \/>\nLa presentaci\u00f3n, que se realiz\u00f3 en la Plaza de Armas, cont\u00f3 con un mapa en el que se grafica la posici\u00f3n de las actuales c\u00e1maras (en color verde) y cu\u00e1l ser\u00e1 la distribuci\u00f3n de las nuevas (color magenta), las que se colocar\u00e1n en gran parte de las extensiones de Toromazote, Santo Domingo, Traslavi\u00f1a y O\u00b4Higgins.<br \/>\n\u00abQuisiera agradecer al Gobierno Regional, porque este proyecto se financia gracias a la circular 33. Adem\u00e1s, logramos la adjudicaci\u00f3n de 3 camionetas de seguridad para la comuna. Justamente en esto estamos trabajando, junto con el gobernador, para implementar mayores medidas de seguridad para nuestros vecinos. Porque somos un San Felipe que avanza y progresa en cada uno de los factores\u00bb, sostuvo el alcalde Patricio Freire.<br \/>\nEste proyecto vendr\u00e1 a complementar el Plan Comunal de Seguridad P\u00fablica y tendr\u00e1 un costo de inversi\u00f3n que supera los $191 millones, financiado a trav\u00e9s del Gobierno Regional, por lo que se espera que para finales del mes de julio ya est\u00e9n en pleno funcionamiento. A esto se suma la adquisici\u00f3n de tres camionetas de seguridad con recursos que tambi\u00e9n fueron aprobados por el Gore a trav\u00e9s de la circular 33. Todas estas iniciativas fueron coordinadas con las instituciones policiales y apuntan precisamente a apoyar su labor en el damero central.<br \/>\n\u00abPara carabineros resulta importante y de gran ayuda este proyecto de instalaci\u00f3n de c\u00e1maras. Entendemos que ser\u00e1 positivo en t\u00e9rminos de prevenci\u00f3n. Esto se logr\u00f3 gracias a las coordinaciones con la Municipalidad y la Gobernaci\u00f3n, donde se identificaron los puntos, se levant\u00f3 informaci\u00f3n estad\u00edstica y se concret\u00f3 justamente en los lugares que se\u00f1ala el mapa. Estamos muy contentos\u00bb, se\u00f1al\u00f3 el Mayor de Carabineros, H\u00e9ctor Soto.<br \/>\nEn tanto, el gobernador Claudio Rodr\u00edguez valor\u00f3 esta iniciativa, manifestando que se trata de proyectos que permiten aumentar la sensaci\u00f3n de seguridad para todos los sanfelipe\u00f1os.<\/p>\n<p><strong><span style=\"color: #ff0000;\">UBICACI\u00d3N DE C\u00c1MARAS<\/span><\/strong><br \/>\nEste proyecto contempla que las once nuevas c\u00e1maras se ubicar\u00e1n en los siguientes sectores:<br \/>\n1. Av. Maip\u00fa con Av. Chacabuco: emplazada en Enc\u00f3n con Avenida Maip\u00fa, en bandej\u00f3n central (\u00e1rea de m\u00e1stiles) con orientaci\u00f3n de domo hacia el oriente sobre acera.<br \/>\n2. Av. Yungay con Av. Chacabuco: Emplazada en el bandej\u00f3n central de Avenida Miraflores con Avenida Yungay, con domo ubicado sobre \u00e1rea de bandej\u00f3n Avenida Miraflores.<br \/>\n3. Av. Yungay con Av. O\u2019Higgins: C\u00e1mara Domo: En el bandej\u00f3n central de Avenida Libertador Bernardo O\u2018Higgins en intersecci\u00f3n de Avenida Yungay, esquina surponiente.<br \/>\n4. Av. Maip\u00fa con Av. O Higgins: Emplazada en Tacna Norte con Avenida Libertador Bernardo O\u2019Higgins, en bandej\u00f3n central frente a la Segunda Compa\u00f1\u00eda de Bomberos, esquina norte.<br \/>\n5. Traslavi\u00f1a con Santo Domingo: Se ubicar\u00e1 en la intersecci\u00f3n de calle Traslavi\u00f1a con calle Santo Domingo, esquina norponiente, con domo ubicado sobre eje de calzada Santo Domingo en diagonal nororiente.<br \/>\n6. Merced con Traslavi\u00f1a: Instalada en la intersecci\u00f3n de calle Merced con la diagonal surponiente.<br \/>\n7. Santo Domingo con Salinas: Ubicada en la intersecci\u00f3n de calle Santo Domingo con calle Salinas, esquina surponiente.<br \/>\n8. Portus con Santo Domingo: Ubicada en la intersecci\u00f3n de calle Santo Domingo con calle Portus.<br \/>\n9. Arturo Prat con Toro Mazote: Se ubicar\u00e1 en la intersecci\u00f3n de calle Arturo Prat con calle Toromazote, esquina surponiente.<br \/>\n10. Merced con Toro Mazote: Estar\u00e1 emplazada en la intersecci\u00f3n de calle Merced con calle Toromazote, esquina norponiente.<br \/>\n11. Santo Domingo con Toro Mazote: Se instalar\u00e1 en intersecci\u00f3n Santo Domingo con Torormazote, esquina sur poniente.<\/p>\n<figure id=\"attachment_87012\" aria-describedby=\"caption-attachment-87012\" style=\"width: 578px\" class=\"wp-caption alignnone\"><img data-recalc-dims=\"1\" loading=\"lazy\" decoding=\"async\" class=\"size-full wp-image-87012\" src=\"https:\/\/i0.wp.com\/www.eltrabajo.cl\/portal\/wp-content\/uploads\/2018\/06\/camaras.jpg?resize=578%2C325\" alt=\"El alcalde Patricio Freire junto al gobernador Claudio Rodr\u00edguez y el comisario de Carabineros, Mayor H\u00e9ctor Soto, revisan los lugares donde se ubicar\u00e1n las nuevas c\u00e1maras.\" width=\"578\" height=\"325\" srcset=\"https:\/\/i0.wp.com\/eltrabajo.cl\/portal\/wp-content\/uploads\/2018\/06\/camaras.jpg?w=578&amp;ssl=1 578w, https:\/\/i0.wp.com\/eltrabajo.cl\/portal\/wp-content\/uploads\/2018\/06\/camaras.jpg?resize=200%2C112&amp;ssl=1 200w, https:\/\/i0.wp.com\/eltrabajo.cl\/portal\/wp-content\/uploads\/2018\/06\/camaras.jpg?resize=300%2C169&amp;ssl=1 300w, https:\/\/i0.wp.com\/eltrabajo.cl\/portal\/wp-content\/uploads\/2018\/06\/camaras.jpg?resize=267%2C150&amp;ssl=1 267w, https:\/\/i0.wp.com\/eltrabajo.cl\/portal\/wp-content\/uploads\/2018\/06\/camaras.jpg?resize=400%2C225&amp;ssl=1 400w\" sizes=\"auto, (max-width: 578px) 100vw, 578px\" \/><figcaption id=\"caption-attachment-87012\" class=\"wp-caption-text\">El alcalde Patricio Freire junto al gobernador Claudio Rodr\u00edguez y el comisario de Carabineros, Mayor H\u00e9ctor Soto, revisan los lugares donde se ubicar\u00e1n las nuevas c\u00e1maras.<\/figcaption><\/figure>\n","protected":false},"excerpt":{"rendered":"<p>Dispositivos, que alcanzan m\u00e1s de $191 millones, vendr\u00e1n a reforzar el trabajo que ya se realiza con las ocho que actualmente funcionan en diversas arterias. Once nuevas c\u00e1maras de seguridad ser\u00e1n instaladas&#8230;<\/p>\n","protected":false},"author":1,"featured_media":87012,"comment_status":"open","ping_status":"open","sticky":false,"template":"","format":"standard","meta":{"advanced_seo_description":"","jetpack_seo_html_title":"","jetpack_seo_noindex":false,"_jetpack_memberships_contains_paid_content":false,"footnotes":""},"categories":[1],"tags":[],"class_list":["post-87009","post","type-post","status-publish","format-standard","has-post-thumbnail","hentry","category-cronica"],"jetpack_featured_media_url":"https:\/\/i0.wp.com\/eltrabajo.cl\/portal\/wp-content\/uploads\/2018\/06\/camaras.jpg?fit=578%2C325&ssl=1","jetpack_sharing_enabled":true,"jetpack_likes_enabled":true,"jetpack-related-posts":[],"_links":{"self":[{"href":"https:\/\/eltrabajo.cl\/portal\/wp-json\/wp\/v2\/posts\/87009","targetHints":{"allow":["GET"]}}],"collection":[{"href":"https:\/\/eltrabajo.cl\/portal\/wp-json\/wp\/v2\/posts"}],"about":[{"href":"https:\/\/eltrabajo.cl\/portal\/wp-json\/wp\/v2\/types\/post"}],"author":[{"embeddable":true,"href":"https:\/\/eltrabajo.cl\/portal\/wp-json\/wp\/v2\/users\/1"}],"replies":[{"embeddable":true,"href":"https:\/\/eltrabajo.cl\/portal\/wp-json\/wp\/v2\/comments?post=87009"}],"version-history":[{"count":0,"href":"https:\/\/eltrabajo.cl\/portal\/wp-json\/wp\/v2\/posts\/87009\/revisions"}],"wp:featuredmedia":[{"embeddable":true,"href":"https:\/\/eltrabajo.cl\/portal\/wp-json\/wp\/v2\/media\/87012"}],"wp:attachment":[{"href":"https:\/\/eltrabajo.cl\/portal\/wp-json\/wp\/v2\/media?parent=87009"}],"wp:term":[{"taxonomy":"category","embeddable":true,"href":"https:\/\/eltrabajo.cl\/portal\/wp-json\/wp\/v2\/categories?post=87009"},{"taxonomy":"post_tag","embeddable":true,"href":"https:\/\/eltrabajo.cl\/portal\/wp-json\/wp\/v2\/tags?post=87009"}],"curies":[{"name":"wp","href":"https:\/\/api.w.org\/{rel}","templated":true}]}}