{"id":87014,"date":"2018-06-26T05:01:31","date_gmt":"2018-06-26T09:01:31","guid":{"rendered":"http:\/\/www.eltrabajo.cl\/2017\/?p=87014"},"modified":"2018-06-26T05:01:31","modified_gmt":"2018-06-26T09:01:31","slug":"jorge-ovalle-gana-oro-en-el-lanzamiento-de-la-jabalina-en-valparaiso","status":"publish","type":"post","link":"https:\/\/eltrabajo.cl\/portal\/jorge-ovalle-gana-oro-en-el-lanzamiento-de-la-jabalina-en-valparaiso\/","title":{"rendered":"Jorge Ovalle gana oro en el lanzamiento de la Jabalina en Valpara\u00edso"},"content":{"rendered":"<figure id=\"attachment_87015\" aria-describedby=\"caption-attachment-87015\" style=\"width: 579px\" class=\"wp-caption alignnone\"><img data-recalc-dims=\"1\" loading=\"lazy\" decoding=\"async\" class=\"size-full wp-image-87015\" src=\"https:\/\/i0.wp.com\/www.eltrabajo.cl\/portal\/wp-content\/uploads\/2018\/06\/jorge-ovalle-en-el-master-de-valpo.jpg?resize=579%2C299\" alt=\"Una actuaci\u00f3n sobresaliente en el Zonal Centro realizado en Valpara\u00edso. El atleta Jorge Ovalle gan\u00f3 medalla de oro en la Jabalina.\" width=\"579\" height=\"299\" srcset=\"https:\/\/i0.wp.com\/eltrabajo.cl\/portal\/wp-content\/uploads\/2018\/06\/jorge-ovalle-en-el-master-de-valpo.jpg?w=579&amp;ssl=1 579w, https:\/\/i0.wp.com\/eltrabajo.cl\/portal\/wp-content\/uploads\/2018\/06\/jorge-ovalle-en-el-master-de-valpo.jpg?resize=200%2C103&amp;ssl=1 200w, https:\/\/i0.wp.com\/eltrabajo.cl\/portal\/wp-content\/uploads\/2018\/06\/jorge-ovalle-en-el-master-de-valpo.jpg?resize=300%2C155&amp;ssl=1 300w, https:\/\/i0.wp.com\/eltrabajo.cl\/portal\/wp-content\/uploads\/2018\/06\/jorge-ovalle-en-el-master-de-valpo.jpg?resize=290%2C150&amp;ssl=1 290w, https:\/\/i0.wp.com\/eltrabajo.cl\/portal\/wp-content\/uploads\/2018\/06\/jorge-ovalle-en-el-master-de-valpo.jpg?resize=400%2C207&amp;ssl=1 400w\" sizes=\"auto, (max-width: 579px) 100vw, 579px\" \/><figcaption id=\"caption-attachment-87015\" class=\"wp-caption-text\">Una actuaci\u00f3n sobresaliente en el Zonal Centro realizado en Valpara\u00edso. El atleta Jorge Ovalle gan\u00f3 medalla de oro en la Jabalina.<\/figcaption><\/figure>\n<p>Entre el s\u00e1bado 23 y domingo 24 del presente mes, en el estadio El\u00edas Figueroa de Valpara\u00edso, se disput\u00f3 el torneo Zonal Centro M\u00e1ster de Atletismo, un evento que cont\u00f3 con la participaci\u00f3n de m\u00e1s de 200 atletas de las regiones Metropolitana, Quinta y algunas del sur del pa\u00eds.<br \/>\nTal como fue semanas atr\u00e1s en el Zonal Norte, el atleta sanfelipe\u00f1o Jorge Ovalle, cumpli\u00f3 una m\u00e1s que destacada actuaci\u00f3n al lograr medallas en todas las pruebas en que particip\u00f3, convirti\u00e9ndose en uno de los competidores m\u00e1s destacados de toda la cita deportiva.<br \/>\nJorge Ovalle consigui\u00f3 sendas preseas de plata en los lanzamientos de la Bala y Disco, mientras que subi\u00f3 a lo m\u00e1s alto del podio en el lanzamiento de la Jabalina. \u201cFue un torneo de gran nivel, ya que hab\u00eda campeones nacionales, adem\u00e1s compitieron los de la Universidad Cat\u00f3lica que son referentes en el pa\u00eds en este tipo de competencias, por lo que fue muy dura la competencia, a lo que hab\u00eda que sumar el factor clim\u00e1tico debido a que hizo mucho fr\u00edo, y eso tiende a condicionar el rendimiento\u201d, explic\u00f3 el lanzador m\u00e1ster a El Trabajo Deportivo.<br \/>\nPese a su gran presentaci\u00f3n, Jorge Ovalle dej\u00f3 entrever que puede rendir m\u00e1s: \u201cNo es lo mejor que tengo, pero en el contexto general puedo decir que estoy conforme porque me proyect\u00f3 bien para lo que se vendr\u00e1 hacia el futuro\u201d, culmin\u00f3.<\/p>\n","protected":false},"excerpt":{"rendered":"<p>Entre el s\u00e1bado 23 y domingo 24 del presente mes, en el estadio El\u00edas Figueroa de Valpara\u00edso, se disput\u00f3 el torneo Zonal Centro M\u00e1ster de Atletismo, un evento que cont\u00f3 con la&#8230;<\/p>\n","protected":false},"author":1,"featured_media":87015,"comment_status":"open","ping_status":"open","sticky":false,"template":"","format":"standard","meta":{"advanced_seo_description":"","jetpack_seo_html_title":"","jetpack_seo_noindex":false,"_jetpack_memberships_contains_paid_content":false,"footnotes":""},"categories":[19],"tags":[],"class_list":["post-87014","post","type-post","status-publish","format-standard","has-post-thumbnail","hentry","category-deportes"],"jetpack_featured_media_url":"https:\/\/i0.wp.com\/eltrabajo.cl\/portal\/wp-content\/uploads\/2018\/06\/jorge-ovalle-en-el-master-de-valpo.jpg?fit=579%2C299&ssl=1","jetpack_sharing_enabled":true,"jetpack_likes_enabled":true,"jetpack-related-posts":[],"_links":{"self":[{"href":"https:\/\/eltrabajo.cl\/portal\/wp-json\/wp\/v2\/posts\/87014","targetHints":{"allow":["GET"]}}],"collection":[{"href":"https:\/\/eltrabajo.cl\/portal\/wp-json\/wp\/v2\/posts"}],"about":[{"href":"https:\/\/eltrabajo.cl\/portal\/wp-json\/wp\/v2\/types\/post"}],"author":[{"embeddable":true,"href":"https:\/\/eltrabajo.cl\/portal\/wp-json\/wp\/v2\/users\/1"}],"replies":[{"embeddable":true,"href":"https:\/\/eltrabajo.cl\/portal\/wp-json\/wp\/v2\/comments?post=87014"}],"version-history":[{"count":0,"href":"https:\/\/eltrabajo.cl\/portal\/wp-json\/wp\/v2\/posts\/87014\/revisions"}],"wp:featuredmedia":[{"embeddable":true,"href":"https:\/\/eltrabajo.cl\/portal\/wp-json\/wp\/v2\/media\/87015"}],"wp:attachment":[{"href":"https:\/\/eltrabajo.cl\/portal\/wp-json\/wp\/v2\/media?parent=87014"}],"wp:term":[{"taxonomy":"category","embeddable":true,"href":"https:\/\/eltrabajo.cl\/portal\/wp-json\/wp\/v2\/categories?post=87014"},{"taxonomy":"post_tag","embeddable":true,"href":"https:\/\/eltrabajo.cl\/portal\/wp-json\/wp\/v2\/tags?post=87014"}],"curies":[{"name":"wp","href":"https:\/\/api.w.org\/{rel}","templated":true}]}}