{"id":87017,"date":"2018-06-26T05:02:01","date_gmt":"2018-06-26T09:02:01","guid":{"rendered":"http:\/\/www.eltrabajo.cl\/2017\/?p=87017"},"modified":"2018-06-26T05:02:01","modified_gmt":"2018-06-26T09:02:01","slug":"inauguran-obras-de-pavimentacion-circunvalacion-san-ignacio-en-llay-llay","status":"publish","type":"post","link":"https:\/\/eltrabajo.cl\/portal\/inauguran-obras-de-pavimentacion-circunvalacion-san-ignacio-en-llay-llay\/","title":{"rendered":"Inauguran obras de pavimentaci\u00f3n Circunvalaci\u00f3n San Ignacio en Llay Llay"},"content":{"rendered":"<figure id=\"attachment_87019\" aria-describedby=\"caption-attachment-87019\" style=\"width: 579px\" class=\"wp-caption alignnone\"><img data-recalc-dims=\"1\" loading=\"lazy\" decoding=\"async\" class=\"size-full wp-image-87019\" src=\"https:\/\/i0.wp.com\/www.eltrabajo.cl\/portal\/wp-content\/uploads\/2018\/06\/Autoridades-001-1.jpg?resize=579%2C365\" alt=\"La actividad fue encabezada por el alcalde Edgardo Gonz\u00e1lez y otras autoridades como los consejeros regionales Rolando Stevenson, Mario Sottolichio e Iv\u00e1n Reyes, y los concejales de Llay Llay, Jos\u00e9 Alfredo Fuentes y Mario Marillanca.\" width=\"579\" height=\"365\" srcset=\"https:\/\/i0.wp.com\/eltrabajo.cl\/portal\/wp-content\/uploads\/2018\/06\/Autoridades-001-1.jpg?w=579&amp;ssl=1 579w, https:\/\/i0.wp.com\/eltrabajo.cl\/portal\/wp-content\/uploads\/2018\/06\/Autoridades-001-1.jpg?resize=200%2C126&amp;ssl=1 200w, https:\/\/i0.wp.com\/eltrabajo.cl\/portal\/wp-content\/uploads\/2018\/06\/Autoridades-001-1.jpg?resize=300%2C189&amp;ssl=1 300w, https:\/\/i0.wp.com\/eltrabajo.cl\/portal\/wp-content\/uploads\/2018\/06\/Autoridades-001-1.jpg?resize=238%2C150&amp;ssl=1 238w, https:\/\/i0.wp.com\/eltrabajo.cl\/portal\/wp-content\/uploads\/2018\/06\/Autoridades-001-1.jpg?resize=400%2C252&amp;ssl=1 400w\" sizes=\"auto, (max-width: 579px) 100vw, 579px\" \/><figcaption id=\"caption-attachment-87019\" class=\"wp-caption-text\">La actividad fue encabezada por el alcalde Edgardo Gonz\u00e1lez y otras autoridades como los consejeros regionales Rolando Stevenson, Mario Sottolichio e Iv\u00e1n Reyes, y los concejales de Llay Llay, Jos\u00e9 Alfredo Fuentes y Mario Marillanca.<\/figcaption><\/figure>\n<ul>\n<li><span style=\"color: #ff0000;\"><strong>Primer hito de obras de pavimentaci\u00f3n del hist\u00f3rico camino que lleva al cementerio de la comuna.<\/strong><\/span><\/li>\n<\/ul>\n<p><strong>LLAY LLAY.-<\/strong> La ma\u00f1ana de este viernes 22 de junio el alcalde de Llay Llay, Edgardo Gonz\u00e1lez Arancibia, encabez\u00f3 la inauguraci\u00f3n oficial del primer hito de obras de pavimentaci\u00f3n en calle Circunvalaci\u00f3n San Ignacio de la comuna. Una actividad que cont\u00f3 con la presencia de distintas autoridades: Los consejeros regionales de la provincia de San Felipe, Rolando Stevenson Velasco, Mario Sottolichio Urquiza e Iv\u00e1n Reyes Figueroa; los concejales de la comuna de Llay Llay, Jos\u00e9 Alfredo Fuentes Luco y Mario Marillanca Ram\u00edrez, quienes participaron de la actividad de reconocimiento e inspecci\u00f3n de los trabajos en terreno.<br \/>\nSe trata del primer hito de obras correspondientes al proyecto que comprende el mejoramiento de pavimentaci\u00f3n en el sector de Santa Teresa, que abarca la calle Circunvalaci\u00f3n San Ignacio entre calle San Ignacio y calle Santa Teresa, y la calle San Ignacio que comienza desde Circunvalaci\u00f3n San Ignacio hasta calle Letelier Vald\u00e9s. Un camino conocido por la poblaci\u00f3n de la comuna como la principal v\u00eda para llegar al Cementerio municipal, uno de los lugares m\u00e1s concurridos por las familias de Llay Llay durante todo el a\u00f1o.<br \/>\nUna obra de pavimentaci\u00f3n que abarca m\u00e1s de un kil\u00f3metro y medio de distancia, 8.000 m2 de asfalto y 3.000 m2 de hormig\u00f3n, parte de un proyecto que comprende una inversi\u00f3n total superior a los 1.000 millones de pesos, los que fueron financiados a trav\u00e9s del Fondo Nacional de Desarrollo Regional (FNDR) gracias a la aprobaci\u00f3n del Consejo Regional de la Provincia de San Felipe. Cabe destacar que la creaci\u00f3n y postulaci\u00f3n de dicho proyecto se realiz\u00f3 a trav\u00e9s de la direcci\u00f3n de Secplac de la I. Municipalidad de Llay Llay, cuyo avance ser\u00e1 fiscalizado por la Direcci\u00f3n de Obras Municipales hasta diciembre, mes en que se estima estar\u00e1n completadas las obras de pavimentaci\u00f3n.<br \/>\nLos miembros del Consejo Regional de la provincia de San Felipe expresaron su emoci\u00f3n respecto al inicio de trabajos en el sector. Rolando Stevenson destac\u00f3 la gesti\u00f3n del municipio en cuanto a los proyectos: \u201cEsta municipalidad se gana los proyectos porque tiene una gran capacidad de reacci\u00f3n, tanto en sus equipos de Secplac como en los equipos institucionales en su totalidad\u201d. Mario Sottolichio, en tanto, destac\u00f3 la importancia del rol de la ciudadan\u00eda en la concreci\u00f3n de estas obras: \u201cNosotros como Consejo hacemos parte del trabajo, pero es la ciudadan\u00eda quien hace la parte m\u00e1s importante plante\u00e1ndole a las autoridades locales sus necesidades, ya que son esas autoridades las que se encargan de desarrollar estos proyectos\u201d. Iv\u00e1n Reyes, por su parte, se refiri\u00f3 a la labor del Consejo Regional: \u201cHoy estamos dando el puntapi\u00e9 inicial a una obra que viene a mejorar la calidad de vida de los vecinos de Llay Llay y esa es la tarea a la que nosotros como Consejo Regional nos abocamos, buscando el bienestar de la ciudadan\u00eda\u201d, indic\u00f3 la autoridad.<br \/>\nAl respecto, el alcalde Edgardo Gonz\u00e1lez se mostr\u00f3 complacido con el primer avance de lo que llam\u00f3 una mega obra para la comuna: \u201cEsta es una tremenda inversi\u00f3n para el desarrollo de la comuna que mejorar\u00e1 su conectividad, condiciones y desplazamiento de los miles de llaylla\u00ednos que se vinculan con el cementerio\u201d, concluy\u00f3 el edil.<\/p>\n<figure id=\"attachment_87018\" aria-describedby=\"caption-attachment-87018\" style=\"width: 579px\" class=\"wp-caption alignnone\"><img data-recalc-dims=\"1\" loading=\"lazy\" decoding=\"async\" class=\"size-full wp-image-87018\" src=\"https:\/\/i0.wp.com\/www.eltrabajo.cl\/portal\/wp-content\/uploads\/2018\/06\/Alcalde-Edgardo-Gonzalez-y-vecina-del-sector.jpg?resize=579%2C387\" alt=\"El primer hito de obras corresponde a calle Circunvalaci\u00f3n San Ignacio, entre San Ignacio y Santa Teresa, y hasta calle Letelier Vald\u00e9s. Es tambi\u00e9n la principal v\u00eda para llegar al Cementerio municipal.\" width=\"579\" height=\"387\" srcset=\"https:\/\/i0.wp.com\/eltrabajo.cl\/portal\/wp-content\/uploads\/2018\/06\/Alcalde-Edgardo-Gonzalez-y-vecina-del-sector.jpg?w=579&amp;ssl=1 579w, https:\/\/i0.wp.com\/eltrabajo.cl\/portal\/wp-content\/uploads\/2018\/06\/Alcalde-Edgardo-Gonzalez-y-vecina-del-sector.jpg?resize=200%2C134&amp;ssl=1 200w, https:\/\/i0.wp.com\/eltrabajo.cl\/portal\/wp-content\/uploads\/2018\/06\/Alcalde-Edgardo-Gonzalez-y-vecina-del-sector.jpg?resize=300%2C201&amp;ssl=1 300w, https:\/\/i0.wp.com\/eltrabajo.cl\/portal\/wp-content\/uploads\/2018\/06\/Alcalde-Edgardo-Gonzalez-y-vecina-del-sector.jpg?resize=224%2C150&amp;ssl=1 224w, https:\/\/i0.wp.com\/eltrabajo.cl\/portal\/wp-content\/uploads\/2018\/06\/Alcalde-Edgardo-Gonzalez-y-vecina-del-sector.jpg?resize=400%2C267&amp;ssl=1 400w\" sizes=\"auto, (max-width: 579px) 100vw, 579px\" \/><figcaption id=\"caption-attachment-87018\" class=\"wp-caption-text\">El primer hito de obras corresponde a calle Circunvalaci\u00f3n San Ignacio, entre San Ignacio y Santa Teresa, y hasta calle Letelier Vald\u00e9s. Es tambi\u00e9n la principal v\u00eda para llegar al Cementerio municipal.<\/figcaption><\/figure>\n","protected":false},"excerpt":{"rendered":"<p>Primer hito de obras de pavimentaci\u00f3n del hist\u00f3rico camino que lleva al cementerio de la comuna. LLAY LLAY.- La ma\u00f1ana de este viernes 22 de junio el alcalde de Llay Llay, Edgardo&#8230;<\/p>\n","protected":false},"author":1,"featured_media":87018,"comment_status":"open","ping_status":"open","sticky":false,"template":"","format":"standard","meta":{"advanced_seo_description":"","jetpack_seo_html_title":"","jetpack_seo_noindex":false,"_jetpack_memberships_contains_paid_content":false,"footnotes":""},"categories":[1],"tags":[],"class_list":["post-87017","post","type-post","status-publish","format-standard","has-post-thumbnail","hentry","category-cronica"],"jetpack_featured_media_url":"https:\/\/i0.wp.com\/eltrabajo.cl\/portal\/wp-content\/uploads\/2018\/06\/Alcalde-Edgardo-Gonzalez-y-vecina-del-sector.jpg?fit=579%2C387&ssl=1","jetpack_sharing_enabled":true,"jetpack_likes_enabled":true,"jetpack-related-posts":[],"_links":{"self":[{"href":"https:\/\/eltrabajo.cl\/portal\/wp-json\/wp\/v2\/posts\/87017","targetHints":{"allow":["GET"]}}],"collection":[{"href":"https:\/\/eltrabajo.cl\/portal\/wp-json\/wp\/v2\/posts"}],"about":[{"href":"https:\/\/eltrabajo.cl\/portal\/wp-json\/wp\/v2\/types\/post"}],"author":[{"embeddable":true,"href":"https:\/\/eltrabajo.cl\/portal\/wp-json\/wp\/v2\/users\/1"}],"replies":[{"embeddable":true,"href":"https:\/\/eltrabajo.cl\/portal\/wp-json\/wp\/v2\/comments?post=87017"}],"version-history":[{"count":0,"href":"https:\/\/eltrabajo.cl\/portal\/wp-json\/wp\/v2\/posts\/87017\/revisions"}],"wp:featuredmedia":[{"embeddable":true,"href":"https:\/\/eltrabajo.cl\/portal\/wp-json\/wp\/v2\/media\/87018"}],"wp:attachment":[{"href":"https:\/\/eltrabajo.cl\/portal\/wp-json\/wp\/v2\/media?parent=87017"}],"wp:term":[{"taxonomy":"category","embeddable":true,"href":"https:\/\/eltrabajo.cl\/portal\/wp-json\/wp\/v2\/categories?post=87017"},{"taxonomy":"post_tag","embeddable":true,"href":"https:\/\/eltrabajo.cl\/portal\/wp-json\/wp\/v2\/tags?post=87017"}],"curies":[{"name":"wp","href":"https:\/\/api.w.org\/{rel}","templated":true}]}}