{"id":87046,"date":"2018-06-27T05:01:39","date_gmt":"2018-06-27T09:01:39","guid":{"rendered":"http:\/\/www.eltrabajo.cl\/2017\/?p=87046"},"modified":"2018-06-27T05:01:39","modified_gmt":"2018-06-27T09:01:39","slug":"condenado-a-541-dias-de-presidio-por-portar-cuatro-cartuchos-de-balas","status":"publish","type":"post","link":"https:\/\/eltrabajo.cl\/portal\/condenado-a-541-dias-de-presidio-por-portar-cuatro-cartuchos-de-balas\/","title":{"rendered":"Condenado a 541 d\u00edas de presidio por portar cuatro cartuchos de balas"},"content":{"rendered":"<figure id=\"attachment_87051\" aria-describedby=\"caption-attachment-87051\" style=\"width: 580px\" class=\"wp-caption alignnone\"><img data-recalc-dims=\"1\" loading=\"lazy\" decoding=\"async\" class=\"size-full wp-image-87051\" src=\"https:\/\/i0.wp.com\/www.eltrabajo.cl\/portal\/wp-content\/uploads\/2018\/06\/balas.jpg?resize=580%2C400\" alt=\"En aquel entonces, los funcionarios policiales incautaron cuatro cartuchos bal\u00edsticos calibre 22 en poder del actual sentenciado.\" width=\"580\" height=\"400\" srcset=\"https:\/\/i0.wp.com\/eltrabajo.cl\/portal\/wp-content\/uploads\/2018\/06\/balas.jpg?w=580&amp;ssl=1 580w, https:\/\/i0.wp.com\/eltrabajo.cl\/portal\/wp-content\/uploads\/2018\/06\/balas.jpg?resize=200%2C138&amp;ssl=1 200w, https:\/\/i0.wp.com\/eltrabajo.cl\/portal\/wp-content\/uploads\/2018\/06\/balas.jpg?resize=300%2C207&amp;ssl=1 300w, https:\/\/i0.wp.com\/eltrabajo.cl\/portal\/wp-content\/uploads\/2018\/06\/balas.jpg?resize=218%2C150&amp;ssl=1 218w, https:\/\/i0.wp.com\/eltrabajo.cl\/portal\/wp-content\/uploads\/2018\/06\/balas.jpg?resize=400%2C276&amp;ssl=1 400w\" sizes=\"auto, (max-width: 580px) 100vw, 580px\" \/><figcaption id=\"caption-attachment-87051\" class=\"wp-caption-text\">En aquel entonces, los funcionarios policiales incautaron cuatro cartuchos bal\u00edsticos calibre 22 en poder del actual sentenciado.<\/figcaption><\/figure>\n<ul>\n<li><span style=\"color: #ff0000;\"><strong>Tribunal lo absolvi\u00f3 del cargo de presunto robo a una empresa en Llay Llay:<\/strong><\/span><\/li>\n<\/ul>\n<p>El Tribunal Oral en Lo Penal de San Felipe conden\u00f3 a la pena de 541 d\u00edas de presidio con el beneficio de remisi\u00f3n condicional, al imputado de iniciales M.N.V.S. tras mantener entre sus vestimentas cuatro cartuchos bal\u00edsticos descubiertos en un procedimiento efectuado por Carabineros en la comuna de Llay Llay, quedando absuelto del cargo de robo en lugar no habitado imputado por la Fiscal\u00eda.<br \/>\nSeg\u00fan los antecedentes vertidos en juicio, el acusado fue detenido por la polic\u00eda uniformada tras un patrullaje efectuado en la avenida Balmaceda de Llay Llay, momento en que los funcionarios recibieron una alerta que en la empresa Uli Rod se estar\u00eda cometiendo un robo por dos sujetos quienes se encontrar\u00edan en el interior.<br \/>\nTras las declaraciones del guardia de seguridad, Carabineros efectu\u00f3 patrullajes por el lugar de los hechos, observando a un sujeto oculto entre un arbusto, quien al advertir la presencia de los funcionarios policiales escap\u00f3 a gran velocidad hasta ser reducido.<br \/>\nLuego de un control de identidad, la polic\u00eda uniformada descubri\u00f3 que el detenido manten\u00eda cuatro cartuchos bal\u00edsticos calibre 22 sin percutir, siendo detenido por este il\u00edcito.<br \/>\nLa terna de jueces resolvi\u00f3 condenar al imputado como autor del delito de porte ilegal de cartuchos, absolvi\u00e9ndolo del cargo de robo en lugar no habitado en raz\u00f3n a la insuficiencia de pruebas para acreditar este delito.<br \/>\nLa pena a cumplir ser\u00eda de 541 d\u00edas de presidio, otorg\u00e1ndole el beneficio de remisi\u00f3n condicional de la pena, recuperando su libertad tras haber permanecido en prisi\u00f3n preventiva.<br \/>\n<strong>Pablo Salinas Sald\u00edas<\/strong><\/p>\n","protected":false},"excerpt":{"rendered":"<p>Tribunal lo absolvi\u00f3 del cargo de presunto robo a una empresa en Llay Llay: El Tribunal Oral en Lo Penal de San Felipe conden\u00f3 a la pena de 541 d\u00edas de presidio&#8230;<\/p>\n","protected":false},"author":1,"featured_media":87051,"comment_status":"open","ping_status":"open","sticky":false,"template":"","format":"standard","meta":{"advanced_seo_description":"","jetpack_seo_html_title":"","jetpack_seo_noindex":false,"_jetpack_memberships_contains_paid_content":false,"footnotes":""},"categories":[21],"tags":[],"class_list":["post-87046","post","type-post","status-publish","format-standard","has-post-thumbnail","hentry","category-policial"],"jetpack_featured_media_url":"https:\/\/i0.wp.com\/eltrabajo.cl\/portal\/wp-content\/uploads\/2018\/06\/balas.jpg?fit=580%2C400&ssl=1","jetpack_sharing_enabled":true,"jetpack_likes_enabled":true,"jetpack-related-posts":[],"_links":{"self":[{"href":"https:\/\/eltrabajo.cl\/portal\/wp-json\/wp\/v2\/posts\/87046","targetHints":{"allow":["GET"]}}],"collection":[{"href":"https:\/\/eltrabajo.cl\/portal\/wp-json\/wp\/v2\/posts"}],"about":[{"href":"https:\/\/eltrabajo.cl\/portal\/wp-json\/wp\/v2\/types\/post"}],"author":[{"embeddable":true,"href":"https:\/\/eltrabajo.cl\/portal\/wp-json\/wp\/v2\/users\/1"}],"replies":[{"embeddable":true,"href":"https:\/\/eltrabajo.cl\/portal\/wp-json\/wp\/v2\/comments?post=87046"}],"version-history":[{"count":0,"href":"https:\/\/eltrabajo.cl\/portal\/wp-json\/wp\/v2\/posts\/87046\/revisions"}],"wp:featuredmedia":[{"embeddable":true,"href":"https:\/\/eltrabajo.cl\/portal\/wp-json\/wp\/v2\/media\/87051"}],"wp:attachment":[{"href":"https:\/\/eltrabajo.cl\/portal\/wp-json\/wp\/v2\/media?parent=87046"}],"wp:term":[{"taxonomy":"category","embeddable":true,"href":"https:\/\/eltrabajo.cl\/portal\/wp-json\/wp\/v2\/categories?post=87046"},{"taxonomy":"post_tag","embeddable":true,"href":"https:\/\/eltrabajo.cl\/portal\/wp-json\/wp\/v2\/tags?post=87046"}],"curies":[{"name":"wp","href":"https:\/\/api.w.org\/{rel}","templated":true}]}}