{"id":87056,"date":"2018-06-27T05:03:36","date_gmt":"2018-06-27T09:03:36","guid":{"rendered":"http:\/\/www.eltrabajo.cl\/2017\/?p=87056"},"modified":"2018-06-27T05:03:36","modified_gmt":"2018-06-27T09:03:36","slug":"gendarmes-en-alerta-ante-eventual-paro-en-apoyo-a-sargento-palma","status":"publish","type":"post","link":"https:\/\/eltrabajo.cl\/portal\/gendarmes-en-alerta-ante-eventual-paro-en-apoyo-a-sargento-palma\/","title":{"rendered":"Gendarmes en alerta ante eventual paro en apoyo a sargento Palma"},"content":{"rendered":"<figure id=\"attachment_87058\" aria-describedby=\"caption-attachment-87058\" style=\"width: 580px\" class=\"wp-caption alignnone\"><img data-recalc-dims=\"1\" loading=\"lazy\" decoding=\"async\" class=\"size-full wp-image-87058\" src=\"https:\/\/i0.wp.com\/www.eltrabajo.cl\/portal\/wp-content\/uploads\/2018\/06\/Gendarmer%C3%ADa-1.jpg?resize=580%2C352\" alt=\"Los funcionarios de Gendarmer\u00eda de San Felipe se formaron afuera del recinto para expresar su malestar.\" width=\"580\" height=\"352\" srcset=\"https:\/\/i0.wp.com\/eltrabajo.cl\/portal\/wp-content\/uploads\/2018\/06\/Gendarmer%C3%ADa-1.jpg?w=580&amp;ssl=1 580w, https:\/\/i0.wp.com\/eltrabajo.cl\/portal\/wp-content\/uploads\/2018\/06\/Gendarmer%C3%ADa-1.jpg?resize=200%2C121&amp;ssl=1 200w, https:\/\/i0.wp.com\/eltrabajo.cl\/portal\/wp-content\/uploads\/2018\/06\/Gendarmer%C3%ADa-1.jpg?resize=300%2C182&amp;ssl=1 300w, https:\/\/i0.wp.com\/eltrabajo.cl\/portal\/wp-content\/uploads\/2018\/06\/Gendarmer%C3%ADa-1.jpg?resize=247%2C150&amp;ssl=1 247w, https:\/\/i0.wp.com\/eltrabajo.cl\/portal\/wp-content\/uploads\/2018\/06\/Gendarmer%C3%ADa-1.jpg?resize=400%2C243&amp;ssl=1 400w\" sizes=\"auto, (max-width: 580px) 100vw, 580px\" \/><figcaption id=\"caption-attachment-87058\" class=\"wp-caption-text\">Los funcionarios de Gendarmer\u00eda de San Felipe se formaron afuera del recinto para expresar su malestar.<\/figcaption><\/figure>\n<ul>\n<li><span style=\"color: #ff0000;\"><strong>Cumplimiento de demandas hist\u00f3ricas:<\/strong><\/span><\/li>\n<\/ul>\n<p>Los Gendarmes de San Felipe tambi\u00e9n entregaron p\u00fablicamente su apoyo al Sargento Palma que est\u00e1 en prisi\u00f3n preventiva por no haber actuado cuando presos de la c\u00e1rcel de Santiago torturaban a dos imputados de nacionalidad ecuatoriana, acusados del horrendo crimen de Margarita Ancacoy en esa ciudad, y junto con ello seguir reiterando demandas hist\u00f3ricas.<br \/>\nLa muestra de apoyo se realiz\u00f3 ayer en la ma\u00f1ana en el frontis del Centro de Cumplimiento Penitenciario de San Felipe, ubicado en calle Molina N\u00ba 10, donde un grupo de funcionarios exhibi\u00f3 lienzos de apoyo y peticiones a nivel nacional.<br \/>\nManuel Matus, Cabo 2\u00ba de la instituci\u00f3n y representante a nivel local de una de las organizaciones, dijo que toda esta movilizaci\u00f3n es a ra\u00edz de la situaci\u00f3n vivida por el Sargento Palma: \u201cEvidentemente es una circunstancia de c\u00f3mo es hoy en d\u00eda la realidad penitenciaria, esto le puede suceder a cualquiera porque su labor no es normal, estar bajo la custodia de doscientos internos. En este momento en la unidad penal de San Felipe hay funcionarios en esa circunstancia, pero m\u00e1s all\u00e1 de eso es nuestro apoyo a las manifestaciones que se est\u00e1n produciendo en la ciudad de Santiago por parte de nuestros dirigentes nacionales, que tienen que ver con una realidad que se viene dando desde hace muchos a\u00f1os: la nula satisfacci\u00f3n de las necesidades b\u00e1sicas para poder cubrir las atenciones y el trabajo propio de Gendarmer\u00eda de Chile, eso sin lugar a dudas no se ha cumplido, es m\u00e1s, en estos momentos la Unidad de San Felipe es una de las unidades m\u00e1s longevas del pa\u00eds, estamos hablando de una construcci\u00f3n que data del a\u00f1o 1901 y hasta el d\u00eda de hoy, con la sobre poblaci\u00f3n que tenemos, implica la nula capacidad de los requerimientos b\u00e1sicos que hoy en d\u00eda promulgan los juzgados de garant\u00eda, las fiscal\u00edas, la situaci\u00f3n de salud de la poblaci\u00f3n penal, hoy d\u00eda no tenemos ni siquiera como cubrir este tipo de circunstancias, por lo tanto es una realidad que tenemos que poner hincapi\u00e9.<br \/>\n\u201cLo que se busca es satisfacer las necesidades de una poblaci\u00f3n privada de libertad y que hoy en d\u00eda tiene las garant\u00edas que tiene cualquier persona. Nosotros como instituci\u00f3n nos vemos en tela de juicio continuamente por la sociedad, por las instituciones, pero sin lugar a dudas no se ve esa realidad y sobre todo en comparaci\u00f3n a otras instituciones que s\u00ed com\u00fanmente reciben una serie de recursos en las cuales nosotros estamos absolutamente ajenos\u201d, indic\u00f3 el dirigente.<br \/>\n<strong>&#8211; En ese contexto, \u00bfustedes est\u00e1n a la espera de paralizar sus actividades, esperando alguna instrucci\u00f3n de la parte central? <\/strong><br \/>\n&#8211; S\u00ed, evidentemente en primera circunstancia hay que regirse por nuestros dirigentes a nivel nacional, son ellos los que tienen acceso directo a las negociaciones, y a futuro ver en qu\u00e9 va a terminar este tema, pero por el momento estamos en circunstancias de una manifestaci\u00f3n llam\u00e9mosla pac\u00edfica, una forma de hacer hincapi\u00e9 que la unidad penal de San Felipe, igual que todas las unidades del pa\u00eds, estamos en alerta, esperando cu\u00e1les son las resoluciones ante el Ministro de Justicia, ya que el d\u00eda de ayer (lunes) las cinco asociaciones fundamentales de Gendarmer\u00eda le presentaron directamente a \u00e9l un documento escrito con todas las circunstancias de lo que efectivamente se estaba solicitando en este mesa de negociaci\u00f3n, y esperando ver la respuesta del Ministro y dependiendo de la circunstancia podemos ver lo que podemos iniciar, como una actividad de paro o paralizaci\u00f3n de actividades; por el momento no es as\u00ed, estamos en esta actividad tanto de apoyo a la reclusi\u00f3n del sargento Palma, pero tambi\u00e9n a la espera que se nos resuelvan las garant\u00edas b\u00e1sicas para nosotros poder cumplir con lo que se nos exige hoy en d\u00eda, eso es por el momento, esperar que se resuelva y que haya disposici\u00f3n de los dirigentes a nivel nacional.<br \/>\nActualmente en la Unidad Penitenciaria de San Felipe hay m\u00e1s de trescientos internos en circunstancias que la c\u00e1rcel est\u00e1 construida para un n\u00famero de ciento cincuenta, la cantidad de funcionarios no se condice con el n\u00famero de reclusos.<\/p>\n","protected":false},"excerpt":{"rendered":"<p>Cumplimiento de demandas hist\u00f3ricas: Los Gendarmes de San Felipe tambi\u00e9n entregaron p\u00fablicamente su apoyo al Sargento Palma que est\u00e1 en prisi\u00f3n preventiva por no haber actuado cuando presos de la c\u00e1rcel de&#8230;<\/p>\n","protected":false},"author":1,"featured_media":87058,"comment_status":"open","ping_status":"open","sticky":false,"template":"","format":"standard","meta":{"advanced_seo_description":"","jetpack_seo_html_title":"","jetpack_seo_noindex":false,"_jetpack_memberships_contains_paid_content":false,"footnotes":""},"categories":[1],"tags":[],"class_list":["post-87056","post","type-post","status-publish","format-standard","has-post-thumbnail","hentry","category-cronica"],"jetpack_featured_media_url":"https:\/\/i0.wp.com\/eltrabajo.cl\/portal\/wp-content\/uploads\/2018\/06\/Gendarmer%C3%ADa-1.jpg?fit=580%2C352&ssl=1","jetpack_sharing_enabled":true,"jetpack_likes_enabled":true,"jetpack-related-posts":[],"_links":{"self":[{"href":"https:\/\/eltrabajo.cl\/portal\/wp-json\/wp\/v2\/posts\/87056","targetHints":{"allow":["GET"]}}],"collection":[{"href":"https:\/\/eltrabajo.cl\/portal\/wp-json\/wp\/v2\/posts"}],"about":[{"href":"https:\/\/eltrabajo.cl\/portal\/wp-json\/wp\/v2\/types\/post"}],"author":[{"embeddable":true,"href":"https:\/\/eltrabajo.cl\/portal\/wp-json\/wp\/v2\/users\/1"}],"replies":[{"embeddable":true,"href":"https:\/\/eltrabajo.cl\/portal\/wp-json\/wp\/v2\/comments?post=87056"}],"version-history":[{"count":0,"href":"https:\/\/eltrabajo.cl\/portal\/wp-json\/wp\/v2\/posts\/87056\/revisions"}],"wp:featuredmedia":[{"embeddable":true,"href":"https:\/\/eltrabajo.cl\/portal\/wp-json\/wp\/v2\/media\/87058"}],"wp:attachment":[{"href":"https:\/\/eltrabajo.cl\/portal\/wp-json\/wp\/v2\/media?parent=87056"}],"wp:term":[{"taxonomy":"category","embeddable":true,"href":"https:\/\/eltrabajo.cl\/portal\/wp-json\/wp\/v2\/categories?post=87056"},{"taxonomy":"post_tag","embeddable":true,"href":"https:\/\/eltrabajo.cl\/portal\/wp-json\/wp\/v2\/tags?post=87056"}],"curies":[{"name":"wp","href":"https:\/\/api.w.org\/{rel}","templated":true}]}}