{"id":87073,"date":"2018-06-28T05:01:08","date_gmt":"2018-06-28T09:01:08","guid":{"rendered":"http:\/\/www.eltrabajo.cl\/2017\/?p=87073"},"modified":"2018-06-28T05:01:08","modified_gmt":"2018-06-28T09:01:08","slug":"concejo-municipal-de-san-felipe-quita-distincion-de-ciudadano-ilustre-al-ex-cura-pancho","status":"publish","type":"post","link":"https:\/\/eltrabajo.cl\/portal\/concejo-municipal-de-san-felipe-quita-distincion-de-ciudadano-ilustre-al-ex-cura-pancho\/","title":{"rendered":"Concejo Municipal de San Felipe quita distinci\u00f3n de Ciudadano Ilustre al ex \u2018cura Pancho\u2019"},"content":{"rendered":"<figure id=\"attachment_87074\" aria-describedby=\"caption-attachment-87074\" style=\"width: 580px\" class=\"wp-caption alignnone\"><img data-recalc-dims=\"1\" loading=\"lazy\" decoding=\"async\" class=\"size-full wp-image-87074\" src=\"https:\/\/i0.wp.com\/www.eltrabajo.cl\/portal\/wp-content\/uploads\/2018\/06\/PADRE-FRANCISCO-VALENZUELA-Custom-300x283-21-02-2011.jpg?resize=580%2C460\" alt=\"Francisco Valenzuela Sanhueza.\" width=\"580\" height=\"460\" srcset=\"https:\/\/i0.wp.com\/eltrabajo.cl\/portal\/wp-content\/uploads\/2018\/06\/PADRE-FRANCISCO-VALENZUELA-Custom-300x283-21-02-2011.jpg?w=580&amp;ssl=1 580w, https:\/\/i0.wp.com\/eltrabajo.cl\/portal\/wp-content\/uploads\/2018\/06\/PADRE-FRANCISCO-VALENZUELA-Custom-300x283-21-02-2011.jpg?resize=189%2C150&amp;ssl=1 189w, https:\/\/i0.wp.com\/eltrabajo.cl\/portal\/wp-content\/uploads\/2018\/06\/PADRE-FRANCISCO-VALENZUELA-Custom-300x283-21-02-2011.jpg?resize=300%2C238&amp;ssl=1 300w, https:\/\/i0.wp.com\/eltrabajo.cl\/portal\/wp-content\/uploads\/2018\/06\/PADRE-FRANCISCO-VALENZUELA-Custom-300x283-21-02-2011.jpg?resize=400%2C317&amp;ssl=1 400w\" sizes=\"auto, (max-width: 580px) 100vw, 580px\" \/><figcaption id=\"caption-attachment-87074\" class=\"wp-caption-text\">Francisco Valenzuela Sanhueza.<\/figcaption><\/figure>\n<ul>\n<li><span style=\"color: #ff0000;\"><strong>Sentenciado por delitos sexuales contra menores<\/strong><\/span><\/li>\n<\/ul>\n<p>Hace unas tres o cuatro sesiones, el Concejo Municipal de San Felipe decidi\u00f3 retirar la designaci\u00f3n de ciudadano ilustre al Sacerdote Francisco Valenzuela Sanhueza, conocido popularmente como \u2018El Cura Pancho\u2019, por haber sido condenado como autor de delitos sexuales contra menores de edad, por lo cual fue sentenciado a cumplir una condena de 15 a\u00f1os de c\u00e1rcel, de la cual ya lleva ocho a\u00f1os.<br \/>\nAs\u00ed lo dijo la concejal Patricia Boffa Casas, aclarando que esta acci\u00f3n fue a solicitud del Concejal Christian Beals Campos: \u201cHicimos la votaci\u00f3n para quitar esta distinci\u00f3n que se le dio hace algunos a\u00f1os al cura Pancho como ciudadano ilustre, porque no era merecedor de tener este tan importante reconocimiento por parte de la comunidad, algo que nosotros lo hab\u00edamos conversado porque cre\u00edamos que no era bueno que \u00e9l siguiera teniendo este reconocimiento despu\u00e9s de todo lo sucedido, de lo que ven\u00eda pasando con \u00e9l, que estaba cumpliendo hoy en d\u00eda su deuda con la sociedad, nosotros votamos esta petici\u00f3n y fue un\u00e1nime quitar este premio de ciudadano ilustre a Francisco Valenzuela\u201d, se\u00f1al\u00f3.<br \/>\nEl ex cura Pancho actualmente se encuentra cumpliendo la condena en la c\u00e1rcel de San Felipe, por violaci\u00f3n y abuso sexual reiterado, sentencia dictada en forma un\u00e1nime por los jueces del Tribunal Oral en Lo Penal de San Felipe en diciembre del a\u00f1o 2011.<\/p>\n","protected":false},"excerpt":{"rendered":"<p>Sentenciado por delitos sexuales contra menores Hace unas tres o cuatro sesiones, el Concejo Municipal de San Felipe decidi\u00f3 retirar la designaci\u00f3n de ciudadano ilustre al Sacerdote Francisco Valenzuela Sanhueza, conocido popularmente&#8230;<\/p>\n","protected":false},"author":1,"featured_media":87074,"comment_status":"open","ping_status":"open","sticky":false,"template":"","format":"standard","meta":{"advanced_seo_description":"","jetpack_seo_html_title":"","jetpack_seo_noindex":false,"_jetpack_memberships_contains_paid_content":false,"footnotes":""},"categories":[1],"tags":[],"class_list":["post-87073","post","type-post","status-publish","format-standard","has-post-thumbnail","hentry","category-cronica"],"jetpack_featured_media_url":"https:\/\/i0.wp.com\/eltrabajo.cl\/portal\/wp-content\/uploads\/2018\/06\/PADRE-FRANCISCO-VALENZUELA-Custom-300x283-21-02-2011.jpg?fit=580%2C460&ssl=1","jetpack_sharing_enabled":true,"jetpack_likes_enabled":true,"jetpack-related-posts":[],"_links":{"self":[{"href":"https:\/\/eltrabajo.cl\/portal\/wp-json\/wp\/v2\/posts\/87073","targetHints":{"allow":["GET"]}}],"collection":[{"href":"https:\/\/eltrabajo.cl\/portal\/wp-json\/wp\/v2\/posts"}],"about":[{"href":"https:\/\/eltrabajo.cl\/portal\/wp-json\/wp\/v2\/types\/post"}],"author":[{"embeddable":true,"href":"https:\/\/eltrabajo.cl\/portal\/wp-json\/wp\/v2\/users\/1"}],"replies":[{"embeddable":true,"href":"https:\/\/eltrabajo.cl\/portal\/wp-json\/wp\/v2\/comments?post=87073"}],"version-history":[{"count":0,"href":"https:\/\/eltrabajo.cl\/portal\/wp-json\/wp\/v2\/posts\/87073\/revisions"}],"wp:featuredmedia":[{"embeddable":true,"href":"https:\/\/eltrabajo.cl\/portal\/wp-json\/wp\/v2\/media\/87074"}],"wp:attachment":[{"href":"https:\/\/eltrabajo.cl\/portal\/wp-json\/wp\/v2\/media?parent=87073"}],"wp:term":[{"taxonomy":"category","embeddable":true,"href":"https:\/\/eltrabajo.cl\/portal\/wp-json\/wp\/v2\/categories?post=87073"},{"taxonomy":"post_tag","embeddable":true,"href":"https:\/\/eltrabajo.cl\/portal\/wp-json\/wp\/v2\/tags?post=87073"}],"curies":[{"name":"wp","href":"https:\/\/api.w.org\/{rel}","templated":true}]}}