{"id":87076,"date":"2018-06-28T05:02:53","date_gmt":"2018-06-28T09:02:53","guid":{"rendered":"http:\/\/www.eltrabajo.cl\/2017\/?p=87076"},"modified":"2018-06-28T05:02:53","modified_gmt":"2018-06-28T09:02:53","slug":"antes-del-9-de-julio-estregaran-tramo-que-conecta-san-martin-con-el-senorial","status":"publish","type":"post","link":"https:\/\/eltrabajo.cl\/portal\/antes-del-9-de-julio-estregaran-tramo-que-conecta-san-martin-con-el-senorial\/","title":{"rendered":"Antes del 9 de julio estregar\u00e1n tramo que conecta San Mart\u00edn con El Se\u00f1orial"},"content":{"rendered":"<p>&nbsp;<\/p>\n<figure id=\"attachment_87079\" aria-describedby=\"caption-attachment-87079\" style=\"width: 579px\" class=\"wp-caption alignnone\"><img data-recalc-dims=\"1\" loading=\"lazy\" decoding=\"async\" class=\"size-full wp-image-87079\" src=\"https:\/\/i0.wp.com\/www.eltrabajo.cl\/portal\/wp-content\/uploads\/2018\/06\/Camioneros2.jpg?resize=579%2C386\" alt=\"TODO REGULADO.- Este antejard\u00edn ser\u00eda ahora de uso obligatorio para que los camiones estacionen sus pesados veh\u00edculos.\" width=\"579\" height=\"386\" srcset=\"https:\/\/i0.wp.com\/eltrabajo.cl\/portal\/wp-content\/uploads\/2018\/06\/Camioneros2.jpg?w=579&amp;ssl=1 579w, https:\/\/i0.wp.com\/eltrabajo.cl\/portal\/wp-content\/uploads\/2018\/06\/Camioneros2.jpg?resize=200%2C133&amp;ssl=1 200w, https:\/\/i0.wp.com\/eltrabajo.cl\/portal\/wp-content\/uploads\/2018\/06\/Camioneros2.jpg?resize=300%2C200&amp;ssl=1 300w, https:\/\/i0.wp.com\/eltrabajo.cl\/portal\/wp-content\/uploads\/2018\/06\/Camioneros2.jpg?resize=225%2C150&amp;ssl=1 225w, https:\/\/i0.wp.com\/eltrabajo.cl\/portal\/wp-content\/uploads\/2018\/06\/Camioneros2.jpg?resize=400%2C267&amp;ssl=1 400w\" sizes=\"auto, (max-width: 579px) 100vw, 579px\" \/><figcaption id=\"caption-attachment-87079\" class=\"wp-caption-text\">TODO REGULADO.- Este antejard\u00edn ser\u00eda ahora de uso obligatorio para que los camiones estacionen sus pesados veh\u00edculos.<\/figcaption><\/figure>\n<ul>\n<li><span style=\"color: #ff0000;\"><strong>Camioneros ya no podr\u00e1n descargar mercader\u00eda en el d\u00eda:<\/strong><\/span><\/li>\n<\/ul>\n<p>Para el pr\u00f3ximo mes, entre el 5 y 9 de julio, se estar\u00e1 entregando a la comunidad el Proyecto Construcci\u00f3n Circuito Calle San Mart\u00edn Hermanos Carrera Oriente, presentado por la Secretar\u00eda de Planificaci\u00f3n en el contexto de reevaluaci\u00f3n, dado que los costos de expropiaci\u00f3n requer\u00edan un aumento de monto que se aprob\u00f3 en 2017 y se gener\u00f3 su ejecuci\u00f3n, y quedar\u00e1 por lo tanto habilitada la v\u00eda para su uso p\u00fablico.<br \/>\nEsta obra, pese a que estar\u00eda generando \u2018un respiro\u2019 a nuestra ciudad en materia de congestionamiento vial, tambi\u00e9n estar\u00eda requiriendo de un ordenamiento que estableciera tambi\u00e9n l\u00edmites para el uso que los camioneros con frutas y verduras hacen de la v\u00eda, pues a la fecha en varios horarios del d\u00eda, a veces se generan dificultades para transitar en el sector.<\/p>\n<p><span style=\"color: #ff0000;\"><strong>HAY RESPUESTAS<\/strong><\/span><br \/>\nSobre estas obras y tambi\u00e9n del tema de los camioneros, consultamos al Secpla Claudio Paredes: \u00abEste proyecto consiste en la construcci\u00f3n de 492 metros lineales de calle inexistentes, de los cuales 374 metros corresponden a Calle San Mart\u00edn, desde El Molino a la proyecci\u00f3n de la Hermanos Carrera Oriente y 118 metros a lo que conocemos como Avenida Hermanos Carrera Oriente entre Pasaje S\u00e1a y Pasaje Ren\u00e9 Flores, es como una T este proyecto.<br \/>\n\u00abLa calle tiene una calzada de hormig\u00f3n de 18 cm, con 10.5 cm de ancho, con soleras y veredas. La calle Hermanos Carrera tiene doble calzada de hormig\u00f3n de 20 cm. Para transporte de alto tonelaje, tiene 7 metros por cada lado. Considera obras de inicio de faena, excavaciones y transporte, relleno compactado, aceras de hormig\u00f3n, expropiaci\u00f3n de terreno y obras de un canal. El costo total es de 1.346.585 millones de pesos, y la fecha de entrega de esta obra est\u00e1 programada entre el 5 y 9 de julio\u00bb, dijo Paredes.<br \/>\n<strong>&#8211; \u00bfTiene el Municipio contemplada alguna regulaci\u00f3n para controlar el caos vial que a veces hay en el sector de la feria con los camioneros?<\/strong><br \/>\n&#8211; La Direcci\u00f3n de Tr\u00e1nsito est\u00e1 generando un instructivo de uso de esa v\u00eda, en el contexto de que tendremos ahora una afluencia vehicular que antes no exist\u00eda, pues esta calle va a conectar el sector populoso de Villa El Se\u00f1orial con el damero de nuestra ciudad, por tanto tendremos que generar una indicaci\u00f3n de horarios para las faenas, el atochamiento es puntual, tampoco es un problema mayor, pero s\u00ed hay que darle un ordenamiento al sector en funci\u00f3n de esta nueva obra (\u2026) lo que pasa tambi\u00e9n es que el Terminal tiene un espacio para los camiones, un antejard\u00edn por decirlo as\u00ed, mucha de la mercader\u00eda llega en horarios tempranos o tarde en la noche.<br \/>\n<strong>Roberto Gonz\u00e1lez Short<\/strong><\/p>\n<p>&nbsp;<\/p>\n<figure id=\"attachment_87081\" aria-describedby=\"caption-attachment-87081\" style=\"width: 579px\" class=\"wp-caption alignnone\"><img data-recalc-dims=\"1\" loading=\"lazy\" decoding=\"async\" class=\"size-full wp-image-87081\" src=\"https:\/\/i0.wp.com\/www.eltrabajo.cl\/portal\/wp-content\/uploads\/2018\/06\/Camioneros4.jpg?resize=579%2C386\" alt=\"YA CASI.- Para el pr\u00f3ximo mes, entre el 5 y 9 de julio, se estar\u00e1 entregando a la comunidad el Proyecto Construcci\u00f3n Circuito Calle San Mart\u00edn Hermanos Carrera Oriente.\" width=\"579\" height=\"386\" srcset=\"https:\/\/i0.wp.com\/eltrabajo.cl\/portal\/wp-content\/uploads\/2018\/06\/Camioneros4.jpg?w=579&amp;ssl=1 579w, https:\/\/i0.wp.com\/eltrabajo.cl\/portal\/wp-content\/uploads\/2018\/06\/Camioneros4.jpg?resize=200%2C133&amp;ssl=1 200w, https:\/\/i0.wp.com\/eltrabajo.cl\/portal\/wp-content\/uploads\/2018\/06\/Camioneros4.jpg?resize=300%2C200&amp;ssl=1 300w, https:\/\/i0.wp.com\/eltrabajo.cl\/portal\/wp-content\/uploads\/2018\/06\/Camioneros4.jpg?resize=225%2C150&amp;ssl=1 225w, https:\/\/i0.wp.com\/eltrabajo.cl\/portal\/wp-content\/uploads\/2018\/06\/Camioneros4.jpg?resize=400%2C267&amp;ssl=1 400w\" sizes=\"auto, (max-width: 579px) 100vw, 579px\" \/><figcaption id=\"caption-attachment-87081\" class=\"wp-caption-text\">YA CASI.- Para el pr\u00f3ximo mes, entre el 5 y 9 de julio, se estar\u00e1 entregando a la comunidad el Proyecto Construcci\u00f3n Circuito Calle San Mart\u00edn Hermanos Carrera Oriente.<\/figcaption><\/figure>\n<figure id=\"attachment_87080\" aria-describedby=\"caption-attachment-87080\" style=\"width: 579px\" class=\"wp-caption alignnone\"><img data-recalc-dims=\"1\" loading=\"lazy\" decoding=\"async\" class=\"size-full wp-image-87080\" src=\"https:\/\/i0.wp.com\/www.eltrabajo.cl\/portal\/wp-content\/uploads\/2018\/06\/Camioneros3.jpg?resize=579%2C386\" alt=\"TODO NUEVO.- Este proyecto consiste en la construcci\u00f3n de 492 metros lineales de calle inexistentes, de los cuales 374 metros corresponden a Calle San Mart\u00edn, desde El Molino a la proyecci\u00f3n de la Hermanos Carrera Oriente.\" width=\"579\" height=\"386\" srcset=\"https:\/\/i0.wp.com\/eltrabajo.cl\/portal\/wp-content\/uploads\/2018\/06\/Camioneros3.jpg?w=579&amp;ssl=1 579w, https:\/\/i0.wp.com\/eltrabajo.cl\/portal\/wp-content\/uploads\/2018\/06\/Camioneros3.jpg?resize=200%2C133&amp;ssl=1 200w, https:\/\/i0.wp.com\/eltrabajo.cl\/portal\/wp-content\/uploads\/2018\/06\/Camioneros3.jpg?resize=300%2C200&amp;ssl=1 300w, https:\/\/i0.wp.com\/eltrabajo.cl\/portal\/wp-content\/uploads\/2018\/06\/Camioneros3.jpg?resize=225%2C150&amp;ssl=1 225w, https:\/\/i0.wp.com\/eltrabajo.cl\/portal\/wp-content\/uploads\/2018\/06\/Camioneros3.jpg?resize=400%2C267&amp;ssl=1 400w\" sizes=\"auto, (max-width: 579px) 100vw, 579px\" \/><figcaption id=\"caption-attachment-87080\" class=\"wp-caption-text\">TODO NUEVO.- Este proyecto consiste en la construcci\u00f3n de 492 metros lineales de calle inexistentes, de los cuales 374 metros corresponden a Calle San Mart\u00edn, desde El Molino a la proyecci\u00f3n de la Hermanos Carrera Oriente.<\/figcaption><\/figure>\n<figure id=\"attachment_87078\" aria-describedby=\"caption-attachment-87078\" style=\"width: 579px\" class=\"wp-caption alignnone\"><img data-recalc-dims=\"1\" loading=\"lazy\" decoding=\"async\" class=\"size-full wp-image-87078\" src=\"https:\/\/i0.wp.com\/www.eltrabajo.cl\/portal\/wp-content\/uploads\/2018\/06\/Camioneros1.jpg?resize=579%2C394\" alt=\"ESTO CAMBIAR\u00c1.- Este es el mediano congestionamiento que se vive actualmente en Calle San Mart\u00edn con los camiones feriantes.\" width=\"579\" height=\"394\" srcset=\"https:\/\/i0.wp.com\/eltrabajo.cl\/portal\/wp-content\/uploads\/2018\/06\/Camioneros1.jpg?w=579&amp;ssl=1 579w, https:\/\/i0.wp.com\/eltrabajo.cl\/portal\/wp-content\/uploads\/2018\/06\/Camioneros1.jpg?resize=200%2C136&amp;ssl=1 200w, https:\/\/i0.wp.com\/eltrabajo.cl\/portal\/wp-content\/uploads\/2018\/06\/Camioneros1.jpg?resize=300%2C204&amp;ssl=1 300w, https:\/\/i0.wp.com\/eltrabajo.cl\/portal\/wp-content\/uploads\/2018\/06\/Camioneros1.jpg?resize=220%2C150&amp;ssl=1 220w, https:\/\/i0.wp.com\/eltrabajo.cl\/portal\/wp-content\/uploads\/2018\/06\/Camioneros1.jpg?resize=400%2C272&amp;ssl=1 400w\" sizes=\"auto, (max-width: 579px) 100vw, 579px\" \/><figcaption id=\"caption-attachment-87078\" class=\"wp-caption-text\">ESTO CAMBIAR\u00c1.- Este es el mediano congestionamiento que se vive actualmente en Calle San Mart\u00edn con los camiones feriantes.<\/figcaption><\/figure>\n<figure id=\"attachment_87077\" aria-describedby=\"caption-attachment-87077\" style=\"width: 579px\" class=\"wp-caption alignnone\"><img data-recalc-dims=\"1\" loading=\"lazy\" decoding=\"async\" class=\"size-full wp-image-87077\" src=\"https:\/\/i0.wp.com\/www.eltrabajo.cl\/portal\/wp-content\/uploads\/2018\/06\/Camioneros_Claudio-Paredes.jpg?resize=579%2C580\" alt=\"Claudio Paredes, Secpla de San Felipe.\" width=\"579\" height=\"580\" srcset=\"https:\/\/i0.wp.com\/eltrabajo.cl\/portal\/wp-content\/uploads\/2018\/06\/Camioneros_Claudio-Paredes.jpg?w=579&amp;ssl=1 579w, https:\/\/i0.wp.com\/eltrabajo.cl\/portal\/wp-content\/uploads\/2018\/06\/Camioneros_Claudio-Paredes.jpg?resize=150%2C150&amp;ssl=1 150w, https:\/\/i0.wp.com\/eltrabajo.cl\/portal\/wp-content\/uploads\/2018\/06\/Camioneros_Claudio-Paredes.jpg?resize=300%2C300&amp;ssl=1 300w, https:\/\/i0.wp.com\/eltrabajo.cl\/portal\/wp-content\/uploads\/2018\/06\/Camioneros_Claudio-Paredes.jpg?resize=400%2C401&amp;ssl=1 400w\" sizes=\"auto, (max-width: 579px) 100vw, 579px\" \/><figcaption id=\"caption-attachment-87077\" class=\"wp-caption-text\">Claudio Paredes, Secpla de San Felipe.<\/figcaption><\/figure>\n","protected":false},"excerpt":{"rendered":"<p>&nbsp; Camioneros ya no podr\u00e1n descargar mercader\u00eda en el d\u00eda: Para el pr\u00f3ximo mes, entre el 5 y 9 de julio, se estar\u00e1 entregando a la comunidad el Proyecto Construcci\u00f3n Circuito Calle&#8230;<\/p>\n","protected":false},"author":1,"featured_media":87080,"comment_status":"open","ping_status":"open","sticky":false,"template":"","format":"standard","meta":{"advanced_seo_description":"","jetpack_seo_html_title":"","jetpack_seo_noindex":false,"_jetpack_memberships_contains_paid_content":false,"footnotes":""},"categories":[1],"tags":[],"class_list":["post-87076","post","type-post","status-publish","format-standard","has-post-thumbnail","hentry","category-cronica"],"jetpack_featured_media_url":"https:\/\/i0.wp.com\/eltrabajo.cl\/portal\/wp-content\/uploads\/2018\/06\/Camioneros3.jpg?fit=579%2C386&ssl=1","jetpack_sharing_enabled":true,"jetpack_likes_enabled":true,"jetpack-related-posts":[],"_links":{"self":[{"href":"https:\/\/eltrabajo.cl\/portal\/wp-json\/wp\/v2\/posts\/87076","targetHints":{"allow":["GET"]}}],"collection":[{"href":"https:\/\/eltrabajo.cl\/portal\/wp-json\/wp\/v2\/posts"}],"about":[{"href":"https:\/\/eltrabajo.cl\/portal\/wp-json\/wp\/v2\/types\/post"}],"author":[{"embeddable":true,"href":"https:\/\/eltrabajo.cl\/portal\/wp-json\/wp\/v2\/users\/1"}],"replies":[{"embeddable":true,"href":"https:\/\/eltrabajo.cl\/portal\/wp-json\/wp\/v2\/comments?post=87076"}],"version-history":[{"count":0,"href":"https:\/\/eltrabajo.cl\/portal\/wp-json\/wp\/v2\/posts\/87076\/revisions"}],"wp:featuredmedia":[{"embeddable":true,"href":"https:\/\/eltrabajo.cl\/portal\/wp-json\/wp\/v2\/media\/87080"}],"wp:attachment":[{"href":"https:\/\/eltrabajo.cl\/portal\/wp-json\/wp\/v2\/media?parent=87076"}],"wp:term":[{"taxonomy":"category","embeddable":true,"href":"https:\/\/eltrabajo.cl\/portal\/wp-json\/wp\/v2\/categories?post=87076"},{"taxonomy":"post_tag","embeddable":true,"href":"https:\/\/eltrabajo.cl\/portal\/wp-json\/wp\/v2\/tags?post=87076"}],"curies":[{"name":"wp","href":"https:\/\/api.w.org\/{rel}","templated":true}]}}