{"id":87083,"date":"2018-06-28T05:03:31","date_gmt":"2018-06-28T09:03:31","guid":{"rendered":"http:\/\/www.eltrabajo.cl\/2017\/?p=87083"},"modified":"2018-06-28T05:03:31","modified_gmt":"2018-06-28T09:03:31","slug":"millonario-robo-en-amplificacion-afecto-a-escuela-san-jose-de-catemu","status":"publish","type":"post","link":"https:\/\/eltrabajo.cl\/portal\/millonario-robo-en-amplificacion-afecto-a-escuela-san-jose-de-catemu\/","title":{"rendered":"Millonario robo en amplificaci\u00f3n afect\u00f3 a Escuela San Jos\u00e9 de Catemu"},"content":{"rendered":"<figure id=\"attachment_87085\" aria-describedby=\"caption-attachment-87085\" style=\"width: 579px\" class=\"wp-caption alignnone\"><img data-recalc-dims=\"1\" loading=\"lazy\" decoding=\"async\" class=\"size-full wp-image-87085\" src=\"https:\/\/i0.wp.com\/www.eltrabajo.cl\/portal\/wp-content\/uploads\/2018\/06\/VENTANA-ESCUELA.jpg?resize=579%2C358\" alt=\"Por esta peque\u00f1a ventana los delincuentes ingresaron hasta la bodega de la Escuela San Jos\u00e9 de Catemu, para sustraer los equipos de amplificaci\u00f3n.\" width=\"579\" height=\"358\" srcset=\"https:\/\/i0.wp.com\/eltrabajo.cl\/portal\/wp-content\/uploads\/2018\/06\/VENTANA-ESCUELA.jpg?w=579&amp;ssl=1 579w, https:\/\/i0.wp.com\/eltrabajo.cl\/portal\/wp-content\/uploads\/2018\/06\/VENTANA-ESCUELA.jpg?resize=200%2C124&amp;ssl=1 200w, https:\/\/i0.wp.com\/eltrabajo.cl\/portal\/wp-content\/uploads\/2018\/06\/VENTANA-ESCUELA.jpg?resize=300%2C185&amp;ssl=1 300w, https:\/\/i0.wp.com\/eltrabajo.cl\/portal\/wp-content\/uploads\/2018\/06\/VENTANA-ESCUELA.jpg?resize=243%2C150&amp;ssl=1 243w, https:\/\/i0.wp.com\/eltrabajo.cl\/portal\/wp-content\/uploads\/2018\/06\/VENTANA-ESCUELA.jpg?resize=400%2C247&amp;ssl=1 400w\" sizes=\"auto, (max-width: 579px) 100vw, 579px\" \/><figcaption id=\"caption-attachment-87085\" class=\"wp-caption-text\">Por esta peque\u00f1a ventana los delincuentes ingresaron hasta la bodega de la Escuela San Jos\u00e9 de Catemu, para sustraer los equipos de amplificaci\u00f3n.<\/figcaption><\/figure>\n<ul>\n<li><span style=\"color: #ff0000;\"><strong>D<\/strong><strong>elito fue denunciado a Carabineros sin que hasta el momento se establezca la identidad de los desalmados<\/strong><\/span><strong><span style=\"color: #ff0000;\">:\u00a0<\/span>\u00a0Direcci\u00f3n de establecimiento lament\u00f3 el hecho ocurrido que afecta directamente a la comunidad educativa de este sector rural.<\/strong><\/li>\n<\/ul>\n<p>En 5 millones de pesos fue avaluado el robo que efectuaron delincuentes al interior de la Escuela San Jos\u00e9 ubicada en la localidad del mismo nombre en la comuna de Catemu, sustrayendo el equipamiento completo de amplificaci\u00f3n que afecta directamente a los 184 alumnos que asisten diariamente a este establecimiento educacional.<br \/>\nEn entrevista con la directora (s) del establecimiento, Rosa Neira Melgarejo, inform\u00f3 a Diario El Trabajo que el delito qued\u00f3 al descubierto a primeras horas de este martes, detallando que sujetos desconocidos, en horas de la madrugada, violentaron una ventana de una bodega donde se almacenaban los equipos, descubriendo adem\u00e1s que en un muro de la escuela qued\u00f3 una marca con spray que ser\u00eda una se\u00f1al hecha por los delincuentes para efectuar posteriormente la sustracci\u00f3n de las especies, lo que denota un robo planificado con antelaci\u00f3n.<br \/>\n\u201cEn la bodega de la escuela ten\u00edamos guardadas varias especies, m\u00e1s que nada equipos de amplificaci\u00f3n de sonido, sacando las cuentas la suma asciende casi a los $5 millones en especies que son micr\u00f3fonos inal\u00e1mbricos, adaptadores, cargadores, ten\u00edamos parlantes en atriles, o sea una gran cantidad de especies que nos hab\u00eda costado bastante tener, porque esta es una escuela rural, nos tenemos que mantener y tratar de justificar este tipo de insumos para los ni\u00f1os, entonces la pena m\u00e1s grande que tenemos es \u00bfpor qu\u00e9 nos roban a nosotros?, porque es para los ni\u00f1os y toda la comunidad educativa de una localidad tan peque\u00f1ita como San Jos\u00e9, entonces estamos bien consternados con esta situaci\u00f3n\u201d.<br \/>\nLa directora detall\u00f3 que los sujetos ingresaron por una peque\u00f1a ventana protegida por una malla mosquitera, la que destruyeron para ingresar a esta dependencia, logrando apoderarse de los equipamientos, escapando por este mismo lugar. Debido a la cantidad y dimensiones de las especies, el robo habr\u00eda sido cometido por m\u00e1s de una persona.<br \/>\n\u201cIncluso hab\u00eda marcado con esos signos o simbolog\u00eda que ellos utilizan por la salida, porque rompieron unos alambres que hab\u00edan, pero no tenemos sospechas de nadie, hicimos la denuncia correspondiente a Carabineros pero pensamos que esto es largo y ojal\u00e1 tengamos el apoyo de alguien en este caso, porque en realidad es bastante el dinero y para volver a recuperar este tipo de equipos nos va a costar bastante, porque los usamos para los actos y las distintas actividades de los alumnos, entonces quedamos en cero con toda la parte amplificaci\u00f3n y sonido. Los ni\u00f1os utilizaban estos equipos en los mismos talleres de lenguaje, los micr\u00f3fonos inal\u00e1mbricos, y ahora no vamos a poder usarlos, as\u00ed que es desagradable la noticia, porque nos involucra a todos, profesores, alumnos y apoderados\u201d.<br \/>\nNeira hizo hincapi\u00e9 que este robo no fue un hecho aislado debido a que el a\u00f1o pasado, delincuentes sustrajeron dos notebook desde una sala de clases pertenecientes a profesoras de la escuela, adem\u00e1s de material de trabajo: \u201cEl a\u00f1o pasado se hizo la denuncia y hasta el d\u00eda de hoy no hemos tenido ninguna respuesta. Los ni\u00f1os est\u00e1n bien consternados con esto, porque todo les ata\u00f1e a ellos y esta escuela que tiene el 98% de vulnerabilidad, entonces es una escuela con bajos recursos\u201d.<br \/>\n<strong>Pablo Salinas Sald\u00edas<\/strong><\/p>\n<figure id=\"attachment_87084\" aria-describedby=\"caption-attachment-87084\" style=\"width: 579px\" class=\"wp-caption alignnone\"><img data-recalc-dims=\"1\" loading=\"lazy\" decoding=\"async\" class=\"size-full wp-image-87084\" src=\"https:\/\/i0.wp.com\/www.eltrabajo.cl\/portal\/wp-content\/uploads\/2018\/06\/MARCA-ESCUELA.jpg?resize=579%2C540\" alt=\"Los delincuentes dejaron una marca en el muro hecha con spray para guiarse en medio de la noche y perpetrar el robo, sin lograr ser descubiertos.\" width=\"579\" height=\"540\" srcset=\"https:\/\/i0.wp.com\/eltrabajo.cl\/portal\/wp-content\/uploads\/2018\/06\/MARCA-ESCUELA.jpg?w=579&amp;ssl=1 579w, https:\/\/i0.wp.com\/eltrabajo.cl\/portal\/wp-content\/uploads\/2018\/06\/MARCA-ESCUELA.jpg?resize=161%2C150&amp;ssl=1 161w, https:\/\/i0.wp.com\/eltrabajo.cl\/portal\/wp-content\/uploads\/2018\/06\/MARCA-ESCUELA.jpg?resize=300%2C280&amp;ssl=1 300w, https:\/\/i0.wp.com\/eltrabajo.cl\/portal\/wp-content\/uploads\/2018\/06\/MARCA-ESCUELA.jpg?resize=400%2C373&amp;ssl=1 400w\" sizes=\"auto, (max-width: 579px) 100vw, 579px\" \/><figcaption id=\"caption-attachment-87084\" class=\"wp-caption-text\">Los delincuentes dejaron una marca en el muro hecha con spray para guiarse en medio de la noche y perpetrar el robo, sin lograr ser descubiertos.<\/figcaption><\/figure>\n","protected":false},"excerpt":{"rendered":"<p>Delito fue denunciado a Carabineros sin que hasta el momento se establezca la identidad de los desalmados:\u00a0\u00a0Direcci\u00f3n de establecimiento lament\u00f3 el hecho ocurrido que afecta directamente a la comunidad educativa de este&#8230;<\/p>\n","protected":false},"author":1,"featured_media":87085,"comment_status":"open","ping_status":"open","sticky":false,"template":"","format":"standard","meta":{"advanced_seo_description":"","jetpack_seo_html_title":"","jetpack_seo_noindex":false,"_jetpack_memberships_contains_paid_content":false,"footnotes":""},"categories":[21],"tags":[],"class_list":["post-87083","post","type-post","status-publish","format-standard","has-post-thumbnail","hentry","category-policial"],"jetpack_featured_media_url":"https:\/\/i0.wp.com\/eltrabajo.cl\/portal\/wp-content\/uploads\/2018\/06\/VENTANA-ESCUELA.jpg?fit=579%2C358&ssl=1","jetpack_sharing_enabled":true,"jetpack_likes_enabled":true,"jetpack-related-posts":[],"_links":{"self":[{"href":"https:\/\/eltrabajo.cl\/portal\/wp-json\/wp\/v2\/posts\/87083","targetHints":{"allow":["GET"]}}],"collection":[{"href":"https:\/\/eltrabajo.cl\/portal\/wp-json\/wp\/v2\/posts"}],"about":[{"href":"https:\/\/eltrabajo.cl\/portal\/wp-json\/wp\/v2\/types\/post"}],"author":[{"embeddable":true,"href":"https:\/\/eltrabajo.cl\/portal\/wp-json\/wp\/v2\/users\/1"}],"replies":[{"embeddable":true,"href":"https:\/\/eltrabajo.cl\/portal\/wp-json\/wp\/v2\/comments?post=87083"}],"version-history":[{"count":0,"href":"https:\/\/eltrabajo.cl\/portal\/wp-json\/wp\/v2\/posts\/87083\/revisions"}],"wp:featuredmedia":[{"embeddable":true,"href":"https:\/\/eltrabajo.cl\/portal\/wp-json\/wp\/v2\/media\/87085"}],"wp:attachment":[{"href":"https:\/\/eltrabajo.cl\/portal\/wp-json\/wp\/v2\/media?parent=87083"}],"wp:term":[{"taxonomy":"category","embeddable":true,"href":"https:\/\/eltrabajo.cl\/portal\/wp-json\/wp\/v2\/categories?post=87083"},{"taxonomy":"post_tag","embeddable":true,"href":"https:\/\/eltrabajo.cl\/portal\/wp-json\/wp\/v2\/tags?post=87083"}],"curies":[{"name":"wp","href":"https:\/\/api.w.org\/{rel}","templated":true}]}}