{"id":87087,"date":"2018-06-28T05:04:11","date_gmt":"2018-06-28T09:04:11","guid":{"rendered":"http:\/\/www.eltrabajo.cl\/2017\/?p=87087"},"modified":"2018-06-28T05:04:11","modified_gmt":"2018-06-28T09:04:11","slug":"delincuentes-roban-en-servicio-tecnico-y-huyen-con-5-millones-de-pesos","status":"publish","type":"post","link":"https:\/\/eltrabajo.cl\/portal\/delincuentes-roban-en-servicio-tecnico-y-huyen-con-5-millones-de-pesos\/","title":{"rendered":"Delincuentes roban en servicio t\u00e9cnico y huyen con 5 millones de pesos"},"content":{"rendered":"<figure id=\"attachment_87088\" aria-describedby=\"caption-attachment-87088\" style=\"width: 578px\" class=\"wp-caption alignnone\"><img data-recalc-dims=\"1\" loading=\"lazy\" decoding=\"async\" class=\"size-full wp-image-87088\" src=\"https:\/\/i0.wp.com\/www.eltrabajo.cl\/portal\/wp-content\/uploads\/2018\/06\/robo-Forado.jpg?resize=578%2C347\" alt=\"Por este forado en el cielo se supone que ingresaron los delincuentes.\" width=\"578\" height=\"347\" srcset=\"https:\/\/i0.wp.com\/eltrabajo.cl\/portal\/wp-content\/uploads\/2018\/06\/robo-Forado.jpg?w=578&amp;ssl=1 578w, https:\/\/i0.wp.com\/eltrabajo.cl\/portal\/wp-content\/uploads\/2018\/06\/robo-Forado.jpg?resize=200%2C120&amp;ssl=1 200w, https:\/\/i0.wp.com\/eltrabajo.cl\/portal\/wp-content\/uploads\/2018\/06\/robo-Forado.jpg?resize=300%2C180&amp;ssl=1 300w, https:\/\/i0.wp.com\/eltrabajo.cl\/portal\/wp-content\/uploads\/2018\/06\/robo-Forado.jpg?resize=250%2C150&amp;ssl=1 250w, https:\/\/i0.wp.com\/eltrabajo.cl\/portal\/wp-content\/uploads\/2018\/06\/robo-Forado.jpg?resize=400%2C240&amp;ssl=1 400w\" sizes=\"auto, (max-width: 578px) 100vw, 578px\" \/><figcaption id=\"caption-attachment-87088\" class=\"wp-caption-text\">Por este forado en el cielo se supone que ingresaron los delincuentes.<\/figcaption><\/figure>\n<p>Cinco millones de pesos aproximadamente en equipos computacionales y celulares robaron delincuentes desde un servicio t\u00e9cnico ubicado en calle Prat N\u00ba 3 de San Felipe.<br \/>\nEl robo qued\u00f3 al descubierto este martes en la ma\u00f1ana, cuando sus propietarios llegaron a trabajar como todos los d\u00edas.<br \/>\nSeg\u00fan el due\u00f1o del establecimiento, Walter Mestas, de nacionalidad peruana, dijo que para \u00e9l y su familia es un golpe muy duro, teniendo en cuenta que lleva unos cuatros a\u00f1os y en todo este tiempo nunca le hab\u00edan robado, pero desde que cerraron la calle por trabajos fue v\u00edctima de la delincuencia.<br \/>\nPara llevar a cabo su cometido los delincuentes efectuaron un forado en el cielo. \u201cDejaron todo inservible pr\u00e1cticamente, m\u00e1quinas de trabajo, herramientas, equipos de clientes, computadores y son muchas cosas que se perdieron, es lamentable porque uno queda impotente, no haya qu\u00e9 hacer y ah\u00ed quedo\u201d, indic\u00f3 el afectado.<br \/>\n<strong>&#8211; En dinero, \u00bfcu\u00e1nto significa este robo para usted?<\/strong><br \/>\n&#8211; La verdad que estoy haciendo el conteo, pero as\u00ed a groso modo es una suma considerable, estamos hablando entre cuatro a cinco millones de pesos por todo lo que se perdi\u00f3.<br \/>\n<strong>&#8211; Es decir estamos hablando de una suma bastante importante.<\/strong><br \/>\n&#8211; M\u00e1s o menos, s\u00ed, con toda la mercader\u00eda que se llevaron, equipos, m\u00e1quinas que se echaron a perder; en el techo hab\u00eda mucha tierra, obviamente tuvo que caer todo encima y todo lo que estaba abajo se ech\u00f3 a perder.<br \/>\n<strong>&#8211; \u00bfCu\u00e1ndo se dieron cuenta del robo?<\/strong><br \/>\n&#8211; Ayer (martes) en la ma\u00f1ana, cuando nos vinimos a trabajar, fue una sorpresa ver que el candado no estaba y en el interior estaba todo totalmente destruido, adem\u00e1s se llevaron los dos candados que estaban en la puerta, no s\u00e9 con qu\u00e9 objetivo.<br \/>\nIgnora por donde subieron al techo, sin embargo algo que les llam\u00f3 la atenci\u00f3n fue la ubicaci\u00f3n del ba\u00f1o qu\u00edmico que estaba a una cierta distancia el d\u00eda anterior al robo, y ahora se encontraba m\u00e1s cerca de un \u00e1rbol. De todas maneras desconoce como los antisociales alcanzaron el techo donde hicieron un forado para ingresar al local y robar distintas especies.<br \/>\nJunto con lo robado, ahora deber\u00e1 invertir dinero para reparar los da\u00f1os en el cielo: \u201cLa verdad es que estamos realmente desprotegidos, nadie se hace cargo, no viene la empresa que hace el trabajo, cubre las calles, d\u00e1ndole la posibilidad de ocultarse y de hacer lo que quiera pr\u00e1cticamente\u201d, dijo.<br \/>\n<strong>&#8211; \u00bfC\u00f3mo se repone de esta p\u00e9rdida en su negocio?<\/strong><br \/>\n&#8211; Empezar a trabajar, hablar con los clientes y m\u00e1s que todo eso, ahora todav\u00eda no estoy asumiendo esto, tengo que hacer todo un inventario, ver lo que me falta.<br \/>\n<strong>&#8211; \u00bfHizo la denuncia en Carabineros?<\/strong><br \/>\n&#8211; S\u00ed, e incluso yo ten\u00eda una alarma con c\u00e1mara, pero cortaron los cables de Chilquinta completo, por ende la alarma se desactiv\u00f3, no podemos saber qu\u00e9 tipo de personas est\u00e1n haciendo esto, pero saben c\u00f3mo actuar.<br \/>\nVarios locales de esa calle Prat han sido v\u00edctima de robos tiempo atr\u00e1s, seg\u00fan lo indicado por el afectado.<br \/>\nEn ese contexto podemos recordar los dos locales de venta de ropa ubicados por calle Prat, que fueron v\u00edctimas de la delincuencia, lo mismo sucedi\u00f3 con la sede de Cruz Roja ubicada en la misma arteria.<\/p>\n<figure id=\"attachment_87089\" aria-describedby=\"caption-attachment-87089\" style=\"width: 578px\" class=\"wp-caption alignnone\"><img data-recalc-dims=\"1\" loading=\"lazy\" decoding=\"async\" class=\"size-full wp-image-87089\" src=\"https:\/\/i0.wp.com\/www.eltrabajo.cl\/portal\/wp-content\/uploads\/2018\/06\/robo-Local.jpg?resize=578%2C347\" alt=\"Ac\u00e1 se aprecia el local y tambi\u00e9n los trabajos que se est\u00e1n realizando en calle Prat.\" width=\"578\" height=\"347\" srcset=\"https:\/\/i0.wp.com\/eltrabajo.cl\/portal\/wp-content\/uploads\/2018\/06\/robo-Local.jpg?w=578&amp;ssl=1 578w, https:\/\/i0.wp.com\/eltrabajo.cl\/portal\/wp-content\/uploads\/2018\/06\/robo-Local.jpg?resize=200%2C120&amp;ssl=1 200w, https:\/\/i0.wp.com\/eltrabajo.cl\/portal\/wp-content\/uploads\/2018\/06\/robo-Local.jpg?resize=300%2C180&amp;ssl=1 300w, https:\/\/i0.wp.com\/eltrabajo.cl\/portal\/wp-content\/uploads\/2018\/06\/robo-Local.jpg?resize=250%2C150&amp;ssl=1 250w, https:\/\/i0.wp.com\/eltrabajo.cl\/portal\/wp-content\/uploads\/2018\/06\/robo-Local.jpg?resize=400%2C240&amp;ssl=1 400w\" sizes=\"auto, (max-width: 578px) 100vw, 578px\" \/><figcaption id=\"caption-attachment-87089\" class=\"wp-caption-text\">Ac\u00e1 se aprecia el local y tambi\u00e9n los trabajos que se est\u00e1n realizando en calle Prat.<\/figcaption><\/figure>\n<figure id=\"attachment_87090\" aria-describedby=\"caption-attachment-87090\" style=\"width: 579px\" class=\"wp-caption alignnone\"><img data-recalc-dims=\"1\" loading=\"lazy\" decoding=\"async\" class=\"size-full wp-image-87090\" src=\"https:\/\/i0.wp.com\/www.eltrabajo.cl\/portal\/wp-content\/uploads\/2018\/06\/robo-walter-mestas.jpg?resize=579%2C590\" alt=\"Walter Mestas, propietario del servicio t\u00e9cnico.\" width=\"579\" height=\"590\" srcset=\"https:\/\/i0.wp.com\/eltrabajo.cl\/portal\/wp-content\/uploads\/2018\/06\/robo-walter-mestas.jpg?w=579&amp;ssl=1 579w, https:\/\/i0.wp.com\/eltrabajo.cl\/portal\/wp-content\/uploads\/2018\/06\/robo-walter-mestas.jpg?resize=147%2C150&amp;ssl=1 147w, https:\/\/i0.wp.com\/eltrabajo.cl\/portal\/wp-content\/uploads\/2018\/06\/robo-walter-mestas.jpg?resize=294%2C300&amp;ssl=1 294w, https:\/\/i0.wp.com\/eltrabajo.cl\/portal\/wp-content\/uploads\/2018\/06\/robo-walter-mestas.jpg?resize=400%2C408&amp;ssl=1 400w\" sizes=\"auto, (max-width: 579px) 100vw, 579px\" \/><figcaption id=\"caption-attachment-87090\" class=\"wp-caption-text\">Walter Mestas, propietario del servicio t\u00e9cnico.<\/figcaption><\/figure>\n","protected":false},"excerpt":{"rendered":"<p>Cinco millones de pesos aproximadamente en equipos computacionales y celulares robaron delincuentes desde un servicio t\u00e9cnico ubicado en calle Prat N\u00ba 3 de San Felipe. El robo qued\u00f3 al descubierto este martes&#8230;<\/p>\n","protected":false},"author":1,"featured_media":87089,"comment_status":"open","ping_status":"open","sticky":false,"template":"","format":"standard","meta":{"advanced_seo_description":"","jetpack_seo_html_title":"","jetpack_seo_noindex":false,"_jetpack_memberships_contains_paid_content":false,"footnotes":""},"categories":[21],"tags":[],"class_list":["post-87087","post","type-post","status-publish","format-standard","has-post-thumbnail","hentry","category-policial"],"jetpack_featured_media_url":"https:\/\/i0.wp.com\/eltrabajo.cl\/portal\/wp-content\/uploads\/2018\/06\/robo-Local.jpg?fit=578%2C347&ssl=1","jetpack_sharing_enabled":true,"jetpack_likes_enabled":true,"jetpack-related-posts":[],"_links":{"self":[{"href":"https:\/\/eltrabajo.cl\/portal\/wp-json\/wp\/v2\/posts\/87087","targetHints":{"allow":["GET"]}}],"collection":[{"href":"https:\/\/eltrabajo.cl\/portal\/wp-json\/wp\/v2\/posts"}],"about":[{"href":"https:\/\/eltrabajo.cl\/portal\/wp-json\/wp\/v2\/types\/post"}],"author":[{"embeddable":true,"href":"https:\/\/eltrabajo.cl\/portal\/wp-json\/wp\/v2\/users\/1"}],"replies":[{"embeddable":true,"href":"https:\/\/eltrabajo.cl\/portal\/wp-json\/wp\/v2\/comments?post=87087"}],"version-history":[{"count":0,"href":"https:\/\/eltrabajo.cl\/portal\/wp-json\/wp\/v2\/posts\/87087\/revisions"}],"wp:featuredmedia":[{"embeddable":true,"href":"https:\/\/eltrabajo.cl\/portal\/wp-json\/wp\/v2\/media\/87089"}],"wp:attachment":[{"href":"https:\/\/eltrabajo.cl\/portal\/wp-json\/wp\/v2\/media?parent=87087"}],"wp:term":[{"taxonomy":"category","embeddable":true,"href":"https:\/\/eltrabajo.cl\/portal\/wp-json\/wp\/v2\/categories?post=87087"},{"taxonomy":"post_tag","embeddable":true,"href":"https:\/\/eltrabajo.cl\/portal\/wp-json\/wp\/v2\/tags?post=87087"}],"curies":[{"name":"wp","href":"https:\/\/api.w.org\/{rel}","templated":true}]}}